{"id":68452,"date":"2025-10-23T22:06:11","date_gmt":"2025-10-23T22:06:11","guid":{"rendered":"https:\/\/www.europesays.com\/no\/68452\/"},"modified":"2025-10-23T22:06:11","modified_gmt":"2025-10-23T22:06:11","slug":"steinkjer-debatt-dette-sparer-steinkjer-kommune-pa-a-odelegge-enkelte-bygdesamfunn","status":"publish","type":"post","link":"https:\/\/www.europesays.com\/no\/68452\/","title":{"rendered":"Steinkjer, Debatt | Dette sparer Steinkjer kommune p\u00e5 \u00e5 \u00ab\u00f8delegge\u00bb enkelte bygdesamfunn!"},"content":{"rendered":"\n<p><b>Omtrent det <\/b>sto \u00e5 lese i en lokalavis torsdag 16. oktober. V\u00e5r f\u00f8rste tanke: P\u00e5 bekostning av hva?<\/p>\n<p><b>5. november <\/b>i \u00e5r skal de som er valgt til \u00e5 ta vare p\u00e5 innbyggernes ve og vel stemme i skolesaken, der utfallet sannsynligvis vil v\u00e6re den viktigste beslutning siden \u00abBygdenes by\u00bb ble etablert i 1964.<\/p>\n<p><b>En s\u00e5nn <\/b>begivenhet krever at vi som blir ber\u00f8rt, m\u00e5 v\u00e6re sikre p\u00e5 at hver enkelt stemmegiver har satt seg inn i sakens omfang, har forst\u00e5tt alvoret, og hva det kan f\u00f8re til p\u00e5 lengre sikt. Og ikke minst, at du som stemmegiver har gjort deg opp egen mening. Undertegnede vil ikke ha forutsetning til \u00e5 n\u00e5 alle, derfor overlater vi \u00abjobben\u00bb til de tre lokalavisene i omr\u00e5det. Saken er av s\u00e5nn viktighet at pressen b\u00f8r v\u00e6re sitt samfunnsansvar bevisst, og unders\u00f8ke dette. <\/p>\n<p><b>Vi har listet opp 8 punkter vi \u00f8nsker svar p\u00e5.<\/b><\/p>\n<ol>\n<li>Har alle som skal avgi stemme satt seg godt inn i saken? Har de v\u00e6rt i alle bygder og p\u00e5 de skoler det gjelder, og sett hva de eventuelt legger ned? De b\u00f8r ogs\u00e5 foreta den reisen en 5-6-\u00e5ring m\u00e5 foreta med buss hver dag. Og de b\u00f8r v\u00e6re klar over, hvilke f\u00f8lger dette kan f\u00e5 p\u00e5 lang sikt for bygda, hva gjelder n\u00e6rbutikk, barnehage og mere til. Et lite eksempel: Hvis butikken opph\u00f8rer, vil avstanden til n\u00e6rbutikken for \u00d8vre-Kvam, v\u00e6re den samme som om de i sentrum av Steinkjer hadde sin n\u00e6rbutikk p\u00e5 Levanger.<\/li>\n<li>\n<p>Hva skal skje med bygninger og fasiliteter rundt skolebygget? Skal de st\u00e5 og forfalle, eller skal ansvaret for fremtidig vedlikehold og \u00f8vrige kostnader overf\u00f8res til bygdefolket? Er dette med i den \u00f8konomiske oversikten?<\/p>\n<\/li>\n<li>\n<p>Hva med innhold i skolebygget, som innend\u00f8rs skytebane? Her har frivillige i bygda lagt ned utallige timer dugnadsarbeid, i tillegg til penger, i den tro at et nytt skolebygg, innviet i 2012, m\u00e5 v\u00e6re en sikker plass for et slikt anlegg. Og hva med flerbrukshallen i samme bygg? Her samles alle aldersgrupper til en fin blanding av trening og sosialt samv\u00e6r. Hva skal skje med denne?<\/p>\n<\/li>\n<li>\n<p>Ser at de som er tilhengere av store enheter og sentralisering gjemmer seg bak et skjold de kaller \u00abBarnas beste\u00bb. For mange vil dette snues, og bli til \u00abBarnas verste\u00bb. Og det gjelder ikke bare barna, men vil i mange tilfeller g\u00e5 utover hele familien. Flere har p\u00e5pekt at henting i SFO vil gi en ekstra ulempe i en hektisk hverdag. Hvordan tror dere iveren og gleden til en 5- 10 \u00e5ring er, n\u00e5r de skal fortelle om inntrykk fra skoledagen? Eller hva med overskudd til leksearbeid\/fritidsaktiviteter etter over en times busstur hver vei?<\/p>\n<\/li>\n<li>\n<p>Hva med forringelse av verdien p\u00e5 eiendommer? Alle b\u00f8r forst\u00e5 at dette vil f\u00e5 store konsekvenser ved et evt. salg. Og hva med eiendomsskatt? Her m\u00e5 det inn ny taksering, og reduksjon av eiendomsskatten. Er det med i den \u00f8konomiske beregninga? Hvis b\u00e5de eldresenteret og skolen forsvinner, sitter vi igjen med 4 kommuneveier utenom kommunalt vatn.<\/p>\n<\/li>\n<li>\n<p>En kan allerede merke at folk f\u00f8ler avmakt. Dette er en farlig tilstand. Hvordan vil en s\u00e5nn \u00ab\u00f8delegging\u00bb av bygdene virke inn p\u00e5 helsa til folk? En kan late som en tror det g\u00e5r bra, men det er langt fra sikkert.<\/p>\n<\/li>\n<li>\n<p>Den som avgir stemme m\u00e5 som sagt ha gjort seg opp en mening om den langsiktige virkningen av vedtaket. Hvor stor er sjansen for at yngre folk med barn flytter til ei bygd uten skole, og i neste omgang uten butikk? Det gjelder det samme p\u00e5 landsbygda som i byen. Det er mangfoldet av unge, yrkesaktive og eldre som sammen gir et godt livsgrunnlag.<\/p>\n<\/li>\n<li>\n<p>F\u00f8r du avgir stemme: Still deg dette kontrollsp\u00f8rsm\u00e5let: Hva om dette hadde rammet mitt barn, barnebarn eller bygd? Er svaret negativt, b\u00f8r valget v\u00e6re enkelt.<\/p>\n<\/li>\n<\/ol>\n<p><b>Med et<\/b> \u00f8nske om at vi makter \u00e5 st\u00e5 sammen, og enes om at alle i kommunen er like viktige, \u00f8nsker vi:<b> Godt Valg!<\/b><\/p>\n<p>Ps! Innlegget vil v\u00e6re farget av at det er Kvam vi kjenner best til. Men flere av punktene vil v\u00e6re felles sak, antar vi.<\/p>\n","protected":false},"excerpt":{"rendered":"Omtrent det sto \u00e5 lese i en lokalavis torsdag 16. oktober. V\u00e5r f\u00f8rste tanke: P\u00e5 bekostning av hva?&hellip;\n","protected":false},"author":2,"featured_media":68453,"comment_status":"","ping_status":"","sticky":false,"template":"","format":"standard","meta":{"footnotes":""},"categories":[10],"tags":[36,20,21,37,24,25,15,22,23,13,30,28,29,14,1533,16,41,808,984,26,27,1485],"class_list":{"0":"post-68452","1":"post","2":"type-post","3":"status-publish","4":"format-standard","5":"has-post-thumbnail","7":"category-norge","8":"tag-art","9":"tag-breaking-news","10":"tag-breakingnews","11":"tag-debatt","12":"tag-featured-news","13":"tag-featurednews","14":"tag-headlines","15":"tag-latest-news","16":"tag-latestnews","17":"tag-news","18":"tag-no","19":"tag-norge","20":"tag-norway","21":"tag-nyheter","22":"tag-opinion","23":"tag-overskrifter","24":"tag-politikk","25":"tag-skolenedleggelse","26":"tag-steinkjer","27":"tag-top-stories","28":"tag-topstories","29":"tag-tronderdebatt"},"share_on_mastodon":{"url":"https:\/\/pubeurope.com\/@no\/115425757383839724","error":""},"_links":{"self":[{"href":"https:\/\/www.europesays.com\/no\/wp-json\/wp\/v2\/posts\/68452","targetHints":{"allow":["GET"]}}],"collection":[{"href":"https:\/\/www.europesays.com\/no\/wp-json\/wp\/v2\/posts"}],"about":[{"href":"https:\/\/www.europesays.com\/no\/wp-json\/wp\/v2\/types\/post"}],"author":[{"embeddable":true,"href":"https:\/\/www.europesays.com\/no\/wp-json\/wp\/v2\/users\/2"}],"replies":[{"embeddable":true,"href":"https:\/\/www.europesays.com\/no\/wp-json\/wp\/v2\/comments?post=68452"}],"version-history":[{"count":0,"href":"https:\/\/www.europesays.com\/no\/wp-json\/wp\/v2\/posts\/68452\/revisions"}],"wp:featuredmedia":[{"embeddable":true,"href":"https:\/\/www.europesays.com\/no\/wp-json\/wp\/v2\/media\/68453"}],"wp:attachment":[{"href":"https:\/\/www.europesays.com\/no\/wp-json\/wp\/v2\/media?parent=68452"}],"wp:term":[{"taxonomy":"category","embeddable":true,"href":"https:\/\/www.europesays.com\/no\/wp-json\/wp\/v2\/categories?post=68452"},{"taxonomy":"post_tag","embeddable":true,"href":"https:\/\/www.europesays.com\/no\/wp-json\/wp\/v2\/tags?post=68452"}],"curies":[{"name":"wp","href":"https:\/\/api.w.org\/{rel}","templated":true}]}}