{"id":68625,"date":"2025-10-24T06:22:14","date_gmt":"2025-10-24T06:22:14","guid":{"rendered":"https:\/\/www.europesays.com\/no\/68625\/"},"modified":"2025-10-24T06:22:14","modified_gmt":"2025-10-24T06:22:14","slug":"nottingham-forest-vant-i-forste-forsok-uten-postecoglou-endte-portos-ubeseirede-rekke","status":"publish","type":"post","link":"https:\/\/www.europesays.com\/no\/68625\/","title":{"rendered":"Nottingham Forest vant i f\u00f8rste fors\u00f8k uten Postecoglou \u2013 endte Portos ubeseirede rekke"},"content":{"rendered":"\n<p class=\"_lead_o9xde_2 _lead_xtcu6_50 layout-component text-serif-m layout-normal text-serif-l layout-component layout-wide layout-padded _wide_17hqh_1 layout-padded\">Ange Postecoglou ledet Nottingham Forest i \u00e5tte kamper uten seier f\u00f8r han fikk sparken i helgen. I f\u00f8rste kamp med ny trener ble det 1-0 over ubeseirede Porto.<\/p>\n<ul class=\"_gallery_1qa3s_23\" tabindex=\"0\">\n<li class=\"_item_1qa3s_37\" data-index=\"0\"><img fetchpriority=\"high\" decoding=\"async\" class=\"_image_foru8_23 _introGallery_foru8_43\" data-fullscreen- width=\"3500\" height=\"2334\" itemprop=\"image\" loading=\"eager\"  src=\"https:\/\/www.europesays.com\/no\/wp-content\/uploads\/2025\/10\/4d1ca378-8149-4ea3-8d18-b7ce086baa98\"  style=\"object-position:50% 50%;aspect-ratio:var(--gallery-aspect-ratio, 16 \/ 9)\"\/>Morgan Gibbs-White sendte Nottingham Forest i ledelsen.  Foto: Nick Potts \/ PA via AP \/ NTB<\/li>\n<li class=\"_item_1qa3s_37\" data-index=\"1\"><img decoding=\"async\" class=\"_image_foru8_23 _introGallery_foru8_43\" data-fullscreen- width=\"3500\" height=\"2326\" itemprop=\"image\" loading=\"lazy\"  src=\"https:\/\/www.europesays.com\/no\/wp-content\/uploads\/2025\/10\/855e96c1-a7f5-4309-bb16-530e5b1653b6\"  style=\"object-position:50% 50%;aspect-ratio:var(--gallery-aspect-ratio, 16 \/ 9)\"\/>Sean Dyche fikk en pangstart p\u00e5 karrieren som Nottingham Forest-trener.  Foto: Mike Egerton \/ PA via AP \/ NTB<\/li>\n<\/ul>\n<p>Morgan Gibbs-White sendte Nottingham Forest i ledelsen.  Foto: Nick Potts \/ PA via AP \/ NTB<\/p>\n<ul aria-hidden=\"true\" class=\"_images_18f0k_111\">\n<li><a class=\"_link_18f0k_116\" href=\"https:\/\/www.vg.no\/forfatter\/ntb\" style=\"z-index:1\" title=\"NTB\" rel=\"nofollow noopener\" target=\"_blank\"><img alt=\"Bilde av NTB\" class=\"_image_18f0k_93\" fetchpriority=\"low\" loading=\"lazy\" decoding=\"async\" itemprop=\"image\"  src=\"https:\/\/www.europesays.com\/no\/wp-content\/uploads\/2025\/10\/1761286934_782_c33980b0-5d07-4027-84a1-813f90a7c8d6\"  width=\"480\"\/><\/a><\/li>\n<\/ul>\n<p> Oppdatert torsdag 23. oktober kl. 23:15     <\/p>\n<p class=\"_paragraph_o9xde_4 _paragraph_xtcu6_10 layout-component text-serif-m layout-normal text-serif-m layout-padded\">Mens Nottingham Forest har slitt, har Porto og klubbens nye trener Francesco Farioli hatt en langt bedre sesongstart.<\/p>\n<p class=\"_paragraph_o9xde_4 _paragraph_xtcu6_10 layout-component text-serif-m layout-normal text-serif-m layout-padded\">Ti seire, en uavgjort og ikke et eneste tap hadde Porto radet opp f\u00f8r torsdagens m\u00f8te med Nottingham Forest og deres nye trener Sean Dyche. Der sa det stopp for Porto.<\/p>\n<p class=\"_paragraph_o9xde_4 _paragraph_xtcu6_10 layout-component text-serif-m layout-normal text-serif-m layout-padded\">Det s\u00f8rget ett straffespark i hver omgang for. Etter 19 minutter var Morgan Gibbs-White sikker fra straffemerket etter at Jan Bednarek hadde handset i eget felt.<\/p>\n<p class=\"_paragraph_o9xde_4 _paragraph_xtcu6_10 layout-component text-serif-m layout-normal text-serif-m layout-padded\">Like etter pause jublet Bednarek for det han trodde var en utligning, men m\u00e5let ble annullert etter at en VAR-sjekk viste at Samuel Omorodion var i offside da han presset fram returen Bednarek scoret p\u00e5.<\/p>\n<p class=\"_paragraph_o9xde_4 _paragraph_xtcu6_10 layout-component text-serif-m layout-normal text-serif-m layout-padded\">VAR kom til unnsetning igjen for Forest med et kvarter igjen av ordin\u00e6r tid. H\u00f8yreback Nicolo Savogna fikk f\u00f8rst gult kort for filming, men etter en VAR-sjekk ble det gjort om til straffespark. Denne gang fikk Igor Jesus sjansen fra krittmerket og \u00f8kte til 2-0.<\/p>\n<p class=\"_paragraph_o9xde_4 _paragraph_xtcu6_10 layout-component text-serif-m layout-normal text-serif-m layout-padded\">Det sikret klubbens f\u00f8rste seier siden serie\u00e5pningen mot Brentford 17. august. Siden har det blitt ti strake kamper uten seier.<\/p>\n<p class=\"_paragraph_o9xde_4 _paragraph_xtcu6_10 layout-component text-serif-m layout-normal text-serif-m layout-padded\">Postecoglu ledet laget i de to f\u00f8rste kampene i europaligaen denne sesongen. Det endte med 2-2 mot Real Betis og et flaut 2-3-tap mot Midtjylland.<\/p>\n<p class=\"_paragraph_o9xde_4 _paragraph_xtcu6_10 layout-component text-serif-m layout-normal text-serif-m layout-padded\">Kort tid etter helgens 0-3-tap mot Chelsea kom beskjeden om at Postecoglou hadde f\u00e5tt sparken etter bare 39 dager i sjefsstolen. N\u00e5 har Sean Dyche f\u00e5tt en perfekt start som hans erstatter.<\/p>\n","protected":false},"excerpt":{"rendered":"Ange Postecoglou ledet Nottingham Forest i \u00e5tte kamper uten seier f\u00f8r han fikk sparken i helgen. I f\u00f8rste&hellip;\n","protected":false},"author":2,"featured_media":68626,"comment_status":"","ping_status":"","sticky":false,"template":"","format":"standard","meta":{"footnotes":""},"categories":[59],"tags":[85,30,28,29,2894,83,82],"class_list":{"0":"post-68625","1":"post","2":"type-post","3":"status-publish","4":"format-standard","5":"has-post-thumbnail","7":"category-sport","8":"tag-europa-conference-league","9":"tag-no","10":"tag-norge","11":"tag-norway","12":"tag-nottingham-forest-fc","13":"tag-sport","14":"tag-sports"},"share_on_mastodon":{"url":"https:\/\/pubeurope.com\/@no\/115427707772645075","error":""},"_links":{"self":[{"href":"https:\/\/www.europesays.com\/no\/wp-json\/wp\/v2\/posts\/68625","targetHints":{"allow":["GET"]}}],"collection":[{"href":"https:\/\/www.europesays.com\/no\/wp-json\/wp\/v2\/posts"}],"about":[{"href":"https:\/\/www.europesays.com\/no\/wp-json\/wp\/v2\/types\/post"}],"author":[{"embeddable":true,"href":"https:\/\/www.europesays.com\/no\/wp-json\/wp\/v2\/users\/2"}],"replies":[{"embeddable":true,"href":"https:\/\/www.europesays.com\/no\/wp-json\/wp\/v2\/comments?post=68625"}],"version-history":[{"count":0,"href":"https:\/\/www.europesays.com\/no\/wp-json\/wp\/v2\/posts\/68625\/revisions"}],"wp:featuredmedia":[{"embeddable":true,"href":"https:\/\/www.europesays.com\/no\/wp-json\/wp\/v2\/media\/68626"}],"wp:attachment":[{"href":"https:\/\/www.europesays.com\/no\/wp-json\/wp\/v2\/media?parent=68625"}],"wp:term":[{"taxonomy":"category","embeddable":true,"href":"https:\/\/www.europesays.com\/no\/wp-json\/wp\/v2\/categories?post=68625"},{"taxonomy":"post_tag","embeddable":true,"href":"https:\/\/www.europesays.com\/no\/wp-json\/wp\/v2\/tags?post=68625"}],"curies":[{"name":"wp","href":"https:\/\/api.w.org\/{rel}","templated":true}]}}