{"id":68659,"date":"2025-10-24T07:23:09","date_gmt":"2025-10-24T07:23:09","guid":{"rendered":"https:\/\/www.europesays.com\/no\/68659\/"},"modified":"2025-10-24T07:23:09","modified_gmt":"2025-10-24T07:23:09","slug":"kommer-til-oslo-i-2026","status":"publish","type":"post","link":"https:\/\/www.europesays.com\/no\/68659\/","title":{"rendered":"Kommer til Oslo i 2026"},"content":{"rendered":"\n<p class=\"_lead_o9xde_2 _lead_xtcu6_50 layout-component text-serif-m layout-normal text-serif-l layout-component layout-wide layout-padded _wide_17hqh_1 layout-padded\">Boybandet kommer til Oslo under sin jubileumsturn\u00e9.<\/p>\n<p><img alt=\"Her gj\u00f8r Westlife seg klare f\u00f8r en konsert i Oslo i 2002. Ikke alle medlemmene er med denne gangen. Foto: Trond Solberg \/ VG\" class=\"_image_qp4xg_65 layout-component layout-wide\" data-fullscreen- data-track-element-type=\"Article image fullscreen\" data-track-name=\"ImageFullscreen\" fetchpriority=\"high\" decoding=\"sync\" loading=\"eager\" height=\"1648\" itemprop=\"image\"  src=\"https:\/\/www.europesays.com\/no\/wp-content\/uploads\/2025\/10\/604332fc-97b7-4d73-a61b-e5f1b7f585e0\"  style=\"object-position:44.86607142857143% 38.228155339805824%\" width=\"2464\"\/>Her gj\u00f8r Westlife seg klare f\u00f8r en konsert i Oslo i 2002. Ikke alle medlemmene er med denne gangen. Foto: Trond Solberg \/ VG<\/p>\n<ul aria-hidden=\"true\" class=\"_images_18f0k_111\">\n<li><a class=\"_link_18f0k_116\" href=\"https:\/\/www.vg.no\/forfatter\/bastian-lunde-hvitmyhr\" style=\"z-index:1\" title=\"Bastian Lunde Hvitmyhr\" rel=\"nofollow noopener\" target=\"_blank\"><img alt=\"Bilde av Bastian Lunde Hvitmyhr\" class=\"_image_18f0k_93\" fetchpriority=\"low\" loading=\"lazy\" decoding=\"async\" itemprop=\"image\"  src=\"https:\/\/www.europesays.com\/no\/wp-content\/uploads\/2025\/10\/1761290588_712_150baf2c-85af-47f9-b506-d8189e6820a4\"  width=\"480\"\/><\/a><\/li>\n<\/ul>\n<p> Oppdatert fredag 24. oktober kl. 09:00     <\/p>\n<p class=\"_paragraph_o9xde_4 _paragraph_xtcu6_10 layout-component text-serif-m layout-normal text-serif-m layout-padded\"><a href=\"https:\/\/www.vg.no\/tag\/westlife?utm_source=vg-article&amp;utm_medium=auto-tagger&amp;utm_campaign=pPJWeR\" class=\"_link_o9xde_39\" rel=\"nofollow noopener\" target=\"_blank\">Westlife<\/a> legger ut p\u00e5 sin f\u00f8rste store europaturn\u00e9 p\u00e5 over 20 \u00e5r.<\/p>\n<p class=\"_paragraph_o9xde_4 _paragraph_xtcu6_10 layout-component text-serif-m layout-normal text-serif-m layout-padded\">Den irske gruppen feirer 25-\u00e5rsjubileum, og gj\u00f8r et stopp i Oslo Spektrum 19. november 2026 for \u00e5 vise nordmenn showet \u00abWestlife 25: The Anniversary World Tour\u00bb.<\/p>\n<p class=\"_paragraph_o9xde_4 _paragraph_xtcu6_10 layout-component text-serif-m layout-normal text-serif-m layout-padded\">Det melder arrang\u00f8r All Things Live til VG.<\/p>\n<p class=\"_paragraph_o9xde_4 _paragraph_xtcu6_10 layout-component text-serif-m layout-normal text-serif-m layout-padded\"><strong class=\"_strong_o9xde_25\">Showet skal v\u00e6re spekket med hits fra hele bandets karriere. Blant annet l\u00e5ter som \u00abYou Raise Me Up\u00bb,\u202f\u00abUptown Girl\u00bb og\u202f \u00abFlying Without Wings\u00bb.<\/strong><\/p>\n<p class=\"_paragraph_o9xde_4 _paragraph_xtcu6_10 layout-component text-serif-m layout-normal text-serif-m layout-padded\">F\u00f8rstnevnte er skrevet av norske Rolf L\u00f8vland. L\u00e5ten ble blant annet fremf\u00f8rt av Westlife i Norge da de kom for \u00e5 opptre p\u00e5 fredspriskonserten i 2009, da Barack Obama fikk Nobels fredspris.<\/p>\n<p><img alt=\"Her er alle gruppens medlemmer i 2000, helt i starten av karrieren, da Kim Dae-jung fikk fredsprisen.  Foto: Paul Paiewonsky \/ VG\" class=\"_image_qp4xg_65 layout-component layout-normal\" data-fullscreen- data-track-element-type=\"Article image fullscreen\" data-track-name=\"ImageFullscreen\" decoding=\"async\" loading=\"lazy\" height=\"2048\" itemprop=\"image\"  src=\"https:\/\/www.europesays.com\/no\/wp-content\/uploads\/2025\/10\/8983eb89-40ea-4198-a0b2-d2d984199235\"  style=\"object-position:45.10091145833333% 42.578125%\" width=\"3072\"\/>Her er alle gruppens medlemmer i 2000, helt i starten av karrieren, da Kim Dae-jung fikk fredsprisen.  Foto: Paul Paiewonsky \/ VG<\/p>\n<p class=\"_paragraph_o9xde_4 _paragraph_xtcu6_10 layout-component text-serif-m layout-normal text-serif-m layout-padded\"><strong class=\"_strong_o9xde_25\">Etter stor suksess i starten av 2000-tallet splittet gruppen opp i 2012. For rundt seks \u00e5r siden ble de gjenforent. <\/strong><\/p>\n<p class=\"_paragraph_o9xde_4 _paragraph_xtcu6_10 layout-component text-serif-m layout-normal text-serif-m layout-padded\">Siden gjenforeningen har bandet spilt over 200 konserter i 30 land. <\/p>\n<p class=\"_paragraph_o9xde_4 _paragraph_xtcu6_10 layout-component text-serif-m layout-normal text-serif-m layout-padded\">Her er noen tilbakeblikk fra Westlifes tidligere bes\u00f8k i Norge:<\/p>\n<p>2001: McFadden viser VG to nye tatoveringer p\u00e5 korsryggen f\u00f8r en konsert i Oslo. Han fortalte at det er de kinesiske tegnene for kj\u00e6rlighet og \u00e6rlighet. Foto: Janne M\u00f8ller-Hansen \/ VG<\/p>\n<p class=\"_paragraph_o9xde_4 _paragraph_xtcu6_10 layout-component text-serif-m layout-normal text-serif-m layout-padded\">I starten besto Westlife av Nicky Byrne, Shane Filan, Kian Egan, Mark Feehily og Brian McFadden.<\/p>\n<p class=\"_paragraph_o9xde_4 _paragraph_xtcu6_10 layout-component text-serif-m layout-normal text-serif-m layout-padded\">Sistnevnte droppet ut i 2004. Etter gjenforeningen har Feehily tatt en pause, dermed er det disse som n\u00e5 dukker opp i Norge: Nicky Byrne,\u00a0Shane Filan og Kian Egan.<\/p>\n<p class=\"_paragraph_o9xde_4 _paragraph_xtcu6_10 layout-component text-serif-m layout-normal text-serif-m layout-padded\">Her er et tilbakeblikk da Westlife var i Norge i 2007: <\/p>\n<p class=\"_paragraph_o9xde_4 _paragraph_xtcu6_10 layout-component text-serif-m layout-normal text-serif-m layout-padded\">\u2013 Det f\u00f8les fortsatt bare som begynnelsen, sier medlemmene i en uttalelse.<\/p>\n<p class=\"_paragraph_o9xde_4 _paragraph_xtcu6_10 layout-component text-serif-m layout-normal text-serif-m layout-padded\"><strong class=\"_strong_o9xde_25\">\u2013 St\u00f8tten fra fansen har v\u00e6rt helt utrolig, og det f\u00f8les s\u00e5 godt \u00e5 feire med denne verdensturneen, ny musikk og et splitter nytt album, fortsetter bandet.<\/strong><\/p>\n<p class=\"_paragraph_o9xde_4 _paragraph_xtcu6_10 layout-component text-serif-m layout-normal text-serif-m layout-padded\">Billettene slippes neste uke.<\/p>\n<p class=\"_paragraph_o9xde_4 _paragraph_xtcu6_10 layout-component text-serif-m layout-normal layout-padded\"><strong class=\"_strong_o9xde_25\">Les ogs\u00e5:<\/strong> <a href=\"https:\/\/www.vg.no\/i\/4de2aq\" data-track-element-type=\"Link\" data-track-id=\"link:4de2aq\" class=\"_link_o9xde_39\" rel=\"nofollow noopener\" target=\"_blank\">Westlife bekrefter comeback<\/a><\/p>\n<p class=\"_paragraph_o9xde_4 _paragraph_xtcu6_10 layout-component text-serif-m layout-normal text-serif-m layout-padded\">Nyheten om turneen kommer etter to utsolgte konserter i Londons Royal Albert Hall neste uke, der flere ekstrakonserter allerede er lagt ut.<\/p>\n<p class=\"_paragraph_o9xde_4 _paragraph_xtcu6_10 layout-component text-serif-m layout-normal text-serif-m layout-padded\">Westlife er en av tidenes mest suksessrike popgrupper. De har solgt over 55 millioner plater.<\/p>\n<p class=\"_paragraph_o9xde_4 _paragraph_xtcu6_10 layout-component text-serif-m layout-normal text-serif-m layout-padded\">For over 20 \u00e5r siden skrev VG at bandet hadde historisk suksess, etter at bandets syv f\u00f8rste singler<a href=\"https:\/\/www.vg.no\/rampelys\/i\/e112G9\/historisk-suksess\" data-track-element-type=\"Link\" data-track-id=\"link:e112G9\" class=\"_link_o9xde_39\" rel=\"nofollow noopener\" target=\"_blank\"> umiddelbart toppet hitlistene i England.<\/a><\/p>\n<p class=\"_paragraph_o9xde_4 _paragraph_xtcu6_10 layout-component text-serif-m layout-normal text-serif-m layout-padded\">I anledning jubileet slipper Westlife ogs\u00e5 den nye singelen \u00abChariot\u00bb, skrevet av Ed Sheeran. L\u00e5ten havner p\u00e5 det kommende albumet \u00ab25 \u2013 The Ultimate Collection\u00bb, som slippes neste \u00e5r.<\/p>\n","protected":false},"excerpt":{"rendered":"Boybandet kommer til Oslo under sin jubileumsturn\u00e9. Her gj\u00f8r Westlife seg klare f\u00f8r en konsert i Oslo i&hellip;\n","protected":false},"author":2,"featured_media":68660,"comment_status":"","ping_status":"","sticky":false,"template":"","format":"standard","meta":{"footnotes":""},"categories":[58],"tags":[71,155,30,28,29,636,9709,72,9708],"class_list":{"0":"post-68659","1":"post","2":"type-post","3":"status-publish","4":"format-standard","5":"has-post-thumbnail","7":"category-underholdning","8":"tag-entertainment","9":"tag-konsert","10":"tag-no","11":"tag-norge","12":"tag-norway","13":"tag-oslo","14":"tag-oslo-spektrum","15":"tag-underholdning","16":"tag-westlife"},"share_on_mastodon":{"url":"https:\/\/pubeurope.com\/@no\/115427947742984674","error":""},"_links":{"self":[{"href":"https:\/\/www.europesays.com\/no\/wp-json\/wp\/v2\/posts\/68659","targetHints":{"allow":["GET"]}}],"collection":[{"href":"https:\/\/www.europesays.com\/no\/wp-json\/wp\/v2\/posts"}],"about":[{"href":"https:\/\/www.europesays.com\/no\/wp-json\/wp\/v2\/types\/post"}],"author":[{"embeddable":true,"href":"https:\/\/www.europesays.com\/no\/wp-json\/wp\/v2\/users\/2"}],"replies":[{"embeddable":true,"href":"https:\/\/www.europesays.com\/no\/wp-json\/wp\/v2\/comments?post=68659"}],"version-history":[{"count":0,"href":"https:\/\/www.europesays.com\/no\/wp-json\/wp\/v2\/posts\/68659\/revisions"}],"wp:featuredmedia":[{"embeddable":true,"href":"https:\/\/www.europesays.com\/no\/wp-json\/wp\/v2\/media\/68660"}],"wp:attachment":[{"href":"https:\/\/www.europesays.com\/no\/wp-json\/wp\/v2\/media?parent=68659"}],"wp:term":[{"taxonomy":"category","embeddable":true,"href":"https:\/\/www.europesays.com\/no\/wp-json\/wp\/v2\/categories?post=68659"},{"taxonomy":"post_tag","embeddable":true,"href":"https:\/\/www.europesays.com\/no\/wp-json\/wp\/v2\/tags?post=68659"}],"curies":[{"name":"wp","href":"https:\/\/api.w.org\/{rel}","templated":true}]}}