{"id":68687,"date":"2025-10-24T07:55:12","date_gmt":"2025-10-24T07:55:12","guid":{"rendered":"https:\/\/www.europesays.com\/no\/68687\/"},"modified":"2025-10-24T07:55:12","modified_gmt":"2025-10-24T07:55:12","slug":"tung-lovet-bredbandsstotte-tillitsbrudd-sier-fylkesrad-na-digi-no","status":"publish","type":"post","link":"https:\/\/www.europesays.com\/no\/68687\/","title":{"rendered":"Tung lovet bredb\u00e5ndsst\u00f8tte. \u2013 Tillitsbrudd, sier fylkesr\u00e5d n\u00e5 &#8211; Digi.no"},"content":{"rendered":"<ol>\n<li><a href=\"https:\/\/news.google.com\/rss\/articles\/CBMiekFVX3lxTFBFX19UVkhXOVBOTHlkMk9YLWZZZ1RiMXZMREQyQVlUS3gzX3FUOGE3RV9lMm1UTUY0bDJvb3hBWGhEd1ljM01UTk5zZzBLTnk5TzB0b0NIRmhmcmh4TUp5QjNRd213YXNydFZCQ3pZcTRtcE5ZZTh1V0RR?oc=5\" target=\"_blank\" rel=\"nofollow noopener\">Tung lovet bredb\u00e5ndsst\u00f8tte. \u2013 Tillitsbrudd, sier fylkesr\u00e5d n\u00e5<\/a>&nbsp;&nbsp;Digi.no<\/li>\n<li><a href=\"https:\/\/news.google.com\/rss\/articles\/CBMikgFBVV95cUxNWVludE5ic2JWWEx5cGdENjZIXzd0Q054WmtpRWhXVG9QUy1zMWZ5V3A0WG9OMHE1cEF6Und6QUNPR3hhR2hYMVljOE1JZ3JZMElERzZlSkxESjAtV25ZWUFrcGJlTDd4MWkyNVZKNXRaTEN6YVNRcy1UdkstYTVaTHlHenY0Mm5KVFFZV3UxU0RWZw?oc=5\" target=\"_blank\" rel=\"nofollow noopener\">Di\u00ad\u00adgi\u00ad\u00adtal be\u00adred\u00ad\u00adskap m\u00e5 opp i for\u00adsvars\u00ad\u00adklas\u00ad\u00adsen<\/a>&nbsp;&nbsp;NITO<\/li>\n<li><a href=\"https:\/\/news.google.com\/rss\/articles\/CBMiakFVX3lxTE9nZTFtN2NTTllfamg0NXltQlJYeWJ5dHJ6T1F0cFpONWpQNGpiVnljU1dZaXhXbTVnU0kwMU42OHpzWTBhMlRxcWhBVUc4SlhIMlBrS294NmpoZDBwRXdvYXh0V0JWSzhNOHc?oc=5\" target=\"_blank\" rel=\"nofollow noopener\">\u00ab\u00c5 sikre trygghet og frihet for folk er den viktigste oppgaven vi har\u00bb<\/a>&nbsp;&nbsp;ht.no<\/li>\n<li><a href=\"https:\/\/news.google.com\/rss\/articles\/CBMiwAFBVV95cUxQTFozbFI4QURXbmNZNjJsNVhlYUw5VndPQS1iUG5vdTh1ai1RSDY5OHMxZ0pFNnhTY0NXQWI4bUF0QXp0Nm4ySFdhUW9yNTZKLWkxbU9XaE01cnFIYVl4OGZaR2RDQzljNjlVazRDRjFLMUdKV3NJb0YtSmlPSDh4WEt5ZlFpMFNHazBrS2Znd002bTNXeVdidG1IQ0FLekNOOGZxb0k1M3luT01jZ01iSjZndTA0a2tKbXFBODcxT3Y?oc=5\" target=\"_blank\" rel=\"nofollow noopener\">Satser stort p\u00e5 digitalisering i staten p\u00e5 bekostning av n\u00e6ringsliv og kommuner<\/a>&nbsp;&nbsp;Altinget.no<\/li>\n<li><a href=\"https:\/\/news.google.com\/rss\/articles\/CBMiywFBVV95cUxQQ1lHWndQRTBFT2RLMXFjV013MnFEZUlKYnI4QkFEa2pWWW1jYTFzQ1pzSy02X3UyQXUtVVpLRFFpVER6SDAycG9OVVVfOThXTEJVODlEQllLMS0wRWtueWJxa3Z1dkZvN0dOQktYY0o5eXBHU191M2J4Y1RBaW9sdC1ZcGlzYnktU1VLMl93bjJXRmtnY2NIVlQxaFdzV2tHNW9QbVFTU1NWanhzdWhJdmE1LTJFZ1JpLWxqTEZYbjRtUFUxSGFnWl9SMA?oc=5\" target=\"_blank\" rel=\"nofollow noopener\">Bra med milliarder til kunstig intelligens i helse, men for lite trykk p\u00e5 resten av teknologisatsingen.<\/a>&nbsp;&nbsp;teknorge.no<\/li>\n<\/ol>\n","protected":false},"excerpt":{"rendered":"Tung lovet bredb\u00e5ndsst\u00f8tte. \u2013 Tillitsbrudd, sier fylkesr\u00e5d n\u00e5&nbsp;&nbsp;Digi.no Di\u00ad\u00adgi\u00ad\u00adtal be\u00adred\u00ad\u00adskap m\u00e5 opp i for\u00adsvars\u00ad\u00adklas\u00ad\u00adsen&nbsp;&nbsp;NITO \u00ab\u00c5 sikre trygghet og&hellip;\n","protected":false},"author":2,"featured_media":68688,"comment_status":"","ping_status":"","sticky":false,"template":"","format":"standard","meta":{"footnotes":""},"categories":[10],"tags":[1171,20,21,9712,24,25,15,3526,22,23,13,30,28,29,14,16,1376,26,27],"class_list":{"0":"post-68687","1":"post","2":"type-post","3":"status-publish","4":"format-standard","5":"has-post-thumbnail","7":"category-norge","8":"tag-arendalsuka","9":"tag-breaking-news","10":"tag-breakingnews","11":"tag-bredbandsstotte","12":"tag-featured-news","13":"tag-featurednews","14":"tag-headlines","15":"tag-karianne-tung","16":"tag-latest-news","17":"tag-latestnews","18":"tag-news","19":"tag-no","20":"tag-norge","21":"tag-norway","22":"tag-nyheter","23":"tag-overskrifter","24":"tag-telekom","25":"tag-top-stories","26":"tag-topstories"},"share_on_mastodon":{"url":"https:\/\/pubeurope.com\/@no\/115428073323920940","error":""},"_links":{"self":[{"href":"https:\/\/www.europesays.com\/no\/wp-json\/wp\/v2\/posts\/68687","targetHints":{"allow":["GET"]}}],"collection":[{"href":"https:\/\/www.europesays.com\/no\/wp-json\/wp\/v2\/posts"}],"about":[{"href":"https:\/\/www.europesays.com\/no\/wp-json\/wp\/v2\/types\/post"}],"author":[{"embeddable":true,"href":"https:\/\/www.europesays.com\/no\/wp-json\/wp\/v2\/users\/2"}],"replies":[{"embeddable":true,"href":"https:\/\/www.europesays.com\/no\/wp-json\/wp\/v2\/comments?post=68687"}],"version-history":[{"count":0,"href":"https:\/\/www.europesays.com\/no\/wp-json\/wp\/v2\/posts\/68687\/revisions"}],"wp:featuredmedia":[{"embeddable":true,"href":"https:\/\/www.europesays.com\/no\/wp-json\/wp\/v2\/media\/68688"}],"wp:attachment":[{"href":"https:\/\/www.europesays.com\/no\/wp-json\/wp\/v2\/media?parent=68687"}],"wp:term":[{"taxonomy":"category","embeddable":true,"href":"https:\/\/www.europesays.com\/no\/wp-json\/wp\/v2\/categories?post=68687"},{"taxonomy":"post_tag","embeddable":true,"href":"https:\/\/www.europesays.com\/no\/wp-json\/wp\/v2\/tags?post=68687"}],"curies":[{"name":"wp","href":"https:\/\/api.w.org\/{rel}","templated":true}]}}