{"id":68713,"date":"2025-10-24T08:30:14","date_gmt":"2025-10-24T08:30:14","guid":{"rendered":"https:\/\/www.europesays.com\/no\/68713\/"},"modified":"2025-10-24T08:30:14","modified_gmt":"2025-10-24T08:30:14","slug":"sondre-lerche-lars-vaular-sondre-lerche-og-lars-vaular-klar-med-ny-lat-deilig-a-gjore-noe-du-ikke-baerer-alene","status":"publish","type":"post","link":"https:\/\/www.europesays.com\/no\/68713\/","title":{"rendered":"Sondre Lerche, Lars Vaular | Sondre Lerche og Lars Vaular klar med ny l\u00e5t: \u2013 Deilig \u00e5 gj\u00f8re noe du ikke b\u00e6rer alene"},"content":{"rendered":"\n<p>N\u00e5 melder de to fetterne fra Bergen, store stjerner p\u00e5 hvert sitt felt, seg med et nytt l\u00e5tsamarbeid. Resultatet er blitt det plateselskapet kaller en \u00abmeget hektende banger\u00bb \u2013 kalt \u00abLer meg i hjel\u00bb.<\/p>\n<p>\u2013 N\u00e5 er vi en duo med to l\u00e5ter, fastsl\u00e5r Vaular, mens Lerche p\u00e5peker:<\/p>\n<p>\u2013 Vi har doblet diskografien n\u00e5!<\/p>\n<p>Befriende<\/p>\n<p>\u2013 I den alderen vi er kommet i, der vi begynner \u00e5 f\u00f8le at vi ikke kommer til \u00e5 leve evig, f\u00f8les 13 \u00e5r som om vi heretter m\u00e5 speede opp litt, konstaterer Sondre Lerche (43).<\/p>\n<p>   <img decoding=\"async\" width=\"749\" height=\"1123\" fetchpriority=\"low\"  loading=\"lazy\"  src=\"https:\/\/www.europesays.com\/no\/wp-content\/uploads\/2025\/10\/BA43094.jpg\" alt=\"\" class=\"brick-c-cFOWSL\" style=\"--brick-image-ratio: 749 \/ 1123;\"\/><\/p>\n<p>      Sondre Lerche og Lars Vaular i 2012.<br \/>\n      Foto: Kristine Jakobsen (arkiv)\n    <\/p>\n<p>\u2013 Dette er g\u00f8y, legger han til mens den to \u00e5r yngre Vaular \u2013 som i en <a href=\"https:\/\/www.facebook.com\/reel\/793566046897665\" rel=\"noopener nofollow\" target=\"_blank\">podkast <\/a>har sp\u00f8kt om at \u00abalbumet kommer om 35 \u00e5r\u00bb \u2013 nikker seg enig og tilf\u00f8yer:<\/p>\n<p>\u2013 Det er befriende \u00e5 lage musikk med en du stoler p\u00e5, og som okkuperer et rom du ikke ville turt g\u00e5 inn i alene.<\/p>\n<p>Tvilte<\/p>\n<p>Sondre Lerche hadde \u00abaldri skrevet en l\u00e5t sammen med et annet menneske\u00bb da de to laget <a href=\"https:\/\/www.youtube.com\/watch?v=Npo7r6ut5mM\" rel=\"noopener nofollow\" target=\"_blank\">\u00ab <\/a><a href=\"https:\/\/www.youtube.com\/watch?v=Npo7r6ut5mM\" rel=\"noopener nofollow\" target=\"_blank\">\u00d8ynene lukket<\/a> \u00bb i 2012.<\/p>\n<p>\u2013 Nytt var det ogs\u00e5 \u00e5 uttrykke seg p\u00e5 norsk. Og p\u00e5 bergensk, som jeg syntes var s\u00e5 vanskelig. Men da jeg s\u00e5 det Lars begynte \u00e5 gj\u00f8re p\u00e5 bergensk p\u00e5 den tiden, forandret det alt. Jeg begynte \u00e5 tvile \u2013 det var mitt \u00abDylan g\u00e5r elektrisk\u00bb-\u00f8yeblikk, sier Sondre Lerche.<\/p>\n<p>Selv om han fortsatte \u00e5 uttrykke seg p\u00e5 engelsk, var dette et tvilens \u00f8yeblikk, der han m\u00e5tte tenke p\u00e5 \u00e5rsaken til valget sitt.<\/p>\n<p>\u2013 F\u00f8r var det jo s\u00e5nn at du kommuniserte best med et ungt publikum p\u00e5 engelsk, n\u00e5 er det omvendt, konstaterer Lerche, som i en \u00e5rrekke bodde i USA.<\/p>\n<p>Han skryter av fetteren, som han kaller \u00aben akrobat\u00bb p\u00e5 morsm\u00e5let\u00bb.<\/p>\n<p>  <a href=\"https:\/\/www.ba.no\/5-8-3183971\" class=\"related-teaser has-image default-story-teaser article--c-eRUmMG article--c-eRUmMG-jKCPdD-design-default\" rel=\"nofollow noopener\" target=\"_blank\"><\/p>\n<p>    <img decoding=\"async\" loading=\"lazy\"  src=\"https:\/\/www.europesays.com\/no\/wp-content\/uploads\/2025\/10\/Sklitakling-1.jpg\" alt=\"\" class=\"brick-c-cFOWSL\" style=\"\"\/><\/p>\n<p>\n            Les ogs\u00e5<\/p>\n<p>              Plutselig raknet alle planene: \u2013 Til helvete med 2025!\n        <\/p>\n<p>  <\/a><br \/>\n  Ankeret<\/p>\n<p>De to m\u00f8ttes i studioet hos bergensprodusenten Vetle Junker. Der jobbet de med \u00e5 finne et felles utgangspunkt, \u00abet anker\u00bb, sier Sondre Lerche.<\/p>\n<p>   <img decoding=\"async\" width=\"8256\" height=\"5504\" fetchpriority=\"low\"  loading=\"lazy\"  src=\"https:\/\/www.europesays.com\/no\/wp-content\/uploads\/2025\/10\/EWB_3309.jpg\" alt=\"\" class=\"brick-c-cFOWSL\" style=\"--brick-image-ratio: 8256 \/ 5504;\"\/><\/p>\n<p>      Vetle Junker (t.h.). Her sammen med Matias Tellez.<br \/>\n      Foto: Emil Weatherhead Breistein (arkiv)\n    <\/p>\n<p>Sammen med Junker jobbet han med melodier og akkorder, softrockeren Lerche ville ha \u00ablitt uptempo\u00bb, forklarer han.<\/p>\n<p>Men strever litt med terminologien n\u00e5r han skal forklare den nye l\u00e5tens andre vers \u2013 der de begge tr\u00e5r til.<\/p>\n<p>\u2013 Back to back, sier Lars Vaular hjelpsomt, mens fetteren begynner \u00e5 le og gladelig innr\u00f8mmer:<\/p>\n<p>\u2013 Jeg kan ikke rappe. Men det er en g\u00f8y og uvant m\u00e5te \u00e5 jobbe p\u00e5 for meg, jeg sitter mest back to back med meg selv, smiler han skjevt.<\/p>\n<p>   <img decoding=\"async\" width=\"8166\" height=\"5444\" fetchpriority=\"low\"  loading=\"lazy\"  src=\"https:\/\/www.europesays.com\/no\/wp-content\/uploads\/2025\/10\/NTB_YXa3i9lqkLI.jpg\" alt=\"Oslo 20251022. &#10;Sondre Lerche og Lars Vaular fotografert ved Jernbanetorget i forbindelse med sitt nye samarbeidsprosjekt.&#10;Foto: Fredrik Varfjell \/ NTB\" class=\"brick-c-cFOWSL\" style=\"--brick-image-ratio: 8166 \/ 5444;\"\/><\/p>\n<p>      Sondre Lerche og Lars Vaular erkl\u00e6rer at n\u00e5 er de en duo som har fordoblet diskografien: 13 \u00e5r etter forrige gang de laget l\u00e5t sammen, kommer det en ny.<br \/>\n      Foto: Fredrik Varfjell \/ NTB\n    <\/p>\n<p>  Ordlek<\/p>\n<p>Det ferdige resultatet er en ordlek mellom de musikalske fetterne, som til sammen er oppe i seks Spellemannpriser og 22 nominasjoner attp\u00e5.<\/p>\n<p>\u2013 Det er den morsomste sangen jeg har laget p\u00e5 lenge. Jeg har v\u00e6rt s\u00e5 seri\u00f8s. Dette har hjulpet meg til ikke \u00e5 ta min egen musikk s\u00e5 alvorlig, sier Vaular.<\/p>\n<p>Sondre Lerche p\u00e5 sin side har hatt en riktig s\u00e5 seri\u00f8s jubileumsfeiring for sine 25 \u00e5r som artist. Med dobbeltalbum, storslagen dobbeltkonsert i Operaen og konsertfilm bak seg, syntes han ogs\u00e5 at \u00abdet trengtes noe l\u00f8st og ledig og litt teit\u00bb.<\/p>\n<p>Og \u2013 ikke minst \u2013 noen \u00e5 gj\u00f8re det sammen med.<\/p>\n<p>Tosomhet<\/p>\n<p>\u2013 Det er deilig \u00e5 gj\u00f8re noe du ikke b\u00e6rer alene, n\u00e5 alt st\u00e5r og faller med deg. \u00c5 v\u00e6re en duo gj\u00f8r det morsommere \u00e5 intervjues \u2013 og ikke minst fotograferes, sier Sondre Lerche.<\/p>\n<p>Han hadde fundert rundt ulike ikoniske duoers platecover, som Pet Shop Boys sine, f\u00f8r de landet p\u00e5 sjelfullt stirrende ut av bildekanten med hver sin r\u00f8de lilje i h\u00e5nden.<\/p>\n<p>\u2013 Jeg gleder meg mer til dette enn n\u00e5r jeg gj\u00f8r noe alene. Det er lenge siden det var g\u00f8y \u00e5 posere p\u00e5 bilder. Man har kanskje litt \u00abimpostor syndrome\u00bb, medgir Lars Vaular, og viser til en frykt til \u00e5 bli avsl\u00f8rt som en bedrager.<\/p>\n<p>  <a href=\"https:\/\/www.ba.no\/5-8-3195725\" class=\"related-teaser has-image default-story-teaser article--c-eRUmMG article--c-eRUmMG-jKCPdD-design-default\" rel=\"nofollow noopener\" target=\"_blank\"><\/p>\n<p>    <img decoding=\"async\" loading=\"lazy\"  src=\"https:\/\/www.europesays.com\/no\/wp-content\/uploads\/2025\/10\/BA43754.jpg\" alt=\"\" class=\"brick-c-cFOWSL\" style=\"\"\/><\/p>\n<p>\n            Les ogs\u00e5<\/p>\n<p>              Frode \u00d8verli legger Pondus p\u00e5 hyllen\n        <\/p>\n<p>  <\/a><br \/>\n  Identiteten<\/p>\n<p>Identiteten til begge to er bundet opp til musikk og artistkarriere. Lars Vaular har aldri tenkt p\u00e5 annet, mens Sondre Lerche medgir han n\u00e6rmest \u00aber litt redd\u00bb for hva som st\u00e5r igjen om han ikke er et scenemenneske.<\/p>\n<p>\u2013 V\u00e5r identitet er \u00e5 formidle \u2013 og jakte p\u00e5 det som er verdt \u00e5 formidle.<\/p>\n<p>P\u00e5 sp\u00f8rsm\u00e5l om hva sjansen er til \u00e5 h\u00f8re \u00abLer meg i hjel\u00bb live, svarer de to fetterne at det alltid er en sjanse at en av dem dukker opp hos den andre p\u00e5 konsert.<\/p>\n<p>Det har v\u00e6rt tilfelle med \u00ab\u00d8ynene lukket\u00bb, som albummannen Sondre Lerche hevder er det n\u00e6rmeste han har kommet hitl\u00e5ten han dr\u00f8mmer om:<\/p>\n<p>\u2013 Derfor er det g\u00f8y med en slik l\u00e5t, der folk reagerer med \u00ab\u00e5, den ja\u00bb.<\/p>\n<p>  <a href=\"https:\/\/www.ba.no\/5-8-3194051\" class=\"related-teaser has-image default-feature-teaser article--c-eRUmMG article--c-eRUmMG-jKCPdD-design-default\" rel=\"nofollow noopener\" target=\"_blank\"><\/p>\n<p>    <img decoding=\"async\" loading=\"lazy\"  src=\"https:\/\/www.europesays.com\/no\/wp-content\/uploads\/2025\/10\/Kafe_Spesial_Stamgjester_251018_1775_Foto-LarsKristianSteenFluge.jpg\" alt=\"\" class=\"brick-c-cFOWSL\" style=\"\"\/><\/p>\n<p>\n            Les ogs\u00e5<\/p>\n<p>              Her har Laila og Tor brukt tusenvis av timer og over \u00e9n million kroner\n        <\/p>\n<p>  <\/a><\/p>\n","protected":false},"excerpt":{"rendered":"N\u00e5 melder de to fetterne fra Bergen, store stjerner p\u00e5 hvert sitt felt, seg med et nytt l\u00e5tsamarbeid.&hellip;\n","protected":false},"author":2,"featured_media":68714,"comment_status":"","ping_status":"","sticky":false,"template":"","format":"standard","meta":{"footnotes":""},"categories":[58],"tags":[36,71,9716,9717,30,28,29,9718,1558,9715,1510,72],"class_list":{"0":"post-68713","1":"post","2":"type-post","3":"status-publish","4":"format-standard","5":"has-post-thumbnail","7":"category-underholdning","8":"tag-art","9":"tag-entertainment","10":"tag-lars-vaular","11":"tag-ler-meg-i-hjel","12":"tag-no","13":"tag-norge","14":"tag-norway","15":"tag-oynene-lukket","16":"tag-pulsen","17":"tag-sondre-lerche","18":"tag-story","19":"tag-underholdning"},"share_on_mastodon":{"url":"https:\/\/pubeurope.com\/@no\/115428211100379117","error":""},"_links":{"self":[{"href":"https:\/\/www.europesays.com\/no\/wp-json\/wp\/v2\/posts\/68713","targetHints":{"allow":["GET"]}}],"collection":[{"href":"https:\/\/www.europesays.com\/no\/wp-json\/wp\/v2\/posts"}],"about":[{"href":"https:\/\/www.europesays.com\/no\/wp-json\/wp\/v2\/types\/post"}],"author":[{"embeddable":true,"href":"https:\/\/www.europesays.com\/no\/wp-json\/wp\/v2\/users\/2"}],"replies":[{"embeddable":true,"href":"https:\/\/www.europesays.com\/no\/wp-json\/wp\/v2\/comments?post=68713"}],"version-history":[{"count":0,"href":"https:\/\/www.europesays.com\/no\/wp-json\/wp\/v2\/posts\/68713\/revisions"}],"wp:featuredmedia":[{"embeddable":true,"href":"https:\/\/www.europesays.com\/no\/wp-json\/wp\/v2\/media\/68714"}],"wp:attachment":[{"href":"https:\/\/www.europesays.com\/no\/wp-json\/wp\/v2\/media?parent=68713"}],"wp:term":[{"taxonomy":"category","embeddable":true,"href":"https:\/\/www.europesays.com\/no\/wp-json\/wp\/v2\/categories?post=68713"},{"taxonomy":"post_tag","embeddable":true,"href":"https:\/\/www.europesays.com\/no\/wp-json\/wp\/v2\/tags?post=68713"}],"curies":[{"name":"wp","href":"https:\/\/api.w.org\/{rel}","templated":true}]}}