{"id":68715,"date":"2025-10-24T08:33:14","date_gmt":"2025-10-24T08:33:14","guid":{"rendered":"https:\/\/www.europesays.com\/no\/68715\/"},"modified":"2025-10-24T08:33:14","modified_gmt":"2025-10-24T08:33:14","slug":"naeringsliv-klepp-naeringslivsloggen-ny-byggkonsulent-pa-lye","status":"publish","type":"post","link":"https:\/\/www.europesays.com\/no\/68715\/","title":{"rendered":"N\u00e6ringsliv, Klepp | N\u00e6ringslivsloggen: Ny byggkonsulent p\u00e5 Lye"},"content":{"rendered":"<p>  Nyregistreringer<\/p>\n<p><b>INFRANEXT AS<\/b> er nyregistrert i Time kommune med forretningsadresse Tiriltungevegen 2, 4347 LYE. Selskapets form\u00e5l er konsulenttjenester innen bygg- og anleggsbransjen. Kapitalen er satt til 30.000 kroner. \u00d8yvind Granberg er daglig leder og styrets leder, mens Marte Thorsdalen Johnsen er styremedlem. Selskapets \u00e5rsregnskap skal ikke revideres, og signatur kan gis av styrets medlemmer hver for seg, styrets leder alene, eller daglig leder alene.<\/p>\n<p><b>TUDOR AS<\/b> er nyregistrert i Klepp kommune med forretningsadresse K\u00e5senvegen 78, 4341 BRYNE. Selskapets form\u00e5l er investering i verdipapirer og eiendom. Kapitalen er satt til 30.000 kroner. Espen Helland er daglig leder og styrets leder. Selskapets \u00e5rsregnskap skal ikke revideres, og signatur kan gis av styrets leder alene eller daglig leder alene.<\/p>\n<p>Endring av styre, daglig leder, deltakere og signatur<\/p>\n<p>For <b>DEPRO AS<\/b> i Martin Vagles veg 2, 4344 BRYNE, er det registrert endringer i styret. Jostein Hauge, bosatt i Falsens Gate 19, 4307 SANDNES, er n\u00e5 styrets leder. Jarle Gudmestad og Unni Ausen er representanter for de ansatte. Styremedlemmer er ogs\u00e5 Arne Holhjem, Stina Sola Haugland og Renate Tr\u00e5savik. Foretaket er underlagt krav til kj\u00f8nnsrepresentasjon i styret.<\/p>\n<p>For <b>AFAS 160925-06 AS<\/b> i Bregnevegen 3, 4365 N\u00c6RB\u00d8, er Tor Harald Nordvik utnevnt til ny daglig leder. Selskapets signaturregler er ogs\u00e5 endret, slik at daglig leder eller styrets leder hver for seg kan signere.<\/p>\n<p>For <b>BRATTHOLEN SAMDRIFT DA<\/b> i Nordsj\u00f8vegen 1945, 4365 N\u00c6RB\u00d8, er det registrert endringer i deltakerne. Nj\u00e5l N\u00e6rland har en andel p\u00e5 50,5%, mens Torleif N\u00e6rland er d\u00f8d og hadde en andel p\u00e5 49,5%.<\/p>\n<p>For <b>NORSK DYREMAT AS<\/b> i Nylund 3, 4364 SIREV\u00c5G, er det registrert endringer i styret. Einar Risnes, bosatt i Bj\u00f8rn\u00f8ygata 21, 4009 STAVANGER, er n\u00e5 styrets leder. Ove Drange, Hilde Klerck-Nilssen og Britt Signe Granli er styremedlemmer, og Karina Solheim er representant for A-aksjon\u00e6rene. Foretaket er underlagt krav til kj\u00f8nnsrepresentasjon i styret.<\/p>\n<p>For <b>QUICK ENTREPREN\u00d8R AS<\/b> i Austvegen 6, 4341 BRYNE, er det registrert endringer i styret. Daniel Fiskebekk, bosatt i Austvegen 6, 4341 BRYNE, er n\u00e5 styrets leder. Styremedlem Per Kjetil Fiskebekk har fratr\u00e5dt.<\/p>\n<p>Endring av forretningsadresse<\/p>\n<p><b>IGNOS AS<\/b> i Time kommune har endret forretningsadresse til Hetlandsgata 9, 4344 BRYNE.<\/p>\n<p><b>AFAS 160925-06 AS<\/b> i H\u00e5 kommune har endret forretningsadresse fra Kongens gate 51, 8514 NARVIK til Bregnevegen 3, 4365 N\u00c6RB\u00d8.<\/p>\n<p><b>KLEPP ELEKTRO AS<\/b> i Klepp kommune har endret forretningsadresse til J\u00e6rvegen 535B, 4350 KLEPPE.<\/p>\n<p><b>QUICK ENTREPREN\u00d8R AS <\/b>i Klepp kommune har endret forretningsadresse fra c\/o Per Kjetil Fiskebekk Solheimsvegen 13, 4362 VIGRESTAD til Austvegen 6, 4341 BRYNE.<\/p>\n<p>Oppl\u00f8sning<\/p>\n<p><b>ENERGIOPPL\u00c6RING AS<\/b> i Dronning Mauds gate 10, 4345 BRYNE, er meldt oppl\u00f8st. Eventuelle krav eller innsigelser m\u00e5 meldes foretaket ved styrets leder Sigve Bru, Dronning Mauds Gate 10, 4345 BRYNE, innen seks uker.<\/p>\n<p>Sletting<\/p>\n<p><b>BRYNE BILSALG AS<\/b> i Vesthagen 1, 4344 BRYNE, er slettet i Foretaksregisteret.<\/p>\n<p><b>LINK PROSJEKTERING AS<\/b> i Tjemslandsmarka 5, 4360 VARHAUG, er slettet i Foretaksregisteret.<\/p>\n<p>Endring av kapital og vedtektsdato<\/p>\n<p>For <b>NEXT-LEVEL HOLDING AS<\/b> i Hetlandsgata 9, 4344 BRYNE, er kapitalen endret til 45.350 kroner. Vedtektsdatoen er ogs\u00e5 endret til 26.09.2025.<\/p>\n<p>For<b> BRATTHOLEN SAMDRIFT DA<\/b> i Nordsj\u00f8vegen 1945, 4365 N\u00c6RB\u00d8, er vedtektsdatoen endret til 30.12.2024.<\/p>\n<p>Endring av revisor og\/eller revisjonsplikt<\/p>\n<p>For <b>DEPRO AS<\/b> i Martin Vagles veg 2, 4344 BRYNE, er ERGA REVISJON AS, med adresse L\u00f8kkeveien 109, 4007 STAVANGER, registrert som ny revisor.<\/p>\n<p>For <b>JENS GERLACH S\u00d8RENSEN AS<\/b> i Breimyra 8, 4344 BRYNE, er FRYD REVISJON AS, med adresse Orstadbakken 42, 4355 KVERNALAND, registrert som ny revisor.<\/p>\n<p>Fusjon<\/p>\n<p><b>\u00c5RDAL INVEST AS<\/b>, med forretningsadresse Krusemarka 2, 4365 N\u00c6RB\u00d8 i H\u00e5 kommune, har besluttet \u00e5 innfusjonere <b>JAARDAL AS<\/b>, som har samme forretningsadresse. Eventuelle krav eller innsigelser knyttet til fusjonen m\u00e5 meldes foretaket innen seks uker.<\/p>\n","protected":false},"excerpt":{"rendered":"Nyregistreringer INFRANEXT AS er nyregistrert i Time kommune med forretningsadresse Tiriltungevegen 2, 4347 LYE. Selskapets form\u00e5l er konsulenttjenester&hellip;\n","protected":false},"author":2,"featured_media":7544,"comment_status":"","ping_status":"","sticky":false,"template":"","format":"standard","meta":{"footnotes":""},"categories":[56],"tags":[36,60,61,1471,1470,62,1676,30,28,29,1510,1469],"class_list":{"0":"post-68715","1":"post","2":"type-post","3":"status-publish","4":"format-standard","5":"has-post-thumbnail","7":"category-naeringsliv","8":"tag-art","9":"tag-business","10":"tag-economy","11":"tag-ha","12":"tag-klepp","13":"tag-naeringsliv","14":"tag-naeringslivsloggen","15":"tag-no","16":"tag-norge","17":"tag-norway","18":"tag-story","19":"tag-time"},"share_on_mastodon":{"url":"https:\/\/pubeurope.com\/@no\/115428222779532720","error":""},"_links":{"self":[{"href":"https:\/\/www.europesays.com\/no\/wp-json\/wp\/v2\/posts\/68715","targetHints":{"allow":["GET"]}}],"collection":[{"href":"https:\/\/www.europesays.com\/no\/wp-json\/wp\/v2\/posts"}],"about":[{"href":"https:\/\/www.europesays.com\/no\/wp-json\/wp\/v2\/types\/post"}],"author":[{"embeddable":true,"href":"https:\/\/www.europesays.com\/no\/wp-json\/wp\/v2\/users\/2"}],"replies":[{"embeddable":true,"href":"https:\/\/www.europesays.com\/no\/wp-json\/wp\/v2\/comments?post=68715"}],"version-history":[{"count":0,"href":"https:\/\/www.europesays.com\/no\/wp-json\/wp\/v2\/posts\/68715\/revisions"}],"wp:featuredmedia":[{"embeddable":true,"href":"https:\/\/www.europesays.com\/no\/wp-json\/wp\/v2\/media\/7544"}],"wp:attachment":[{"href":"https:\/\/www.europesays.com\/no\/wp-json\/wp\/v2\/media?parent=68715"}],"wp:term":[{"taxonomy":"category","embeddable":true,"href":"https:\/\/www.europesays.com\/no\/wp-json\/wp\/v2\/categories?post=68715"},{"taxonomy":"post_tag","embeddable":true,"href":"https:\/\/www.europesays.com\/no\/wp-json\/wp\/v2\/tags?post=68715"}],"curies":[{"name":"wp","href":"https:\/\/api.w.org\/{rel}","templated":true}]}}