{"id":68716,"date":"2025-10-24T08:35:32","date_gmt":"2025-10-24T08:35:32","guid":{"rendered":"https:\/\/www.europesays.com\/no\/68716\/"},"modified":"2025-10-24T08:35:32","modified_gmt":"2025-10-24T08:35:32","slug":"nokkelen-til-var-framtid","status":"publish","type":"post","link":"https:\/\/www.europesays.com\/no\/68716\/","title":{"rendered":"\u2013 N\u00f8kkelen til v\u00e5r framtid"},"content":{"rendered":"<p><strong>Russlands president Vladimir Putin kunngjorde torsdag at Russland skal satse m\u00e5lrettet p\u00e5 \u00e5 hente tilbake russisktalende fra utlandet som en del av landets nye migrasjonspolitikk for perioden 2026\u20132030. <\/strong><\/p>\n<p>I en <a href=\"https:\/\/youtu.be\/EgtVGTb38fk\" rel=\"nofollow noopener\" target=\"_blank\">direktesendt tale<\/a> la han vekt p\u00e5 at befolkningsvekst, familieverdier og nasjonal suverenitet er avgj\u00f8rende for \u00e5 sikre Russlands fremtid \u2013 og advarte samtidig mot det han kalte Vestens \u00abv\u00e5penisering av migrasjon\u00bb.<\/p>\n<p>Ny migrasjonspolitikk<\/p>\n<p>Den nye Migrasjonspolitiske konseptplanen for 2026\u20132030, som Putin presenterte i Moskva, legger opp til \u00e5 styrke landets demografiske utvikling gjennom familiepolitikk, \u00f8kt f\u00f8dselstall og repatriering av russisktalende som har bosatt seg utenfor landets grenser.<\/p>\n<p>\u2013 V\u00e5r framtid avhenger av \u00e5 \u00f8ke befolkningen i alle russiske folkeslag og hente tilbake russisktalende fra utlandet. De er fundamentet i v\u00e5r stat, sa Putin i talen, som ble sendt direkte p\u00e5 nasjonal TV.<\/p>\n<p>Han understreket at Russland skal m\u00f8te sine demografiske utfordringer ved \u00e5 \u00abutvikle sitt eget potensial\u00bb i stedet for \u00e5 lene seg p\u00e5 arbeidsinnvandring.<\/p>\n<p>Advarte mot Vestens migrasjonspolitikk<\/p>\n<p>Putin rettet hard kritikk mot vestlige land, som han hevdet fors\u00f8ker \u00e5 kompensere for fallende f\u00f8dselstall med \u00abukontrollert og kaotisk migrasjon\u00bb.<\/p>\n<p>\u2013 Mange land i Vesten erstatter sin egen befolkning med fremmede grupper. De ofrer sin identitet, kulturelle egenart og politiske stabilitet, sa presidenten, og anklaget Vesten for \u00e5 bruke migrasjon som et politisk v\u00e5pen.<\/p>\n<p>Han la til at Russland vil g\u00e5 motsatt vei \u2013 ved \u00e5 st\u00f8tte tradisjonelle familier og nasjonale verdier.<br \/>\u2013 V\u00e5r vei er klar: altomfattende st\u00f8tte til familien som grunnlaget for det russiske samfunnet, sa Putin.<\/p>\n<p>To demografiske kriser<\/p>\n<p>I talen viste Putin til de langsiktige f\u00f8lgene av to kraftige demografiske tilbakeslag i moderne russisk historie: tapene under andre verdenskrig og krise\u00e5rene etter Sovjetunionens fall p\u00e5 1990-tallet.<\/p>\n<p>\u2013 Russland, som mange utviklede land, opplever en nedgang i f\u00f8dselstall. Men vi m\u00e5 svare p\u00e5 dette med styrke \u2013 ikke ved \u00e5 importere mennesker, men ved \u00e5 bevare og multiplisere v\u00e5r egen befolkning, sa han.<\/p>\n<p>Familie, tradisjon og suverenitet<\/p>\n<p>Putin slo fast at bevaring av \u00abetnisk og kulturell balanse\u00bb er en del av landets suverenitet og nasjonale sikkerhet. Han beskrev tradisjonelle familieverdier som en samlende kraft i det russiske samfunnet.<\/p>\n<p>\u2013 Kj\u00e6rlighet til barn og troen p\u00e5 familien er verdier som b\u00f8r forene generasjonene. Bare slik kan vi sikre fremtiden for nasjonen, sa han.<\/p>\n<p>Presidenten takket til slutt medlemmene av det russiske demografir\u00e5det og ekspertene som utarbeidet den nye politikken, og uttrykte tillit til at deres arbeid \u00abvil bidra til \u00e5 l\u00f8se de store oppgavene landet st\u00e5r overfor\u00bb.<\/p>\n<p>Et tydelig signal<\/p>\n<p>Putins tale markerte en videref\u00f8ring av Kremls nasjonalkonservative linje, der demografi, familie og kultur l\u00f8ftes fram som kjerneelementer i statens politikk.<br \/>Mens Vesten if\u00f8lge Putin \u00abofrer seg for globalisering og migrasjon\u00bb, skal Russland, sa han, \u00abbygge sin framtid p\u00e5 egne r\u00f8tter og sitt eget folk\u00bb.<\/p>\n","protected":false},"excerpt":{"rendered":"Russlands president Vladimir Putin kunngjorde torsdag at Russland skal satse m\u00e5lrettet p\u00e5 \u00e5 hente tilbake russisktalende fra utlandet&hellip;\n","protected":false},"author":2,"featured_media":68717,"comment_status":"","ping_status":"","sticky":false,"template":"","format":"standard","meta":{"footnotes":""},"categories":[12],"tags":[20,21,24,25,15,22,23,9719,13,30,28,29,14,16,188,26,27,42,7103,186,43,44,45],"class_list":{"0":"post-68716","1":"post","2":"type-post","3":"status-publish","4":"format-standard","5":"has-post-thumbnail","7":"category-verden","8":"tag-breaking-news","9":"tag-breakingnews","10":"tag-featured-news","11":"tag-featurednews","12":"tag-headlines","13":"tag-latest-news","14":"tag-latestnews","15":"tag-migrasjon","16":"tag-news","17":"tag-no","18":"tag-norge","19":"tag-norway","20":"tag-nyheter","21":"tag-overskrifter","22":"tag-russland","23":"tag-top-stories","24":"tag-topstories","25":"tag-verden","26":"tag-vesten","27":"tag-vladimir-putin","28":"tag-world","29":"tag-world-news","30":"tag-worldnews"},"share_on_mastodon":{"url":"https:\/\/pubeurope.com\/@no\/115428230780468550","error":""},"_links":{"self":[{"href":"https:\/\/www.europesays.com\/no\/wp-json\/wp\/v2\/posts\/68716","targetHints":{"allow":["GET"]}}],"collection":[{"href":"https:\/\/www.europesays.com\/no\/wp-json\/wp\/v2\/posts"}],"about":[{"href":"https:\/\/www.europesays.com\/no\/wp-json\/wp\/v2\/types\/post"}],"author":[{"embeddable":true,"href":"https:\/\/www.europesays.com\/no\/wp-json\/wp\/v2\/users\/2"}],"replies":[{"embeddable":true,"href":"https:\/\/www.europesays.com\/no\/wp-json\/wp\/v2\/comments?post=68716"}],"version-history":[{"count":0,"href":"https:\/\/www.europesays.com\/no\/wp-json\/wp\/v2\/posts\/68716\/revisions"}],"wp:featuredmedia":[{"embeddable":true,"href":"https:\/\/www.europesays.com\/no\/wp-json\/wp\/v2\/media\/68717"}],"wp:attachment":[{"href":"https:\/\/www.europesays.com\/no\/wp-json\/wp\/v2\/media?parent=68716"}],"wp:term":[{"taxonomy":"category","embeddable":true,"href":"https:\/\/www.europesays.com\/no\/wp-json\/wp\/v2\/categories?post=68716"},{"taxonomy":"post_tag","embeddable":true,"href":"https:\/\/www.europesays.com\/no\/wp-json\/wp\/v2\/tags?post=68716"}],"curies":[{"name":"wp","href":"https:\/\/api.w.org\/{rel}","templated":true}]}}