{"id":68718,"date":"2025-10-24T08:36:10","date_gmt":"2025-10-24T08:36:10","guid":{"rendered":"https:\/\/www.europesays.com\/no\/68718\/"},"modified":"2025-10-24T08:36:10","modified_gmt":"2025-10-24T08:36:10","slug":"husbrannen-i-hamar-dagbladet","status":"publish","type":"post","link":"https:\/\/www.europesays.com\/no\/68718\/","title":{"rendered":"Husbrannen i Hamar: &#8211; Dagbladet"},"content":{"rendered":"<ol>\n<li><a href=\"https:\/\/news.google.com\/rss\/articles\/CBMiiwFBVV95cUxNb3pUVlpFb2xueXQ3QWpMc3JHbkdjTHBLT1h0VEctckJ5aGFDcE9YdkNGMFBYVmZ0UmV2aGsxMlNCR2E0NW9xbDQ3dmozSXpuSlhPWFFieGVzUU5mQXhqN0RFRXQ0cndNbm96ZTZiU19uLTNZVnNpdHBWLUR2NktVcjJPbWlDQW1wMjNJ?oc=5\" target=\"_blank\" rel=\"nofollow noopener\">Husbrannen i Hamar:<\/a>&nbsp;&nbsp;Dagbladet<\/li>\n<li><a href=\"https:\/\/news.google.com\/rss\/articles\/CBMijAFBVV95cUxNVGdPMGpSQlNoSlhucGZOTG01NFhvbWdMV2VteUQ5UzdPamp6MHFtQV9BbmJPcU9MTVNyMFFKMGwydXl2c2JRdlNrYVZscDlxUlZnWHVqU3poMGEwQVRoYzdXOUFuY2g4cjVVS3hDMWxXV093X1F4UWQ5WlVTU2pQX215QnZlYlBna3Aybw?oc=5\" target=\"_blank\" rel=\"nofollow noopener\">D\u00f8dsbranner under\u00adrapporteres: \u2013\u2060 Uheldig<\/a>&nbsp;&nbsp;VG<\/li>\n<li><a href=\"https:\/\/news.google.com\/rss\/articles\/CBMif0FVX3lxTFBfWW9vYW9OeGh5MkJrLWFxQmo0MmtySWVobzdhalpSVXRNdC1rSVJ5ckxfTGJ6T0xfbVZUdnBuLWZGOVYtREFIRGdJZDFkMUYtQnByNXJ1TUhPc0F6cHZzajZqdHpFX19kR0JtcFJ6cUJwNUIwdTZBME5uUUFGaWM?oc=5\" target=\"_blank\" rel=\"nofollow noopener\">Boligbrannen i Hamar, Hamar | Deler siste nytt om d\u00f8dsbrannen i Hamar<\/a>&nbsp;&nbsp;Hamar Arbeiderblad<\/li>\n<li><a href=\"https:\/\/news.google.com\/rss\/articles\/CBMiswFBVV95cUxPQk14VEZLMmttbG1ZMmdYT0RfdUNzWGE3bk5ZTm9oMTI0V0g3MzZMWTJUVmt4YXl2ZUo0cG45TXdvTGZ1c08zRlNmUURvYXNmV1NFalQyRVc3bHBwM2VMcDl4SVcyc2Z6eVFBd2lCV1UxdGI0MHJKUDQ3U3p6dUluUEdzQVB6V0xwTmZWZkdMRmp5UE12cUt0ajdYcTNoNnJFRUJ2QWRMOFl1WF9hcGo5cEZZYw?oc=5\" target=\"_blank\" rel=\"nofollow noopener\">Politiet ferdig med krimtekniske unders\u00f8kelser etter d\u00f8dsbrannen p\u00e5 Hamar<\/a>&nbsp;&nbsp;NRK<\/li>\n<li><a href=\"https:\/\/news.google.com\/rss\/articles\/CBMitgFBVV95cUxQd2FSMFFuZjZoWkdUMUhSZG9WMjZMOWRuMjlmNlZTaFAySnRkTmJFTGRGZk0wcWNORTE5Q0ZJak1Fb05iSXFRcUhEODhOdVlITzJ5d19DM3JEYVBSQ3U3U0k1RmpIaU1uLTYxbFFBNE05QzU5M2tmVUMzcmNGU0NablUwWDRNQ2RrTDRxSzcwWndKVktoeTJPdDUwNzRERlJCaG5pajVCUVRrRVBHX002dENYYmZ1Zw?oc=5\" target=\"_blank\" rel=\"nofollow noopener\">D\u00f8dsbrannen p\u00e5 Hamar: \u2013 Vil kanskje aldri f\u00e5 vite<\/a>&nbsp;&nbsp;TV2.no<\/li>\n<\/ol>\n","protected":false},"excerpt":{"rendered":"Husbrannen i Hamar:&nbsp;&nbsp;Dagbladet D\u00f8dsbranner under\u00adrapporteres: \u2013\u2060 Uheldig&nbsp;&nbsp;VG Boligbrannen i Hamar, Hamar | Deler siste nytt om d\u00f8dsbrannen i&hellip;\n","protected":false},"author":2,"featured_media":68719,"comment_status":"","ping_status":"","sticky":false,"template":"","format":"standard","meta":{"footnotes":""},"categories":[10],"tags":[20,21,24,25,15,2539,22,23,13,30,28,29,14,16,26,27],"class_list":{"0":"post-68718","1":"post","2":"type-post","3":"status-publish","4":"format-standard","5":"has-post-thumbnail","7":"category-norge","8":"tag-breaking-news","9":"tag-breakingnews","10":"tag-featured-news","11":"tag-featurednews","12":"tag-headlines","13":"tag-innenriks","14":"tag-latest-news","15":"tag-latestnews","16":"tag-news","17":"tag-no","18":"tag-norge","19":"tag-norway","20":"tag-nyheter","21":"tag-overskrifter","22":"tag-top-stories","23":"tag-topstories"},"share_on_mastodon":{"url":"https:\/\/pubeurope.com\/@no\/115428234733934903","error":""},"_links":{"self":[{"href":"https:\/\/www.europesays.com\/no\/wp-json\/wp\/v2\/posts\/68718","targetHints":{"allow":["GET"]}}],"collection":[{"href":"https:\/\/www.europesays.com\/no\/wp-json\/wp\/v2\/posts"}],"about":[{"href":"https:\/\/www.europesays.com\/no\/wp-json\/wp\/v2\/types\/post"}],"author":[{"embeddable":true,"href":"https:\/\/www.europesays.com\/no\/wp-json\/wp\/v2\/users\/2"}],"replies":[{"embeddable":true,"href":"https:\/\/www.europesays.com\/no\/wp-json\/wp\/v2\/comments?post=68718"}],"version-history":[{"count":0,"href":"https:\/\/www.europesays.com\/no\/wp-json\/wp\/v2\/posts\/68718\/revisions"}],"wp:featuredmedia":[{"embeddable":true,"href":"https:\/\/www.europesays.com\/no\/wp-json\/wp\/v2\/media\/68719"}],"wp:attachment":[{"href":"https:\/\/www.europesays.com\/no\/wp-json\/wp\/v2\/media?parent=68718"}],"wp:term":[{"taxonomy":"category","embeddable":true,"href":"https:\/\/www.europesays.com\/no\/wp-json\/wp\/v2\/categories?post=68718"},{"taxonomy":"post_tag","embeddable":true,"href":"https:\/\/www.europesays.com\/no\/wp-json\/wp\/v2\/tags?post=68718"}],"curies":[{"name":"wp","href":"https:\/\/api.w.org\/{rel}","templated":true}]}}