{"id":68722,"date":"2025-10-24T08:38:12","date_gmt":"2025-10-24T08:38:12","guid":{"rendered":"https:\/\/www.europesays.com\/no\/68722\/"},"modified":"2025-10-24T08:38:12","modified_gmt":"2025-10-24T08:38:12","slug":"en-ekte-mester-med-stil","status":"publish","type":"post","link":"https:\/\/www.europesays.com\/no\/68722\/","title":{"rendered":"\u2013 En ekte mester, med stil"},"content":{"rendered":"\n<ul class=\"_list_o9xde_3 _list_64s2r_85 _unordered_o9xde_106 text-sans-m\">\n<li class=\"_item_o9xde_30\">Under en sportskonferanse ba Alberto Tomba om applaus fra scenen for avd\u00f8de Finn Christian Jagge, \u00aben ekte mester\u00bb.<\/li>\n<li class=\"_item_o9xde_30\">Tomba hyllet norske alpinister som farlige rivaler, trakk frem Kjetil Andr\u00e9 Aamodt og pekte p\u00e5 Aksel Lund Svindal som en favorit.<\/li>\n<li class=\"_item_o9xde_30\">Han ogs\u00e5 avsl\u00f8rte en vinsamling p\u00e5 over 3500 flasker.<\/li>\n<li class=\"_item_o9xde_30\">Tomba savner noen ting fra gamledager, da man kunne r\u00f8yke bakerst i flyet p\u00e5 tur.<\/li>\n<\/ul>\n<p>Vis mer <\/p>\n<p class=\"_paragraph_o9xde_4 _paragraph_xtcu6_10 layout-component text-serif-m layout-normal text-serif-m layout-padded\">Det var en sensasjon da <strong class=\"_strong_o9xde_25\">Finn Christian Jagge<\/strong> tok OL-gullet i slal\u00e5m i Albertville 1992 \u2013 sju hundredeler foran den store favoritten fra Italia.<\/p>\n<p class=\"_paragraph_o9xde_4 _paragraph_xtcu6_10 layout-component text-serif-m layout-normal text-serif-m layout-padded\"><strong class=\"_strong_o9xde_25\">Alberto Tomba<\/strong> ledet etter f\u00f8rste omgang, men Jagges eventyrlige andreomgang ga Norge sitt f\u00f8rste OL-gull i slal\u00e5m noen gang.<\/p>\n<p class=\"_paragraph_o9xde_4 _paragraph_xtcu6_10 layout-component text-serif-m layout-normal text-serif-m layout-padded\">\u2013 Han vant fortjent. Det var hans dag, jeg husker smilet hans, sa Tomba da Jagge gikk bort i 2020.<\/p>\n<p class=\"_paragraph_o9xde_4 _paragraph_xtcu6_10 layout-component text-serif-m layout-normal text-serif-m layout-padded\">Jagge \u2013 \u00abFinken\u00bb blant venner \u2013 d\u00f8de 8. juli det \u00e5ret, bare 54 \u00e5r gammel. Han etterlot seg kone og to barn. I ettertid er det blitt avdekket svikt i helsehjelpen han fikk.<\/p>\n<p class=\"font-weight-semi-bold color-accent label-medium _label_16v91_20\"> FAKTA<\/p>\n<p> Finn Christian Jagge <\/p>\n<p class=\"_paragraph_o9xde_4 _paragraph_xtcu6_10 _paragraph_16v91_10 layout-component text-serif-m layout-normal text-sans-m layout-padded\"><strong class=\"_strong_o9xde_25\">F\u00f8dt:<\/strong> 4. april 1966, Oslo<br \/><strong class=\"_strong_o9xde_25\">D\u00f8d:<\/strong> 8. juli 2020, Oslo (54 \u00e5r)<br \/><strong class=\"_strong_o9xde_25\">Kallenavn:<\/strong> Finken<br \/><strong class=\"_strong_o9xde_25\">Gren:<\/strong> Alpin \u2013 slal\u00e5m<\/p>\n<p class=\"_paragraph_o9xde_4 _paragraph_xtcu6_10 _paragraph_16v91_10 layout-component text-serif-m layout-normal text-sans-m layout-padded\"><strong class=\"_strong_o9xde_25\">Meritter:<\/strong><\/p>\n<ul class=\"_list_o9xde_3 _list_xtcu6_9 _list_16v91_9 _unordered_o9xde_106 layout-component text-serif-m layout-normal text-sans-m layout-padded\">\n<li class=\"_item_o9xde_30\"> <strong class=\"_strong_o9xde_25\">OL-gull i slal\u00e5m<\/strong> \u2013 Albertville 1992<\/li>\n<li class=\"_item_o9xde_30\"> <strong class=\"_strong_o9xde_25\">7 verdenscupseirer<\/strong>, alle i slal\u00e5m<\/li>\n<li class=\"_item_o9xde_30\"> Deltok i fire OL (1988, 1992, 1994, 1998)<\/li>\n<li class=\"_item_o9xde_30\"> 18 pallplasser i verdenscupen totalt<\/li>\n<\/ul>\n<p>Vis mer<img alt=\"Finn Christian Jagge p\u00e5 toppen av seierspallen i OL-slal\u00e5men i 1992, foran Alberto Tomba og Michael Tritscher.   Foto: Bj\u00f8rn S. Delebekk \/ VG\" class=\"_image_qp4xg_65 layout-component layout-normal\" data-fullscreen- data-track-element-type=\"Article image fullscreen\" data-track-name=\"ImageFullscreen\" decoding=\"async\" loading=\"lazy\" height=\"4803\" itemprop=\"image\"  src=\"https:\/\/www.europesays.com\/no\/wp-content\/uploads\/2025\/10\/a01b2893-11b6-4387-830e-2e96f8bd4799\"  style=\"object-position:0% 0%\" width=\"3274\"\/>Finn Christian Jagge p\u00e5 toppen av seierspallen i OL-slal\u00e5men i 1992, foran Alberto Tomba og Michael Tritscher.   Foto: Bj\u00f8rn S. Delebekk \/ VG<\/p>\n<p class=\"_paragraph_o9xde_4 _paragraph_xtcu6_10 layout-component text-serif-m layout-normal text-serif-m layout-padded\">Fem \u00e5r senere sitter Tomba p\u00e5 scenen i et fullt auditorium i Trento, ved foten av fjellkjeden Dolomittene. Arrangementet er i regi av La Gazzetta dello Sport, Italias st\u00f8rste sportsavis.<\/p>\n<p class=\"_paragraph_o9xde_4 _paragraph_xtcu6_10 layout-component text-serif-m layout-normal text-serif-m layout-padded\">Latteren og applausen kommer tett n\u00e5r publikum f\u00e5r den italienske playboyen til \u00e5 mimre.<\/p>\n<p class=\"_paragraph_o9xde_4 _paragraph_xtcu6_10 layout-component text-serif-m layout-normal text-serif-m layout-padded\">Men mot slutten av den ellers s\u00e5 lystige timen dukker et bilde av Tomba og Jagge opp p\u00e5 storskjermen. Da endrer tonen seg.<\/p>\n<p class=\"_paragraph_o9xde_4 _paragraph_xtcu6_10 layout-component text-serif-m layout-normal text-serif-m layout-padded\">\u2013 Dette er Jagge. En stor applaus for Finn Christian Jagge, som har forlatt oss. Mesteren fra OL, sier Tomba.<\/p>\n<p><img alt=\"Det var flere hundre i salen i Trento.   Foto: Herman Folvik, VG\" class=\"_image_qp4xg_65 layout-component layout-normal\" data-fullscreen- data-track-element-type=\"Article image fullscreen\" data-track-name=\"ImageFullscreen\" decoding=\"async\" loading=\"lazy\" height=\"4032\" itemprop=\"image\"  src=\"https:\/\/www.europesays.com\/no\/wp-content\/uploads\/2025\/10\/ecb4496e-9bc2-4c8f-983d-98e7cfb3169e\"  style=\"object-position:0% 0%\" width=\"3024\"\/>Det var flere hundre i salen i Trento.   Foto: Herman Folvik, VG<\/p>\n<p class=\"_paragraph_o9xde_4 _paragraph_xtcu6_10 layout-component text-serif-m layout-normal text-serif-m layout-padded\">Hele salen klapper i hendene. <\/p>\n<p class=\"_paragraph_o9xde_4 _paragraph_xtcu6_10 layout-component text-serif-m layout-normal text-serif-m layout-padded\">\u2013 En ekte mester. Med stil, legger han til, alvorlig og varmt.<\/p>\n<p class=\"_paragraph_o9xde_4 _paragraph_xtcu6_10 layout-component text-serif-m layout-normal text-serif-m layout-padded\">Jagge vant totalt sju verdenscuprenn, alle i slal\u00e5m, og la opp i 2000. Etter karrieren ble han b\u00e5de Skal vi danse-deltaker og vinner av Mesternes Mester i 2011.<\/p>\n<p class=\"_paragraph_o9xde_4 _paragraph_xtcu6_10 layout-component text-serif-m layout-normal text-serif-m layout-padded\">Men Jagge var ikke den eneste nordmannen Tomba snakket om i Trento.<\/p>\n<p class=\"_paragraph_o9xde_4 _paragraph_xtcu6_10 layout-component text-serif-m layout-normal text-serif-m layout-padded\">\u2013 Det var alltid en nordmann der, sier han.<\/p>\n<p class=\"_paragraph_o9xde_4 _paragraph_xtcu6_10 layout-component text-serif-m layout-normal text-serif-m layout-padded\">Alltid en som kunne spolere seieren. Han mener norske alpinister alltid har v\u00e6rt farlige \u2013 uansett disiplin og generasjon.<\/p>\n<p class=\"_paragraph_o9xde_4 _paragraph_xtcu6_10 layout-component text-serif-m layout-normal text-serif-m layout-padded\">\u2013 De kommer fra kulden, er sterke i hodet og har teknikk. Det er en farlig kombinasjon.<\/p>\n<p><img alt=\"Finn Christian Jagge og Alberto Tomba hyllet Alejand Preinflak Lavagni fra Costa Rica som endte sist i slal\u00e5men i Albertville.   Foto: Arne Dedert \/ AP \/ NTB\" class=\"_image_qp4xg_65 layout-component layout-normal\" data-fullscreen- data-track-element-type=\"Article image fullscreen\" data-track-name=\"ImageFullscreen\" decoding=\"async\" loading=\"lazy\" height=\"2988\" itemprop=\"image\"  src=\"https:\/\/www.europesays.com\/no\/wp-content\/uploads\/2025\/10\/504de57b-3ac0-4d29-9603-8d35a3fa8188\"  style=\"object-position:0% 0%\" width=\"1989\"\/>Finn Christian Jagge og Alberto Tomba hyllet Alejand Preinflak Lavagni fra Costa Rica som endte sist i slal\u00e5men i Albertville.   Foto: Arne Dedert \/ AP \/ NTB<\/p>\n<p class=\"_paragraph_o9xde_4 _paragraph_xtcu6_10 layout-component text-serif-m layout-normal text-serif-m layout-padded\">Tomba nevnte <strong class=\"_strong_o9xde_25\">den unge <a href=\"https:\/\/www.vg.no\/tag\/kjetil-andre-aamodt?utm_source=vg-article&amp;utm_medium=auto-tagger&amp;utm_campaign=QMnyWq\" class=\"_link_o9xde_39\" rel=\"nofollow noopener\" target=\"_blank\">Kjetil Andr\u00e9 Aamodt<\/a><\/strong> fra starten av 90-tallet som en kommende stjerne som \u00abhadde alt \u2013 ro, styrke og den norske t\u00e5lmodigheten\u00bb.<\/p>\n<p class=\"_paragraph_o9xde_4 _paragraph_xtcu6_10 layout-component text-serif-m layout-normal text-serif-m layout-padded\"> \u2013 Jeg s\u00e5 ham og tenkte: Hvis han l\u00e6rer \u00e5 kontrollere kreftene sine, vinner han alt, sier Tomba.<\/p>\n<p class=\"_paragraph_o9xde_4 _paragraph_xtcu6_10 layout-component text-serif-m layout-normal text-serif-m layout-padded\">Da han ble spurt om hvem han likte best blant de nyere l\u00f8perne, var svaret klart: <strong class=\"_strong_o9xde_25\">Aksel Lund Svindal<\/strong>.<\/p>\n<p class=\"_paragraph_o9xde_4 _paragraph_xtcu6_10 layout-component text-serif-m layout-normal text-serif-m layout-padded\">\u2013 Han var ekstremt sterk, elegant og alltid dyktig. En gentleman p\u00e5 sn\u00f8en! sier Tomba.<\/p>\n<p class=\"_paragraph_o9xde_4 _paragraph_xtcu6_10 layout-component text-serif-m layout-normal text-serif-m layout-padded\">Mannen med kallenavnet \u00abLa Bomba\u00bb, bomben, forteller at Svindals ro og teknikk minnet ham om det han selv s\u00f8kte som l\u00f8per.<\/p>\n<p><img alt=\"Kjetil Andre Aamodt og Alberto Tomba i 2003.   Foto: Bj\u00f8rn S. Delebekk \/ VG\" class=\"_image_qp4xg_65 layout-component layout-normal\" data-fullscreen- data-track-element-type=\"Article image fullscreen\" data-track-name=\"ImageFullscreen\" decoding=\"async\" loading=\"lazy\" height=\"1068\" itemprop=\"image\"  src=\"https:\/\/www.europesays.com\/no\/wp-content\/uploads\/2025\/10\/d06a6a81-4c39-4a8c-9899-78105c05653a\"  style=\"object-position:0% 0%\" width=\"1480\"\/>Kjetil Andre Aamodt og Alberto Tomba i 2003.   Foto: Bj\u00f8rn S. Delebekk \/ VGAlberto Tomba<\/p>\n<p class=\"_paragraph_o9xde_4 _paragraph_xtcu6_10 _paragraph_16v91_10 layout-component text-serif-m layout-normal text-sans-m layout-padded\"><strong class=\"_strong_o9xde_25\">F\u00f8dt:<\/strong> 19. desember 1966, Bologna, Italia<br \/><strong class=\"_strong_o9xde_25\">Kallenavn:<\/strong> La Bomba (Bomben)<br \/><strong class=\"_strong_o9xde_25\">H\u00f8yde:<\/strong> 1,82 m<br \/><strong class=\"_strong_o9xde_25\">Gren:<\/strong> Alpin \u2013 slal\u00e5m og storslal\u00e5m<\/p>\n<p class=\"_paragraph_o9xde_4 _paragraph_xtcu6_10 _paragraph_16v91_10 layout-component text-serif-m layout-normal text-sans-m layout-padded\"><strong class=\"_strong_o9xde_25\">Meritter:<\/strong><\/p>\n<ul class=\"_list_o9xde_3 _list_xtcu6_9 _list_16v91_9 _unordered_o9xde_106 layout-component text-serif-m layout-normal text-sans-m layout-padded\">\n<li class=\"_item_o9xde_30\"> <strong class=\"_strong_o9xde_25\">3 OL-gull<\/strong> \u2013 Calgary 1988 (slal\u00e5m og storslal\u00e5m), Albertville 1992 (storslal\u00e5m)<\/li>\n<li class=\"_item_o9xde_30\"> <strong class=\"_strong_o9xde_25\">2 OL-s\u00f8lv<\/strong> \u2013 Albertville 1992 (slal\u00e5m), Lillehammer 1994 (storslal\u00e5m)<\/li>\n<li class=\"_item_o9xde_30\"> <strong class=\"_strong_o9xde_25\">2 VM-gull<\/strong> \u2013 Sierra Nevada 1996 (slal\u00e5m og storslal\u00e5m)<\/li>\n<li class=\"_item_o9xde_30\"> <strong class=\"_strong_o9xde_25\">50 verdenscupseirer<\/strong> totalt (35 slal\u00e5m, 15 storslal\u00e5m)<\/li>\n<li class=\"_item_o9xde_30\"> Verdenscupvinner sammenlagt i 1995<\/li>\n<\/ul>\n<p>Vis mer<\/p>\n<p class=\"_paragraph_o9xde_4 _paragraph_xtcu6_10 layout-component text-serif-m layout-normal text-serif-m layout-padded\">58-\u00e5ringen bor fortsatt i Bologna-omr\u00e5det \u2013 kjent for sitt kj\u00f8kken og sine vinmarker. Der, blant flasker og etiketter, har han funnet sin nye lidenskap.<\/p>\n<p class=\"_paragraph_o9xde_4 _paragraph_xtcu6_10 layout-component text-serif-m layout-normal text-serif-m layout-padded\">\u2013 Jeg begynte med noen f\u00e5 flasker, s\u00e5 ble det tusenvis, sier han.<\/p>\n<p class=\"_paragraph_o9xde_4 _paragraph_xtcu6_10 layout-component text-serif-m layout-normal text-serif-m layout-padded\"> N\u00e5 teller vinsamlingen over <strong class=\"_strong_o9xde_25\">3500 flasker<\/strong>, alle katalogiserte.<\/p>\n<p class=\"_paragraph_o9xde_4 _paragraph_xtcu6_10 layout-component text-serif-m layout-normal text-serif-m layout-padded\"> \u2013 Det er en hobby som ble en livsstil.<\/p>\n<p class=\"_paragraph_o9xde_4 _paragraph_xtcu6_10 layout-component text-serif-m layout-normal text-serif-m layout-padded\">Flaskene kommer fra hele verden \u2013 Frankrike, Argentina, Australia \u2013 men smaken og hjertet hans ligger fortsatt n\u00e6rt. <\/p>\n<p class=\"_paragraph_o9xde_4 _paragraph_xtcu6_10 layout-component text-serif-m layout-normal text-serif-m layout-padded\"> \u2013 Italia har alt. La Frankrike v\u00e6re &#8230; Vi lager vin med sjel, sier han og lar latter fylle salen igjen.<\/p>\n<ul class=\"_gallery_1qa3s_23\" tabindex=\"0\">\n<li class=\"_item_1qa3s_37\" data-index=\"0\"><img decoding=\"async\" class=\"_image_foru8_23 _articleGallery_foru8_39\" data-fullscreen- width=\"4928\" height=\"3280\" itemprop=\"image\" loading=\"lazy\"  src=\"https:\/\/www.europesays.com\/no\/wp-content\/uploads\/2025\/10\/7b52aa1a-92a1-4482-b2a9-c65dfbb09f19\"  style=\"object-position:50% 50%;aspect-ratio:var(--gallery-aspect-ratio, 16 \/ 9)\"\/>VG-fotograf Bj\u00f8rn Steinar Delebekk og tidligere VG-journalist Bj\u00f8rn Arne Johannessen var hjemme hos Alberto Tomba i 2014 og fikk b\u00e5de se og smake p\u00e5 vinsamlingen.  Foto: Bj\u00f8rn S. Delebekk \/ VG<\/li>\n<li class=\"_item_1qa3s_37\" data-index=\"1\"><img decoding=\"async\" class=\"_image_foru8_23 _articleGallery_foru8_39\" data-fullscreen- width=\"4928\" height=\"3280\" itemprop=\"image\" loading=\"lazy\"  src=\"https:\/\/www.europesays.com\/no\/wp-content\/uploads\/2025\/10\/8230a9f4-1db7-4ac5-87e0-5045c94c9d84\"  style=\"object-position:50% 50%;aspect-ratio:var(--gallery-aspect-ratio, 16 \/ 9)\"\/>Foto: Bj\u00f8rn S. Delebekk \/ VG<\/li>\n<li class=\"_item_1qa3s_37\" data-index=\"2\"><img decoding=\"async\" class=\"_image_foru8_23 _articleGallery_foru8_39\" data-fullscreen- width=\"4928\" height=\"3176\" itemprop=\"image\" loading=\"lazy\"  src=\"https:\/\/www.europesays.com\/no\/wp-content\/uploads\/2025\/10\/723bf50b-3f88-424c-800e-87b52bbb4478\"  style=\"object-position:50% 50%;aspect-ratio:var(--gallery-aspect-ratio, 16 \/ 9)\"\/>Foto: Bj\u00f8rn S. Delebekk \/ VG<\/li>\n<li class=\"_item_1qa3s_37\" data-index=\"3\"><img decoding=\"async\" class=\"_image_foru8_23 _articleGallery_foru8_39\" data-fullscreen- width=\"4928\" height=\"3280\" itemprop=\"image\" loading=\"lazy\"  src=\"https:\/\/www.europesays.com\/no\/wp-content\/uploads\/2025\/10\/23c0cfe1-fcdb-43e8-846a-f6b046333c71\"  style=\"object-position:50% 50%;aspect-ratio:var(--gallery-aspect-ratio, 16 \/ 9)\"\/>Alberto Tomba serverte vin, mens Bj\u00f8rn Arne Johannessen fra VG hadde med norsk laks.  Foto: Bj\u00f8rn S. Delebekk \/ VG<\/li>\n<\/ul>\n<p>VG-fotograf Bj\u00f8rn Steinar Delebekk og tidligere VG-journalist Bj\u00f8rn Arne Johannessen var hjemme hos Alberto Tomba i 2014 og fikk b\u00e5de se og smake p\u00e5 vinsamlingen.  Foto: Bj\u00f8rn S. Delebekk \/ VG<\/p>\n<p class=\"_paragraph_o9xde_4 _paragraph_xtcu6_10 layout-component text-serif-m layout-normal text-serif-m layout-padded\">Forholdet mellom Frankrike og Italia kan sammenlignes litt med Norge og Sverige.<\/p>\n<p class=\"_paragraph_o9xde_4 _paragraph_xtcu6_10 layout-component text-serif-m layout-normal text-serif-m layout-padded\">\u2013 Men hva er favorittvinen?<\/p>\n<p class=\"_paragraph_o9xde_4 _paragraph_xtcu6_10 layout-component text-serif-m layout-normal text-serif-m layout-padded\">\u2013 Jeg vil ikke svare p\u00e5 det. Men la meg si at n\u00e5r du er her i Nord-Italia, m\u00e5 du drikke italienske viner. Det riktige er \u00e5 drikke toppvinene i omr\u00e5det du er. <\/p>\n<p class=\"_paragraph_o9xde_4 _paragraph_xtcu6_10 layout-component text-serif-m layout-normal text-serif-m layout-padded\">\u2013 Den eldste vinen du har?<\/p>\n<p class=\"_paragraph_o9xde_4 _paragraph_xtcu6_10 layout-component text-serif-m layout-normal text-serif-m layout-padded\">\u2013 Fra like etter andre verdenskrig, tror jeg. Den beste er fra 80-tallet. <\/p>\n<p class=\"_paragraph_o9xde_4 _paragraph_xtcu6_10 layout-component text-serif-m layout-normal text-serif-m layout-padded\">F\u00f8r reiste han hjem fra treningsturer i Chile, Argentina, Australia og New Zealand med kofferten full av vin. <\/p>\n<p class=\"_paragraph_o9xde_4 _paragraph_xtcu6_10 layout-component text-serif-m layout-normal text-serif-m layout-padded\">\u2013 Vin er blitt lidenskapen min etter skikarrieren. Den holder meg i bevegelse.<\/p>\n<p><img alt=\"Alberto Tomba under fashion week i Milano denne h\u00f8sten.   Foto: Simona Chioccia \/ ipa-agency.net \/ Pa Photos \/ NTB\" class=\"_image_qp4xg_65 layout-component layout-normal\" data-fullscreen- data-track-element-type=\"Article image fullscreen\" data-track-name=\"ImageFullscreen\" decoding=\"async\" loading=\"lazy\" height=\"5484\" itemprop=\"image\"  src=\"https:\/\/www.europesays.com\/no\/wp-content\/uploads\/2025\/10\/47ea0263-aa38-4734-b73e-b756019bef5f\"  style=\"object-position:0% 0%\" width=\"3656\"\/>Alberto Tomba under fashion week i Milano denne h\u00f8sten.   Foto: Simona Chioccia \/ ipa-agency.net \/ Pa Photos \/ NTB<\/p>\n<p class=\"_paragraph_o9xde_4 _paragraph_xtcu6_10 layout-component text-serif-m layout-normal text-serif-m layout-padded\">Han ga hjelmer og hansker til produsenter, og fikk tilbake edle dr\u00e5per p\u00e5 flaske. Tomba savner litt de gode, gamle og glade dager. Da ting var litt enklere.<\/p>\n<p class=\"_paragraph_o9xde_4 _paragraph_xtcu6_10 layout-component text-serif-m layout-normal text-serif-m layout-padded\">Eller man kunne ta seg en r\u00f8yk i luften mens man reiste jorden rundt. <\/p>\n<p class=\"_paragraph_o9xde_4 _paragraph_xtcu6_10 layout-component text-serif-m layout-normal text-serif-m layout-padded\">\u2013 Jeg sverger, i dag kan du ikke gj\u00f8re s\u00e5nn lenger, de stopper deg. De arresterer deg. F\u00f8r kunne du gj\u00f8re nesten alt. Man r\u00f8ykte bakerst i flyet. Man r\u00f8ykte p\u00e5 hotellet. Man r\u00f8ykte i bilene. Man r\u00f8ykte innend\u00f8rs. I dag blir man arrestert for det, sier Tomba mens latteren eksploderer igjen.<\/p>\n<p class=\"_paragraph_o9xde_4 _paragraph_xtcu6_10 layout-component text-serif-m layout-normal text-serif-m layout-padded\">Han liker heller ikke dagens generasjon medievaner.<\/p>\n<p class=\"_paragraph_o9xde_4 _paragraph_xtcu6_10 layout-component text-serif-m layout-normal text-serif-m layout-padded\">\u2013 Nei, det hadde ikke g\u00e5tt bra for meg. Det er s\u00e5 mange sosiale medier, men jeg bruker det lite. Uansett m\u00e5 jeg si at jeg tror jeg ville hatt veldig mange fans uansett, sier Tomba.<\/p>\n<p class=\"_paragraph_o9xde_4 _paragraph_xtcu6_10 layout-component text-serif-m layout-normal text-serif-m layout-padded\">Han husker stoltheten han f\u00f8lte da han s\u00e5 seg selv p\u00e5 forsiden av Italias st\u00f8rste sportsaviser.<\/p>\n<p class=\"_paragraph_o9xde_4 _paragraph_xtcu6_10 layout-component text-serif-m layout-normal text-serif-m layout-padded\">\u2013 Jeg var den f\u00f8rste som satte fotballen bort fra f\u00f8rstesiden, jeg satte fotballen p\u00e5 baksidene. Det var k\u00f8er av folk utenfor huset mitt. Etter renn stjal til og med fans startnummerne mine, sier Tomba.<\/p>\n<p><img alt=\"Alberto Tomba etter OL-gullet i 1988.   Foto: AP \/ NTB\" class=\"_image_qp4xg_65 layout-component layout-normal\" data-fullscreen- data-track-element-type=\"Article image fullscreen\" data-track-name=\"ImageFullscreen\" decoding=\"async\" loading=\"lazy\" height=\"2028\" itemprop=\"image\"  src=\"https:\/\/www.europesays.com\/no\/wp-content\/uploads\/2025\/10\/bcfc9ba7-c2d7-4c9a-b11a-600795e9c0a9\"  style=\"object-position:0% 0%\" width=\"3049\"\/>Alberto Tomba etter OL-gullet i 1988.   Foto: AP \/ NTB<\/p>\n<p class=\"_paragraph_o9xde_4 _paragraph_xtcu6_10 layout-component text-serif-m layout-normal text-serif-m layout-padded\">Han var et ikon kvinnene siklet etter.<\/p>\n<p class=\"_paragraph_o9xde_4 _paragraph_xtcu6_10 layout-component text-serif-m layout-normal text-serif-m layout-padded\">\u2013 Jeg var h\u00e5pl\u00f8st forelsket, som alle jentene p\u00e5 den tiden, jeg ringte p\u00e5 hjemme hos han, sier en eldre kvinne i la oss respektfullt ansl\u00e5 50\u201360-\u00e5rene da hun f\u00e5r tak i en mikrofon. <\/p>\n<p class=\"_paragraph_o9xde_4 _paragraph_xtcu6_10 layout-component text-serif-m layout-normal text-serif-m layout-padded\">Tross sitt stempel som en livsglad italiener, kan man ikke glemme at det ogs\u00e5 var hardt arbeid bak hans elegante, men r\u00e5e kj\u00f8ring. <\/p>\n<p class=\"_paragraph_o9xde_4 _paragraph_xtcu6_10 layout-component text-serif-m layout-normal text-serif-m layout-padded\">\u2013 V\u00e5r karakter hos meg og teamet var lystig. Vi likte \u00e5 le og sp\u00f8ke, men n\u00e5r vi satte oss m\u00e5l jobbet vi seri\u00f8st for \u00e5 n\u00e5 dem, sier Tomba.<\/p>\n<p><img alt=\"Alberto Tomba til h\u00f8yre b\u00e5de p\u00e5 faksimiliene og scenen.   Foto: Herman Folvik, VG\" class=\"_image_qp4xg_65 layout-component layout-normal\" data-fullscreen- data-track-element-type=\"Article image fullscreen\" data-track-name=\"ImageFullscreen\" decoding=\"async\" loading=\"lazy\" height=\"3024\" itemprop=\"image\"  src=\"https:\/\/www.europesays.com\/no\/wp-content\/uploads\/2025\/10\/ec1dbd8b-4954-47f7-8ffe-22bc0401f69c\"  style=\"object-position:0% 0%\" width=\"4032\"\/>Alberto Tomba til h\u00f8yre b\u00e5de p\u00e5 faksimiliene og scenen.   Foto: Herman Folvik, VG<\/p>\n<p class=\"_paragraph_o9xde_4 _paragraph_xtcu6_10 layout-component text-serif-m layout-normal text-serif-m layout-padded\">Til vinteren er det OL i Milano\/Cortina. Herrene skal kj\u00f8re i Bormio og kvinnene i Cortina. De italienske Dolomittene er det beste stedet \u00e5 kj\u00f8re p\u00e5 ski, if\u00f8lge Tomba. <\/p>\n<p class=\"_paragraph_o9xde_4 _paragraph_xtcu6_10 layout-component text-serif-m layout-normal text-serif-m layout-padded\">\u2013 Jeg har reist verden rundt, men slik som Dolomittene er, den skj\u00f8nnheten vi har her i n\u00e6rheten, folkens, det finnes ikke et sted i verden som kan m\u00e5le seg.<\/p>\n<p class=\"_paragraph_o9xde_4 _paragraph_xtcu6_10 layout-component text-serif-m layout-normal text-serif-m layout-padded\">Men ikke uten \u00e5 ogs\u00e5 komme med et sukk.<\/p>\n<p class=\"_paragraph_o9xde_4 _paragraph_xtcu6_10 layout-component text-serif-m layout-normal text-serif-m layout-padded\">\u2013 Jeg beklager for at det ikke er noen president eller ansvarlig her i rommet,  for jeg kj\u00f8rer strekningen Milano\u2013Cortina med bil. Men vi m\u00e5 virkelig bli enige om noe her, for det tar sju timer&#8230; S\u00e5 jeg pleier alltid \u00e5 reise om natten. Veien mellom Milano og Cortina er ikke s\u00e6rlig god&#8230;<\/p>\n<p class=\"_paragraph_o9xde_4 _paragraph_xtcu6_10 layout-component text-serif-m layout-normal text-serif-m layout-padded\">Fra arkivet &#8211; se Tomba om Jagge, karrieren og raske biler:<\/p>\n","protected":false},"excerpt":{"rendered":"Under en sportskonferanse ba Alberto Tomba om applaus fra scenen for avd\u00f8de Finn Christian Jagge, \u00aben ekte mester\u00bb.&hellip;\n","protected":false},"author":2,"featured_media":68723,"comment_status":"","ping_status":"","sticky":false,"template":"","format":"standard","meta":{"footnotes":""},"categories":[59],"tags":[248,249,9720,508,30,28,29,83,82,399],"class_list":{"0":"post-68722","1":"post","2":"type-post","3":"status-publish","4":"format-standard","5":"has-post-thumbnail","7":"category-sport","8":"tag-aksel-lund-svindal","9":"tag-alpint","10":"tag-finn-christian-jagge","11":"tag-kjetil-andre-aamodt","12":"tag-no","13":"tag-norge","14":"tag-norway","15":"tag-sport","16":"tag-sports","17":"tag-vintersport"},"share_on_mastodon":{"url":"https:\/\/pubeurope.com\/@no\/115428242591654958","error":""},"_links":{"self":[{"href":"https:\/\/www.europesays.com\/no\/wp-json\/wp\/v2\/posts\/68722","targetHints":{"allow":["GET"]}}],"collection":[{"href":"https:\/\/www.europesays.com\/no\/wp-json\/wp\/v2\/posts"}],"about":[{"href":"https:\/\/www.europesays.com\/no\/wp-json\/wp\/v2\/types\/post"}],"author":[{"embeddable":true,"href":"https:\/\/www.europesays.com\/no\/wp-json\/wp\/v2\/users\/2"}],"replies":[{"embeddable":true,"href":"https:\/\/www.europesays.com\/no\/wp-json\/wp\/v2\/comments?post=68722"}],"version-history":[{"count":0,"href":"https:\/\/www.europesays.com\/no\/wp-json\/wp\/v2\/posts\/68722\/revisions"}],"wp:featuredmedia":[{"embeddable":true,"href":"https:\/\/www.europesays.com\/no\/wp-json\/wp\/v2\/media\/68723"}],"wp:attachment":[{"href":"https:\/\/www.europesays.com\/no\/wp-json\/wp\/v2\/media?parent=68722"}],"wp:term":[{"taxonomy":"category","embeddable":true,"href":"https:\/\/www.europesays.com\/no\/wp-json\/wp\/v2\/categories?post=68722"},{"taxonomy":"post_tag","embeddable":true,"href":"https:\/\/www.europesays.com\/no\/wp-json\/wp\/v2\/tags?post=68722"}],"curies":[{"name":"wp","href":"https:\/\/api.w.org\/{rel}","templated":true}]}}