{"id":68728,"date":"2025-10-24T08:48:21","date_gmt":"2025-10-24T08:48:21","guid":{"rendered":"https:\/\/www.europesays.com\/no\/68728\/"},"modified":"2025-10-24T08:48:21","modified_gmt":"2025-10-24T08:48:21","slug":"ikke-mistanke-om-noe-kriminelt","status":"publish","type":"post","link":"https:\/\/www.europesays.com\/no\/68728\/","title":{"rendered":"\u2013 Ikke mistanke om noe kriminelt"},"content":{"rendered":"\n<p class=\"_lead_o9xde_2 _lead_xtcu6_50 layout-component text-serif-m layout-normal text-serif-l layout-component layout-wide layout-padded _wide_17hqh_1 layout-padded\">Politiet er ferdig med de kriminaltekniske unders\u00f8kelsene p\u00e5 branntomten. <\/p>\n<p><img alt=\" Foto: Espen Sj\u00f8lingstad Hoen \/ VG\" class=\"_image_qp4xg_65 layout-component layout-wide\" data-fullscreen- data-track-element-type=\"Article image fullscreen\" data-track-name=\"ImageFullscreen\" fetchpriority=\"high\" decoding=\"sync\" loading=\"eager\" height=\"5464\" itemprop=\"image\"  src=\"https:\/\/www.europesays.com\/no\/wp-content\/uploads\/2025\/10\/2e8abc88-fee4-44bf-91d9-c5eeb8d62dc7\"  style=\"object-position:0% 0%\" width=\"8192\"\/> Foto: Espen Sj\u00f8lingstad Hoen \/ VG<\/p>\n<ul aria-hidden=\"true\" class=\"_images_18f0k_111\">\n<li><a class=\"_link_18f0k_116\" href=\"https:\/\/www.vg.no\/forfatter\/bendik-hansen\" style=\"z-index:1\" title=\"Bendik Hansen\" rel=\"nofollow noopener\" target=\"_blank\"><img alt=\"Bilde av Bendik Hansen\" class=\"_image_18f0k_93\" fetchpriority=\"low\" loading=\"lazy\" decoding=\"async\" itemprop=\"image\"  src=\"https:\/\/www.europesays.com\/no\/wp-content\/uploads\/2025\/10\/1761295697_365_236bc5a3-2236-4046-b957-81f29d024aa6\"  width=\"480\"\/><\/a><\/li>\n<\/ul>\n<p> Oppdatert fredag 24. oktober kl. 10:21     <\/p>\n<p class=\"_paragraph_o9xde_4 _paragraph_xtcu6_10 layout-component text-serif-m layout-normal text-serif-m layout-padded\">Det opplyser Innlandet politidistrikt i en pressemelding, fredag formiddag. <\/p>\n<p class=\"_paragraph_o9xde_4 _paragraph_xtcu6_10 layout-component text-serif-m layout-normal text-serif-m layout-padded\">Det var tidlig mandag 15. september i \u00e5r at n\u00f8detatene ble varslet om at en enebolig i Hamar sto i full fyr. Kort tid etter ble tre unge kvinner hentet ut av huset og erkl\u00e6rt d\u00f8de. Ytterligere \u00e9n kvinne ble senere funnet d\u00f8d av r\u00f8ykdykkere. <\/p>\n<p class=\"_paragraph_o9xde_4 _paragraph_xtcu6_10 layout-component text-serif-m layout-normal text-serif-m layout-padded\">Eiendommen ble frigitt tirsdag. Selv om de kriminaltekniske unders\u00f8kelsene er ferdige, er brannen fortsatt under etterforskning, opplyser politiadvokat Marit Kjelsberg.<\/p>\n<p class=\"_paragraph_o9xde_4 _paragraph_xtcu6_10 layout-component text-serif-m layout-normal text-serif-m layout-padded\">\u2013 Politiet venter p\u00e5 de kriminaltekniske unders\u00f8kelsene, og det er vanskelig \u00e5 ansl\u00e5 n\u00e5r disse vil v\u00e6re klare, sier Kjelsberg. <\/p>\n<p class=\"_paragraph_o9xde_4 _paragraph_xtcu6_10 layout-component text-serif-m layout-normal text-serif-m layout-padded\">Brann\u00e5rsaker er fortsatt ikke kjent, og politiet har forberedt p\u00e5r\u00f8rende til de fire unge kvinnene som d\u00f8de at de kanskje aldri vil f\u00e5 vite hva som utl\u00f8ste brannen. <\/p>\n<p><img alt=\"\u00d8verst fra venstre: Ariane Haga (18), Astrid St\u00f8e Valla (18), Ester Moe Lj\u00f8dal (19) og Ida B\u00e6k Nordland (19) d\u00f8de i brannen i Hamar.  Foto: Privat \/ Privat\" class=\"_image_qp4xg_65 layout-component layout-normal\" data-fullscreen- data-track-element-type=\"Article image fullscreen\" data-track-name=\"ImageFullscreen\" decoding=\"async\" loading=\"lazy\" height=\"1061\" itemprop=\"image\"  src=\"https:\/\/www.europesays.com\/no\/wp-content\/uploads\/2025\/10\/32a37fff-e740-4de3-afd7-09ada56dc545\"  style=\"object-position:0% 0%\" width=\"1080\"\/>\u00d8verst fra venstre: Ariane Haga (18), Astrid St\u00f8e Valla (18), Ester Moe Lj\u00f8dal (19) og Ida B\u00e6k Nordland (19) d\u00f8de i brannen i Hamar.  Foto: Privat \/ Privat<\/p>\n<p class=\"_paragraph_o9xde_4 _paragraph_xtcu6_10 layout-component text-serif-m layout-normal text-serif-m layout-padded\">Politiet har tidligere opplyst at de har en formening om at brannen startet utend\u00f8rs. Det er ikke mistanke om noe kriminelt, sier Kjelsberg. <\/p>\n<p class=\"_paragraph_o9xde_4 _paragraph_xtcu6_10 layout-component text-serif-m layout-normal text-serif-m layout-padded\">Hun \u00f8nsker ikke \u00e5 g\u00e5 ut med detaljer om hva vitner har forklart og hva som kommer fram gjennom digitale bevis. <\/p>\n<p class=\"_paragraph_o9xde_4 _paragraph_xtcu6_10 layout-component text-serif-m layout-normal text-serif-m layout-padded\">Politiet har f\u00e5tt tilsendt flere videoer av brannen fra privatpersoner, og disse har if\u00f8lge politiadvokaten v\u00e6rt sv\u00e6rt viktige for \u00e5 f\u00e5 en s\u00e5 god som overhodet mulig oversikt over hendelsesforl\u00f8pet.<\/p>\n<p class=\"_paragraph_o9xde_4 _paragraph_xtcu6_10 layout-component text-serif-m layout-normal text-serif-m layout-padded\">VG har unders\u00f8kt hvor mange d\u00f8dsbranner som blir oppklart i Norge. Sakene kan du lese her: <\/p>\n<p>Les ogs\u00e5<br \/>\n    <img decoding=\"async\" alt=\"Tips oss illustrasjon\" src=\"https:\/\/www.europesays.com\/no\/wp-content\/uploads\/2025\/10\/pssst-small.webp.webp\"\/>    <\/p>\n<p class=\"title-serif-s\">Har du tips?<\/p>\n<p class=\"text-sans-m\">Send oss informasjon, bilder eller video.<\/p>\n<p>  <a href=\"https:\/\/www.vg.no\/tips-oss\" rel=\"nofollow noopener\" target=\"_blank\"> Tips oss <\/a>      <\/p>\n","protected":false},"excerpt":{"rendered":"Politiet er ferdig med de kriminaltekniske unders\u00f8kelsene p\u00e5 branntomten. Foto: Espen Sj\u00f8lingstad Hoen \/ VG Oppdatert fredag 24.&hellip;\n","protected":false},"author":2,"featured_media":68729,"comment_status":"","ping_status":"","sticky":false,"template":"","format":"standard","meta":{"footnotes":""},"categories":[5],"tags":[31,20,21,4794,9626,24,25,1552,15,19,22,23,17,18,13,30,28,29,14,16,26,27],"class_list":{"0":"post-68728","1":"post","2":"type-post","3":"status-publish","4":"format-standard","5":"has-post-thumbnail","7":"category-overskrifter","8":"tag-breaking","9":"tag-breaking-news","10":"tag-breakingnews","11":"tag-dodsbrannen-i-hamar","12":"tag-dodsbranner","13":"tag-featured-news","14":"tag-featurednews","15":"tag-hamar","16":"tag-headlines","17":"tag-hovedoppslag","18":"tag-latest-news","19":"tag-latestnews","20":"tag-main-news","21":"tag-mainnews","22":"tag-news","23":"tag-no","24":"tag-norge","25":"tag-norway","26":"tag-nyheter","27":"tag-overskrifter","28":"tag-top-stories","29":"tag-topstories"},"share_on_mastodon":{"url":"https:\/\/pubeurope.com\/@no\/115428281926120742","error":""},"_links":{"self":[{"href":"https:\/\/www.europesays.com\/no\/wp-json\/wp\/v2\/posts\/68728","targetHints":{"allow":["GET"]}}],"collection":[{"href":"https:\/\/www.europesays.com\/no\/wp-json\/wp\/v2\/posts"}],"about":[{"href":"https:\/\/www.europesays.com\/no\/wp-json\/wp\/v2\/types\/post"}],"author":[{"embeddable":true,"href":"https:\/\/www.europesays.com\/no\/wp-json\/wp\/v2\/users\/2"}],"replies":[{"embeddable":true,"href":"https:\/\/www.europesays.com\/no\/wp-json\/wp\/v2\/comments?post=68728"}],"version-history":[{"count":0,"href":"https:\/\/www.europesays.com\/no\/wp-json\/wp\/v2\/posts\/68728\/revisions"}],"wp:featuredmedia":[{"embeddable":true,"href":"https:\/\/www.europesays.com\/no\/wp-json\/wp\/v2\/media\/68729"}],"wp:attachment":[{"href":"https:\/\/www.europesays.com\/no\/wp-json\/wp\/v2\/media?parent=68728"}],"wp:term":[{"taxonomy":"category","embeddable":true,"href":"https:\/\/www.europesays.com\/no\/wp-json\/wp\/v2\/categories?post=68728"},{"taxonomy":"post_tag","embeddable":true,"href":"https:\/\/www.europesays.com\/no\/wp-json\/wp\/v2\/tags?post=68728"}],"curies":[{"name":"wp","href":"https:\/\/api.w.org\/{rel}","templated":true}]}}