{"id":68733,"date":"2025-10-24T08:56:10","date_gmt":"2025-10-24T08:56:10","guid":{"rendered":"https:\/\/www.europesays.com\/no\/68733\/"},"modified":"2025-10-24T08:56:10","modified_gmt":"2025-10-24T08:56:10","slug":"alana-hadid-giftet-seg-i-intimt-bryllup-med-ross-williams","status":"publish","type":"post","link":"https:\/\/www.europesays.com\/no\/68733\/","title":{"rendered":"Alana Hadid giftet seg i intimt bryllup med Ross Williams"},"content":{"rendered":"<p class=\"kicker \" style=\"\">Intim bakg\u00e5rdsseremoni:<\/p>\n<p>  &#8211; Vi var omgitt av kj\u00e6rlighet hele tiden, forteller den nygifte influenseren.<\/p>\n<p>\n    N\u00c5 ER HUN GIFT: Alana Hadid har giftet seg med kj\u00e6resten Ross Williams. Her avbildet med lilles\u00f8ster Gigi Hadid. Foto: Skjermdump fra Instagram\/@lanzybear\n  <\/p>\n<p>Stores\u00f8steren til supermodellene Bella Hadid (29) og Gigi Hadid (30) har innlemmet et nytt medlem i den ikoniske familien.<\/p>\n<p>Alana Hadid (42) giftet seg med kj\u00e6resten, den amerikanske TV-produsenten Ross Williams, i en intim bakg\u00e5rdsseremoni l\u00f8rdag 18. oktober, if\u00f8lge det amerikanske motemagasinet\u00a0<a href=\"https:\/\/www.vogue.com\/slideshow\/alana-hadid-wedding\" rel=\"nofollow noopener\" target=\"_blank\">Vogue<\/a>.<\/p>\n<p>    <a itemprop=\"url\" href=\"https:\/\/www.seher.no\/kjendis\/na-er-hun-gift\/83759630\" rel=\"nofollow noopener\" target=\"_blank\"><\/p>\n<p>      <img loading=\"lazy\" decoding=\"async\" src=\"https:\/\/www.europesays.com\/no\/wp-content\/uploads\/2025\/10\/81826235.webp\" width=\"980\" height=\"441\" title=\"N\u00e5 er hun gift!\" alt=\"\" class=\"lazyload\" style=\"--aspect-ratio-image: 2.22; \"\/><\/p>\n<p>        N\u00e5 er hun gift!<\/p>\n<p>    <\/a><\/p>\n<p>Bryllupet fant sted i Los Angeles-hjemmet til hennes far Mohamed Hadid (76), som har d\u00f8trene Alana og Marielle Hadid (45) med sin f\u00f8rste kone Mary Butler.<\/p>\n<p>Eiendomsmogulen har barna Gigi, Bella og Anwar Hadid (26) sammen med sin ekskone Yolanda Hadid (61). Tidligere i \u00e5r kunne investoren ogs\u00e5 avsl\u00f8re at han i tillegg har datteren Aydan Nix (23) sammen med ekskj\u00e6resten Terri Hatfield Dull.<\/p>\n<p>          <img loading=\"lazy\" decoding=\"async\" src=\"https:\/\/www.europesays.com\/no\/wp-content\/uploads\/2025\/10\/83760577.webp\" width=\"686\" height=\"885\" title=\"PAPPAS PIKE: Bella Hadid avbildet sammen med pappa Mohamed Hadid. Foto: Diggzy\/Shutterstock\" alt=\"\" class=\"\" style=\"--aspect-ratio-image: 0.78; \"\/><\/p>\n<p>\n          PAPPAS PIKE: Bella Hadid avbildet sammen med pappa Mohamed Hadid. Foto: Diggzy\/Shutterstock\n      <\/p>\n<p>Til Vogue har Alana fortalt at de \u00f8nsket \u00e5 smis i Hymens lenker p\u00e5 et sted som var betydningsfult for ekteparet &#8211; og hjemmet til pappa Mohamed ble derfor et naturlig valg for ekteskapsinng\u00e5elsen.<\/p>\n<p>&#8211; Vi \u00f8nsket ogs\u00e5 \u00e5 gifte oss p\u00e5 h\u00f8sten. H\u00f8sten i Los Angeles er en vakker tid. Bryllupet handlet egentlig om at vi skulle uttrykke for hverandre hva det innebar \u00e5 bli en familie. Det var personlig. Vi skrev v\u00e5re egne l\u00f8fter, som b\u00e5de var til \u00e6re for meg, men ogs\u00e5 Ross&#8217; datter. Jeg f\u00f8ler at vi var omgitt av kj\u00e6rlighet hele tiden, uttalte hun til det prestisjetunge magasinet.<\/p>\n<p>Brudeparet hadde ogs\u00e5 en f\u00f8rfest hjemme hos Mohamed, etterfulgt av en intim middag p\u00e5 Petit Ermitage, f\u00f8r de \u00f8nsket de \u00f8vrige gjestene velkommen med noe godt i glasset og et stort utvalg desserter.<\/p>\n<p>          <img loading=\"lazy\" decoding=\"async\" src=\"https:\/\/www.europesays.com\/no\/wp-content\/uploads\/2025\/10\/83760554.webp\" width=\"686\" height=\"824\" title=\"BARBEINT: Gigi og Bella Hadid var begge brudepiker under bryllupet. De var if\u00f8rt gr\u00f8nne kjoler - og gikk barbeint for anledningen. Foto: Skjermdump fra Instagram\/@lanzybear\" alt=\"\" class=\"\" style=\"--aspect-ratio-image: 0.83; \"\/><\/p>\n<p>\n          BARBEINT: Gigi og Bella Hadid var begge brudepiker under bryllupet. De var if\u00f8rt gr\u00f8nne kjoler &#8211; og gikk barbeint for anledningen. Foto: Skjermdump fra Instagram\/@lanzybear\n      <\/p>\n<p>Alana var if\u00f8rt en arkivkjole fra den anerkjente designeren Vivienne Westwood, og bar noen arvestykker fra familien p\u00e5 den store dagen &#8211; noen ametyst \u00f8reringer som skal ha tilh\u00f8rt moren Mary, samt flere halskjeder fra Dorsey &#8211; og et tilpasset diamant- og gullarmb\u00e5nd av Sofia Kaman.<\/p>\n<p>    <a itemprop=\"url\" href=\"https:\/\/www.seher.no\/kjendis\/droppes\/83759763\" rel=\"nofollow noopener\" target=\"_blank\"><\/p>\n<p>      <img loading=\"lazy\" decoding=\"async\" src=\"https:\/\/www.europesays.com\/no\/wp-content\/uploads\/2025\/10\/83759724.webp\" width=\"980\" height=\"441\" title=\"Droppes\" alt=\"\" class=\"lazyload\" style=\"--aspect-ratio-image: 2.22; \"\/><\/p>\n<p>        Droppes<\/p>\n<p>    <\/a><\/p>\n<p>Musikk var ogs\u00e5 en viktig del av bryllupsseremonien. Da brudepikene Marielle, Gigi, Bella og brudesvenn Anwar gikk ned midtgangen, ble tonene fra den palestinske sangen \u00abYa Tal3een\u00bb spilt.<\/p>\n<p>          <img loading=\"lazy\" decoding=\"async\" src=\"https:\/\/www.europesays.com\/no\/wp-content\/uploads\/2025\/10\/83760619.webp\" width=\"686\" height=\"652\" title=\"FLOKKEN: S\u00f8skenflokken hadde alle viktige roller i bryllupet til Alana. Foto: Skjermdump fra Instagram\/@lanzybear\" alt=\"\" class=\"\" style=\"--aspect-ratio-image: 1.05; \"\/><\/p>\n<p>\n          FLOKKEN: S\u00f8skenflokken hadde alle viktige roller i bryllupet til Alana. Foto: Skjermdump fra Instagram\/@lanzybear\n      <\/p>\n<p>Naturligvis \u00f8nsket Alana &#8211; hvis far Mohamed er palestiner &#8211; \u00e5 feire arven sin p\u00e5 bryllupsdagen. Hun skal derfor ha inkludert en spesiell espresso-og matchabar og en spesialitetscola fra merket Drink Palestina blant drikkemenyen til gjestene.\u00a0<\/p>\n<p>        PUSHET KOKAIN: I den nye boken \u00abHvite striper, sorte f\u00e5r\u00bb fremsettes flere nye p\u00e5stander i saken rundt Marius Borg H\u00f8iby. Foto: Andreas Fadum \/ Aschehoug \/ Se og H\u00f8r \/ NTB \/\/ Video: NTB \/\/ Reporter: H\u00e5vard Bj\u00f8rnerem<\/p>\n<p>Gjestene skal ogs\u00e5 ha mottatt spesialtilpassede gaveposer som inkluderte Mokafe-glass, Drink Palestina Cola og olivengr\u00f8nne keffiyehs av Kuvrd.<\/p>\n<p>    <a itemprop=\"url\" href=\"https:\/\/www.seher.no\/kjendis\/apner-om-ryktene\/83758210\" rel=\"nofollow noopener\" target=\"_blank\"><\/p>\n<p>      <img loading=\"lazy\" decoding=\"async\" src=\"https:\/\/www.europesays.com\/no\/wp-content\/uploads\/2025\/10\/1761296170_162_83758528.webp\" width=\"980\" height=\"441\" title=\"\u00c5pner om ryktene\" alt=\"\" class=\"lazyload\" style=\"--aspect-ratio-image: 2.22; \"\/><\/p>\n<p>        \u00c5pner om ryktene<\/p>\n<p>    <\/a><\/p>\n<p>&#8211; Med det som skjer i verden akkurat n\u00e5 &#8211; og det som skjer i Palestina, var det ekstremt viktig for meg \u00e5 s\u00f8rge for at alle hadde i tankene at det er mennesker i verden som lider, fortalte hun til Vogue.<\/p>\n<p>Alana la ogs\u00e5 til at selv om de hadde valgt et noks\u00e5 rimelig hjemmebryllup, ble det ikke spart p\u00e5 noe da det kom til verken mote, desserter eller andre aspekter som var meningsfulle for henne.<\/p>\n","protected":false},"excerpt":{"rendered":"Intim bakg\u00e5rdsseremoni: &#8211; Vi var omgitt av kj\u00e6rlighet hele tiden, forteller den nygifte influenseren. N\u00c5 ER HUN GIFT:&hellip;\n","protected":false},"author":2,"featured_media":68734,"comment_status":"","ping_status":"","sticky":false,"template":"","format":"standard","meta":{"footnotes":""},"categories":[12],"tags":[9721,6129,20,21,183,4104,24,25,9084,15,479,22,23,13,30,28,29,14,16,26,27,42,43,44,45],"class_list":{"0":"post-68733","1":"post","2":"type-post","3":"status-publish","4":"format-standard","5":"has-post-thumbnail","7":"category-verden","8":"tag-alana-hadid","9":"tag-bella-hadid","10":"tag-breaking-news","11":"tag-breakingnews","12":"tag-bryllup","13":"tag-eksklusivt","14":"tag-featured-news","15":"tag-featurednews","16":"tag-gigi-hadid","17":"tag-headlines","18":"tag-kjendis","19":"tag-latest-news","20":"tag-latestnews","21":"tag-news","22":"tag-no","23":"tag-norge","24":"tag-norway","25":"tag-nyheter","26":"tag-overskrifter","27":"tag-top-stories","28":"tag-topstories","29":"tag-verden","30":"tag-world","31":"tag-world-news","32":"tag-worldnews"},"share_on_mastodon":{"url":"https:\/\/pubeurope.com\/@no\/115428313551006856","error":""},"_links":{"self":[{"href":"https:\/\/www.europesays.com\/no\/wp-json\/wp\/v2\/posts\/68733","targetHints":{"allow":["GET"]}}],"collection":[{"href":"https:\/\/www.europesays.com\/no\/wp-json\/wp\/v2\/posts"}],"about":[{"href":"https:\/\/www.europesays.com\/no\/wp-json\/wp\/v2\/types\/post"}],"author":[{"embeddable":true,"href":"https:\/\/www.europesays.com\/no\/wp-json\/wp\/v2\/users\/2"}],"replies":[{"embeddable":true,"href":"https:\/\/www.europesays.com\/no\/wp-json\/wp\/v2\/comments?post=68733"}],"version-history":[{"count":0,"href":"https:\/\/www.europesays.com\/no\/wp-json\/wp\/v2\/posts\/68733\/revisions"}],"wp:featuredmedia":[{"embeddable":true,"href":"https:\/\/www.europesays.com\/no\/wp-json\/wp\/v2\/media\/68734"}],"wp:attachment":[{"href":"https:\/\/www.europesays.com\/no\/wp-json\/wp\/v2\/media?parent=68733"}],"wp:term":[{"taxonomy":"category","embeddable":true,"href":"https:\/\/www.europesays.com\/no\/wp-json\/wp\/v2\/categories?post=68733"},{"taxonomy":"post_tag","embeddable":true,"href":"https:\/\/www.europesays.com\/no\/wp-json\/wp\/v2\/tags?post=68733"}],"curies":[{"name":"wp","href":"https:\/\/api.w.org\/{rel}","templated":true}]}}