{"id":68735,"date":"2025-10-24T08:57:10","date_gmt":"2025-10-24T08:57:10","guid":{"rendered":"https:\/\/www.europesays.com\/no\/68735\/"},"modified":"2025-10-24T08:57:10","modified_gmt":"2025-10-24T08:57:10","slug":"sentrum-trafikk-og-kollektiv-tar-sikkerhetsgrep-stenger-flere-veier","status":"publish","type":"post","link":"https:\/\/www.europesays.com\/no\/68735\/","title":{"rendered":"Sentrum, Trafikk og kollektiv | Tar sikkerhetsgrep \u2013 stenger flere veier"},"content":{"rendered":"\n<p>Det melder politiet fredag morgen.<\/p>\n<p>I forbindelse med bes\u00f8ket vil det ogs\u00e5 v\u00e6re et arrangement p\u00e5 Harald H\u00e5rdr\u00e5des plass klokken 14.00.<\/p>\n<p><b>\u2013 Schweigaards gate vil da v\u00e6re stengt for gjennomkj\u00f8ring mellom Oslo gate og St. Halvards gate klokken 13.00 \u2013 15.15, skriver operasjonsleder Roy Langengen i politiloggen. <\/b><\/p>\n<p>100 meter fra arrangementet vil det v\u00e6re parkering forbudt.<\/p>\n<p><b>Det vil v\u00e6re luftromsrestriksjoner fra klokken 11 til 18 fredag. <\/b><\/p>\n<p>Dette omr\u00e5det definerer politiet som restriksjonsomr\u00e5det R112 Oslo 2:<\/p>\n<p>   <img decoding=\"async\" width=\"757\" height=\"562\" fetchpriority=\"low\"  loading=\"lazy\"  src=\"https:\/\/www.europesays.com\/no\/wp-content\/uploads\/2025\/10\/Skjermbilde+2025-10-24+090735.jpg\" alt=\"\" class=\"brick-c-cFOWSL\" style=\"--brick-image-ratio: 757 \/ 562;\"\/><\/p>\n<p>Arrangementet p\u00e5 Harald H\u00e5rdr\u00e5des plass vil gi et st\u00f8rre luftromsrestriksjonsomr\u00e5de over Oslo enn det er til daglig i Oslo politidistrikt.<\/p>\n<p><a rel=\"Follow nofollow noopener\" href=\"https:\/\/www.ao.no\/i-dag-kan-du-bli-mott-av-stengte-veier-i-sentrum\/s\/5-128-1176308\" target=\"_blank\">P\u00e5 torsdag<\/a> var det ogs\u00e5 stengte veier i sentrum.<\/p>\n<p>   <img decoding=\"async\" width=\"1367\" height=\"869\" fetchpriority=\"low\"  loading=\"lazy\"  src=\"https:\/\/www.europesays.com\/no\/wp-content\/uploads\/2025\/10\/1761296229_560_photo+%281%29.jpg\" alt=\"\" class=\"brick-c-cFOWSL\" style=\"--brick-image-ratio: 1367 \/ 869;\"\/><\/p>\n<p>      Denne kortesjen kj\u00f8rte forbi Frognerparken i retning Majorstuen torsdag ettermiddag.<br \/>\n      Foto: Halvor Dahle Uggerud \/ Avisa Oslo\n    <\/p>\n<ul>\n<li><b>HAR DU F\u00c5TT MED DEG DISSE?<\/b><\/li>\n<\/ul>\n<p>  <a href=\"https:\/\/www.ao.no\/5-128-1163049\" class=\"related-teaser has-image default-feature-teaser article--c-eRUmMG article--c-eRUmMG-jKCPdD-design-default\" wp_automatic_readability=\"1.5\" rel=\"nofollow noopener\" target=\"_blank\"><\/p>\n<p>    For abonnenter<\/p>\n<p>    <img decoding=\"async\" loading=\"lazy\"  src=\"https:\/\/www.europesays.com\/no\/wp-content\/uploads\/2025\/10\/IMG_5255_1.JPG\" alt=\"\" class=\"brick-c-cFOWSL\" style=\"\"\/><\/p>\n<p>\n            Les ogs\u00e5<\/p>\n<p>  Forandringen var spektakul\u00e6r. Plutselig flokket \u00aballe\u00bb til omr\u00e5det: \u2013 Poppet opp alt mulig<\/p>\n<p>  <\/a><\/p>\n<p>  <a href=\"https:\/\/www.ao.no\/5-128-1149891\" class=\"related-teaser has-image default-feature-teaser article--c-eRUmMG article--c-eRUmMG-jKCPdD-design-default\" wp_automatic_readability=\"1.5\" rel=\"nofollow noopener\" target=\"_blank\"><\/p>\n<p>    For abonnenter<\/p>\n<p>    <img decoding=\"async\" loading=\"lazy\"  src=\"https:\/\/www.europesays.com\/no\/wp-content\/uploads\/2025\/10\/IMG_2971.JPG\" alt=\"\" class=\"brick-c-cFOWSL\" style=\"\"\/><\/p>\n<p>\n            Les ogs\u00e5<\/p>\n<p>  \u00c9n etter \u00e9n har forsvunnet. Men butikken i Storgata har overlevd i 70 \u00e5r: \u2013 De kommer igjen og igjen<\/p>\n<p>  <\/a><\/p>\n<p>  <a href=\"https:\/\/www.ao.no\/5-128-1158903\" class=\"related-teaser has-image default-story-teaser article--c-eRUmMG article--c-eRUmMG-jKCPdD-design-default\" wp_automatic_readability=\"1\" rel=\"nofollow noopener\" target=\"_blank\"><\/p>\n<p>    For abonnenter<\/p>\n<p>    <img decoding=\"async\" loading=\"lazy\"  src=\"https:\/\/www.europesays.com\/no\/wp-content\/uploads\/2025\/10\/IMG_9036.JPG.jpg\" alt=\"\" class=\"brick-c-cFOWSL\" style=\"\"\/><\/p>\n<p>\n            Les ogs\u00e5<\/p>\n<p>  Slo alarm om funnene. Kan koste eieren svimlende sum: \u2013 Ikke til hinder for noen<\/p>\n<p>  <\/a><\/p>\n","protected":false},"excerpt":{"rendered":"Det melder politiet fredag morgen. I forbindelse med bes\u00f8ket vil det ogs\u00e5 v\u00e6re et arrangement p\u00e5 Harald H\u00e5rdr\u00e5des&hellip;\n","protected":false},"author":2,"featured_media":68736,"comment_status":"","ping_status":"","sticky":false,"template":"","format":"standard","meta":{"footnotes":""},"categories":[10],"tags":[36,20,21,24,25,15,22,23,13,30,28,29,14,16,254,285,7968,1510,26,27,284,489],"class_list":{"0":"post-68735","1":"post","2":"type-post","3":"status-publish","4":"format-standard","5":"has-post-thumbnail","7":"category-norge","8":"tag-art","9":"tag-breaking-news","10":"tag-breakingnews","11":"tag-featured-news","12":"tag-featurednews","13":"tag-headlines","14":"tag-latest-news","15":"tag-latestnews","16":"tag-news","17":"tag-no","18":"tag-norge","19":"tag-norway","20":"tag-nyheter","21":"tag-overskrifter","22":"tag-politi","23":"tag-sentrum","24":"tag-stengte-veier","25":"tag-story","26":"tag-top-stories","27":"tag-topstories","28":"tag-trafikk-og-kollektiv","29":"tag-ukraina"},"share_on_mastodon":{"url":"https:\/\/pubeurope.com\/@no\/115428317209462878","error":""},"_links":{"self":[{"href":"https:\/\/www.europesays.com\/no\/wp-json\/wp\/v2\/posts\/68735","targetHints":{"allow":["GET"]}}],"collection":[{"href":"https:\/\/www.europesays.com\/no\/wp-json\/wp\/v2\/posts"}],"about":[{"href":"https:\/\/www.europesays.com\/no\/wp-json\/wp\/v2\/types\/post"}],"author":[{"embeddable":true,"href":"https:\/\/www.europesays.com\/no\/wp-json\/wp\/v2\/users\/2"}],"replies":[{"embeddable":true,"href":"https:\/\/www.europesays.com\/no\/wp-json\/wp\/v2\/comments?post=68735"}],"version-history":[{"count":0,"href":"https:\/\/www.europesays.com\/no\/wp-json\/wp\/v2\/posts\/68735\/revisions"}],"wp:featuredmedia":[{"embeddable":true,"href":"https:\/\/www.europesays.com\/no\/wp-json\/wp\/v2\/media\/68736"}],"wp:attachment":[{"href":"https:\/\/www.europesays.com\/no\/wp-json\/wp\/v2\/media?parent=68735"}],"wp:term":[{"taxonomy":"category","embeddable":true,"href":"https:\/\/www.europesays.com\/no\/wp-json\/wp\/v2\/categories?post=68735"},{"taxonomy":"post_tag","embeddable":true,"href":"https:\/\/www.europesays.com\/no\/wp-json\/wp\/v2\/tags?post=68735"}],"curies":[{"name":"wp","href":"https:\/\/api.w.org\/{rel}","templated":true}]}}