{"id":68743,"date":"2025-10-24T09:08:10","date_gmt":"2025-10-24T09:08:10","guid":{"rendered":"https:\/\/www.europesays.com\/no\/68743\/"},"modified":"2025-10-24T09:08:10","modified_gmt":"2025-10-24T09:08:10","slug":"nye-siktelser-mot-arne-bye","status":"publish","type":"post","link":"https:\/\/www.europesays.com\/no\/68743\/","title":{"rendered":"Nye siktelser mot Arne Bye"},"content":{"rendered":"\n<p class=\"_lead_o9xde_2 _lead_xtcu6_50 layout-component text-serif-m layout-normal text-serif-l layout-component layout-wide layout-padded _wide_17hqh_1 layout-padded\">Den nye siktelsen beskriver 33 voldtektshandlinger og produksjon av fremstilling som seksualiserer barn. <\/p>\n<p><img alt=\" Foto: Tore Kristiansen \/ VG\" class=\"_image_qp4xg_65 layout-component layout-wide\" data-fullscreen- data-track-element-type=\"Article image fullscreen\" data-track-name=\"ImageFullscreen\" fetchpriority=\"high\" decoding=\"sync\" loading=\"eager\" height=\"1502\" itemprop=\"image\"  src=\"https:\/\/www.europesays.com\/no\/wp-content\/uploads\/2025\/10\/dfdd9380-999d-47a9-b27d-8b842892915d\"  style=\"object-position:0% 0%\" width=\"1849\"\/> Foto: Tore Kristiansen \/ VG Oppdatert fredag 24. oktober kl. 10:59    <\/p>\n<ul class=\"_list_o9xde_3 _list_64s2r_85 _unordered_o9xde_106 text-sans-m\">\n<li class=\"_item_o9xde_30\">Det er reist en ny formell siktelse mot Arne Bye: den inneholder seks poster med 33 voldtektshandlinger mot 16 forn\u00e6rmede.<\/li>\n<li class=\"_item_o9xde_30\">Siktet ogs\u00e5 for \u00a7 311 etter filming av barn under 18 \u00e5r ved en unders\u00f8kelse.<\/li>\n<li class=\"_item_o9xde_30\">Etterforskningen p\u00e5g\u00e5r fortsatt. Politiet vil begj\u00e6re ham fengslet til ankeforhandlingen 26. november.<\/li>\n<\/ul>\n<p>Vis mer <\/p>\n<p class=\"_paragraph_o9xde_4 _paragraph_xtcu6_10 layout-component text-serif-m layout-normal text-serif-m layout-padded\">P\u00e5talemyndigheten har reist formell siktelse for nye forhold som har v\u00e6rt under etterforskning siden desember 2024, skriver politiet i en pressemelding fredag formiddag.<\/p>\n<p class=\"_paragraph_o9xde_4 _paragraph_xtcu6_10 layout-component text-serif-m layout-normal text-serif-m layout-padded\">Den nye siktelsen inneholder seks poster, og gjelder forhold som skal v\u00e6re beg\u00e5tt overfor 16 ulike forn\u00e6rmede og inneholder seks poster. <\/p>\n<p class=\"_paragraph_o9xde_4 _paragraph_xtcu6_10 layout-component text-serif-m layout-normal text-serif-m layout-padded\"><strong class=\"_strong_o9xde_25\">Siktelsen beskriver 33 voldtektshandlinger av ulik karakter, if\u00f8lge politiet.<\/strong><\/p>\n<p class=\"_paragraph_o9xde_4 _paragraph_xtcu6_10 layout-component text-serif-m layout-normal text-serif-m layout-padded\">\u2013 For fem forn\u00e6rmede er han siktet for \u00e5 ha misbrukt sin stilling i tillegg til voldtekt, og for \u00e9n forn\u00e6rmet er han siktet for \u00e5 ha misbrukt sin stilling uten at dette knytter seg til en voldtekt, sier politiadvokat Ole Andreas Aftret ved Tr\u00f8ndelag politidistrikt.<\/p>\n<p class=\"_paragraph_o9xde_4 _paragraph_xtcu6_10 layout-component text-serif-m layout-normal text-serif-m layout-padded\">Bye er ogs\u00e5 siktet for produksjon av fremstilling som seksualiserer barn.<\/p>\n<p class=\"_paragraph_o9xde_4 _paragraph_xtcu6_10 layout-component text-serif-m layout-normal text-serif-m layout-padded\">\u2013 Siktelsen for overtredelse av straffeloven \u00a7 311 beskriver en overtredelse hvor et barn under 18 \u00e5r er filmet i forbindelse med en unders\u00f8kelse, sier Aftret.<\/p>\n<p><img alt=\"Arne Bye i retten.  Foto: Ane Hem \/ NTB\" class=\"_image_qp4xg_65 layout-component layout-normal\" data-fullscreen- data-track-element-type=\"Article image fullscreen\" data-track-name=\"ImageFullscreen\" decoding=\"async\" loading=\"lazy\" height=\"3598\" itemprop=\"image\"  src=\"https:\/\/www.europesays.com\/no\/wp-content\/uploads\/2025\/10\/7a554388-5ba8-4552-b859-cb0d6a18239a\"  style=\"object-position:0% 0%\" width=\"5398\"\/>Arne Bye i retten.  Foto: Ane Hem \/ NTB<\/p>\n<p class=\"_paragraph_o9xde_4 _paragraph_xtcu6_10 layout-component text-serif-m layout-normal text-serif-m layout-padded\"><strong class=\"_strong_o9xde_25\">\u2013 Jeg har ingen kommentar til de nye siktelsene. Vi f\u00e5r se p\u00e5 de nye siktelsene etter hvert, sier hans forsvarer Frode Wisth til VG. <\/strong><\/p>\n<p class=\"_paragraph_o9xde_4 _paragraph_xtcu6_10 layout-component text-serif-m layout-normal text-serif-m layout-padded\">Wisth opplyser at han snakker jevnlig med Bye.<\/p>\n<p class=\"_paragraph_o9xde_4 _paragraph_xtcu6_10 layout-component text-serif-m layout-normal text-serif-m layout-padded\">Politiadvokat Aftret understreker at det fremdeles er en p\u00e5g\u00e5ende etterforskning og at bevissituasjonen kan endre seg. Ingen av sakene er avgjort.<\/p>\n<p class=\"_paragraph_o9xde_4 _paragraph_xtcu6_10 layout-component text-serif-m layout-normal text-serif-m layout-padded\">\u2013 Det er viktig \u00e5 presisere at siktelsen ikke inneb\u00e6rer noen konstatering av skyld, men kun gir uttrykk for hva p\u00e5talemyndigheten mener er mest sannsynlig per n\u00e5, sier han.<\/p>\n<p class=\"_paragraph_o9xde_4 _paragraph_xtcu6_10 layout-component text-serif-m layout-normal layout-padded\"><strong class=\"_strong_o9xde_25\">Les ogs\u00e5:<\/strong> <a href=\"https:\/\/www.vg.no\/i\/gwJ51J\" data-track-element-type=\"Link\" data-track-id=\"link:gwJ51J\" class=\"_link_o9xde_39\" rel=\"nofollow noopener\" target=\"_blank\">Kvinne unders\u00f8kt hjemme av Arne Bye: \u2013 Gikk inn p\u00e5 soverommet<\/a><\/p>\n<p class=\"_paragraph_o9xde_4 _paragraph_xtcu6_10 layout-component text-serif-m layout-normal text-serif-m layout-padded\">Politiet har tidligere g\u00e5tt ut med at det er 34 ulike forn\u00e6rmede som er en del av den p\u00e5g\u00e5ende etterforskningen. 18 av disse er ikke en del av den nye siktelsen, opplyser politiet.<\/p>\n<p class=\"_paragraph_o9xde_4 _paragraph_xtcu6_10 layout-component text-serif-m layout-normal text-serif-m layout-padded\">\u2013 For noen skyldes dette at det anmeldte forhold sannsynligvis er foreldet, for andre at det som beskrives, sannsynligvis ikke rammet av straffelovens bestemmelser om misbruk av overmaktsforhold eller voldtekt, eller at bevissituasjonen er uklar, sier Aftret.<\/p>\n<p><img alt=\"Bilde fra unders\u00f8kelsesrommet p\u00e5 legekontoret til Arne Bye. Dette ble vist frem under rettssaken i 2024.  Foto: Politiet \/ Politiet\" class=\"_image_qp4xg_65 layout-component layout-normal\" data-fullscreen- data-track-element-type=\"Article image fullscreen\" data-track-name=\"ImageFullscreen\" decoding=\"async\" loading=\"lazy\" height=\"3456\" itemprop=\"image\"  src=\"https:\/\/www.europesays.com\/no\/wp-content\/uploads\/2025\/10\/68086869-28b0-4433-951d-55699554fac7\"  style=\"object-position:0% 0%\" width=\"4608\"\/>Bilde fra unders\u00f8kelsesrommet p\u00e5 legekontoret til Arne Bye. Dette ble vist frem under rettssaken i 2024.  Foto: Politiet \/ Politiet<\/p>\n<p class=\"_paragraph_o9xde_4 _paragraph_xtcu6_10 layout-component text-serif-m layout-normal text-serif-m layout-padded\">I forbindelse med etterforskningen mot Arne Bye har politiet nylig gjennoms\u00f8kt to fritidseiendommer i Levanger. Det ble ikke gjort noen funn p\u00e5 disse eiendommene, if\u00f8lge politiet. <\/p>\n<p class=\"_paragraph_o9xde_4 _paragraph_xtcu6_10 layout-component text-serif-m layout-normal text-serif-m layout-padded\">\u2013 Tidspunktet for ransakingen av fritidseiendommene er basert p\u00e5 at politiet f\u00f8rst n\u00e5 har kommet igjennom det store beslaget med datab\u00e6rere som ble gjort i v\u00e5r. Vi leter etter mulige filmer fra f\u00f8r 2016, sier Aftret.<\/p>\n<p class=\"_paragraph_o9xde_4 _paragraph_xtcu6_10 layout-component text-serif-m layout-normal layout-padded\"><strong class=\"_strong_o9xde_25\">Les ogs\u00e5:<\/strong> <a href=\"https:\/\/www.vg.no\/i\/KMdorX\" data-track-element-type=\"Link\" data-track-id=\"link:KMdorX\" class=\"_link_o9xde_39\" rel=\"nofollow noopener\" target=\"_blank\">Arne Bye m\u00e5 sitte i varetekt i fengsel \u2013 H\u00f8yesterett forkaster anken<\/a><\/p>\n<p class=\"_paragraph_o9xde_4 _paragraph_xtcu6_10 layout-component text-serif-m layout-normal text-serif-m layout-padded\">P\u00e5talemyndigheten vil begj\u00e6re Bye refengslet frem til ankeforhandlingen 26. november, opplyser de.<\/p>\n<p class=\"_paragraph_o9xde_4 _paragraph_xtcu6_10 layout-component text-serif-m layout-normal text-serif-m layout-padded\">Arne Bye var tidligere kommuneoverlege i <a href=\"https:\/\/www.vg.no\/tag\/frosta?utm_source=vg-article&amp;utm_medium=auto-tagger&amp;utm_campaign=63p50o\" class=\"_link_o9xde_39\" rel=\"nofollow noopener\" target=\"_blank\">Frosta<\/a>. Han ble 6. juni av tingretten d\u00f8mt til 21 \u00e5rs fengsel for 70 voldtekter av kvinnelige pasienter og 82 tilfeller av misbruk av stillingen sin. Han har anket store deler av dommen.<\/p>\n<p>    <img decoding=\"async\" alt=\"Tips oss illustrasjon\" src=\"https:\/\/www.europesays.com\/no\/wp-content\/uploads\/2025\/10\/pssst-small.webp.webp\"\/>    <\/p>\n<p class=\"title-serif-s\">Har du tips?<\/p>\n<p class=\"text-sans-m\">Send oss informasjon, bilder eller video.<\/p>\n<p>  <a href=\"https:\/\/www.vg.no\/tips-oss\" rel=\"nofollow noopener\" target=\"_blank\"> Tips oss <\/a>      <\/p>\n","protected":false},"excerpt":{"rendered":"Den nye siktelsen beskriver 33 voldtektshandlinger og produksjon av fremstilling som seksualiserer barn. Foto: Tore Kristiansen \/ VG&hellip;\n","protected":false},"author":2,"featured_media":68744,"comment_status":"","ping_status":"","sticky":false,"template":"","format":"standard","meta":{"footnotes":""},"categories":[5],"tags":[31,20,21,24,25,3581,15,19,22,23,492,17,18,13,30,28,29,14,16,468,26,27],"class_list":{"0":"post-68743","1":"post","2":"type-post","3":"status-publish","4":"format-standard","5":"has-post-thumbnail","7":"category-overskrifter","8":"tag-breaking","9":"tag-breaking-news","10":"tag-breakingnews","11":"tag-featured-news","12":"tag-featurednews","13":"tag-frosta","14":"tag-headlines","15":"tag-hovedoppslag","16":"tag-latest-news","17":"tag-latestnews","18":"tag-levanger","19":"tag-main-news","20":"tag-mainnews","21":"tag-news","22":"tag-no","23":"tag-norge","24":"tag-norway","25":"tag-nyheter","26":"tag-overskrifter","27":"tag-politiet","28":"tag-top-stories","29":"tag-topstories"},"share_on_mastodon":{"url":"https:\/\/pubeurope.com\/@no\/115428360559752405","error":""},"_links":{"self":[{"href":"https:\/\/www.europesays.com\/no\/wp-json\/wp\/v2\/posts\/68743","targetHints":{"allow":["GET"]}}],"collection":[{"href":"https:\/\/www.europesays.com\/no\/wp-json\/wp\/v2\/posts"}],"about":[{"href":"https:\/\/www.europesays.com\/no\/wp-json\/wp\/v2\/types\/post"}],"author":[{"embeddable":true,"href":"https:\/\/www.europesays.com\/no\/wp-json\/wp\/v2\/users\/2"}],"replies":[{"embeddable":true,"href":"https:\/\/www.europesays.com\/no\/wp-json\/wp\/v2\/comments?post=68743"}],"version-history":[{"count":0,"href":"https:\/\/www.europesays.com\/no\/wp-json\/wp\/v2\/posts\/68743\/revisions"}],"wp:featuredmedia":[{"embeddable":true,"href":"https:\/\/www.europesays.com\/no\/wp-json\/wp\/v2\/media\/68744"}],"wp:attachment":[{"href":"https:\/\/www.europesays.com\/no\/wp-json\/wp\/v2\/media?parent=68743"}],"wp:term":[{"taxonomy":"category","embeddable":true,"href":"https:\/\/www.europesays.com\/no\/wp-json\/wp\/v2\/categories?post=68743"},{"taxonomy":"post_tag","embeddable":true,"href":"https:\/\/www.europesays.com\/no\/wp-json\/wp\/v2\/tags?post=68743"}],"curies":[{"name":"wp","href":"https:\/\/api.w.org\/{rel}","templated":true}]}}