{"id":68755,"date":"2025-10-24T09:22:08","date_gmt":"2025-10-24T09:22:08","guid":{"rendered":"https:\/\/www.europesays.com\/no\/68755\/"},"modified":"2025-10-24T09:22:08","modified_gmt":"2025-10-24T09:22:08","slug":"disse-vinene-burde-kostet-mer","status":"publish","type":"post","link":"https:\/\/www.europesays.com\/no\/68755\/","title":{"rendered":"Disse vinene burde kostet mer"},"content":{"rendered":"\n<p class=\"_prefix_nfjwc_1 layout-padded\">Ukens<br \/>vintips<\/p>\n<p class=\"_lead_o9xde_2 _lead_xtcu6_50 layout-component text-serif-m layout-normal text-serif-l _lead_1eue0_21 layout-component layout-normal layout-padded layout-padded\">Nye funn som legges rett p\u00e5 min stjerneliste.<\/p>\n<p>VGs vinekspert. Utdannet vinkelner og har jobbet med vin hele mitt yrkesliv. Mer enn 20 \u00e5rs erfaring, blant annet fra Vinmonopolet, vinimport og restaurantbransjen. Har skrevet seks b\u00f8ker om mat &amp; vin, holder vinkurs og lager b\u00e5de TV, podcast og lydb\u00f8ker om vin.<\/p>\n<p><a href=\"https:\/\/www.vg.no\/forbruker\/i\/KMQLqG\/mailto:vinsara@vg.no\" class=\"_button_6bkpv_2 button-label-large _filled_6bkpv_106 _button_1t7m8_75\" rel=\"nofollow noopener\" target=\"_blank\">E-post<\/a>Fredag 24. oktober kl. 10:40     <\/p>\n<p class=\"_paragraph_o9xde_4 _paragraph_xtcu6_10 layout-component text-serif-m layout-normal text-serif-m layout-padded\"><strong class=\"_strong_o9xde_25\">Min jobb er<\/strong> \u00e5 jakte p\u00e5 vin som byr p\u00e5 en liten opplevelse, uten at man ruineres i kassa p\u00e5 polet. Min drivkraft er fortsatt \u00e5 finne frem til de vinene som f\u00e5r deg til \u00e5 stoppe opp litt og som gir en liten lykkef\u00f8lelse fordi vinen smaker mer enn den koster (og ikke omvendt).\u00a0<\/p>\n<p class=\"_paragraph_o9xde_4 _paragraph_xtcu6_10 layout-component text-serif-m layout-normal text-serif-m layout-padded\"><strong class=\"_strong_o9xde_25\">Som med alt<\/strong> annet her i landet, g\u00e5r ogs\u00e5 prisene p\u00e5 vin opp. Det er s\u00f8ren meg ikke lett \u00e5 finne wow-viner til lave priser lenger. <\/p>\n<p class=\"_paragraph_o9xde_4 _paragraph_xtcu6_10 layout-component text-serif-m layout-normal text-serif-m layout-padded\"><strong class=\"_strong_o9xde_25\">Men \u2013 de dukker<\/strong> opp n\u00e5r jeg minst venter det, og det gleder meg like mye hver gang. Som gylne traktkantareller plukket p\u00e5 et hemmelig sted i skogen, legger jeg disse flaskefunnene inn i min private stjerneliste. <\/p>\n<p class=\"_paragraph_o9xde_4 _paragraph_xtcu6_10 layout-component text-serif-m layout-normal text-serif-m layout-padded\"><strong class=\"_strong_o9xde_25\">I dag serverer jeg<\/strong> dere seks viner som alle har dette til felles: Disse burde kostet mer! Vi skal til Italia, Hellas og Frankrike. Og selvsagt til Portugal.\u00a0<\/p>\n<p class=\"_paragraph_o9xde_4 _paragraph_xtcu6_10 layout-component text-serif-m layout-normal text-serif-m layout-padded\"><strong class=\"_strong_o9xde_25\">PSST! Husk at du finner alle Saras anmeldte viner p\u00e5\u00a0<a href=\"https:\/\/www.vg.no\/vin\" class=\"_link_o9xde_39\" rel=\"nofollow noopener\" target=\"_blank\">vg.no\/vin<\/a>.<\/strong><\/p>\n","protected":false},"excerpt":{"rendered":"Ukensvintips Nye funn som legges rett p\u00e5 min stjerneliste. VGs vinekspert. Utdannet vinkelner og har jobbet med vin&hellip;\n","protected":false},"author":2,"featured_media":68756,"comment_status":"","ping_status":"","sticky":false,"template":"","format":"standard","meta":{"footnotes":""},"categories":[12],"tags":[20,21,24,25,15,22,23,13,30,28,29,14,16,592,26,27,42,591,590,43,44,45],"class_list":{"0":"post-68755","1":"post","2":"type-post","3":"status-publish","4":"format-standard","5":"has-post-thumbnail","7":"category-verden","8":"tag-breaking-news","9":"tag-breakingnews","10":"tag-featured-news","11":"tag-featurednews","12":"tag-headlines","13":"tag-latest-news","14":"tag-latestnews","15":"tag-news","16":"tag-no","17":"tag-norge","18":"tag-norway","19":"tag-nyheter","20":"tag-overskrifter","21":"tag-sara-doscher","22":"tag-top-stories","23":"tag-topstories","24":"tag-verden","25":"tag-vin","26":"tag-vintips","27":"tag-world","28":"tag-world-news","29":"tag-worldnews"},"share_on_mastodon":{"url":"https:\/\/pubeurope.com\/@no\/115428415531124408","error":""},"_links":{"self":[{"href":"https:\/\/www.europesays.com\/no\/wp-json\/wp\/v2\/posts\/68755","targetHints":{"allow":["GET"]}}],"collection":[{"href":"https:\/\/www.europesays.com\/no\/wp-json\/wp\/v2\/posts"}],"about":[{"href":"https:\/\/www.europesays.com\/no\/wp-json\/wp\/v2\/types\/post"}],"author":[{"embeddable":true,"href":"https:\/\/www.europesays.com\/no\/wp-json\/wp\/v2\/users\/2"}],"replies":[{"embeddable":true,"href":"https:\/\/www.europesays.com\/no\/wp-json\/wp\/v2\/comments?post=68755"}],"version-history":[{"count":0,"href":"https:\/\/www.europesays.com\/no\/wp-json\/wp\/v2\/posts\/68755\/revisions"}],"wp:featuredmedia":[{"embeddable":true,"href":"https:\/\/www.europesays.com\/no\/wp-json\/wp\/v2\/media\/68756"}],"wp:attachment":[{"href":"https:\/\/www.europesays.com\/no\/wp-json\/wp\/v2\/media?parent=68755"}],"wp:term":[{"taxonomy":"category","embeddable":true,"href":"https:\/\/www.europesays.com\/no\/wp-json\/wp\/v2\/categories?post=68755"},{"taxonomy":"post_tag","embeddable":true,"href":"https:\/\/www.europesays.com\/no\/wp-json\/wp\/v2\/tags?post=68755"}],"curies":[{"name":"wp","href":"https:\/\/api.w.org\/{rel}","templated":true}]}}