{"id":68780,"date":"2025-10-24T09:40:54","date_gmt":"2025-10-24T09:40:54","guid":{"rendered":"https:\/\/www.europesays.com\/no\/68780\/"},"modified":"2025-10-24T09:40:54","modified_gmt":"2025-10-24T09:40:54","slug":"tiril-eckhoff-og-santino-mirenna-avkrefter-romanserykter","status":"publish","type":"post","link":"https:\/\/www.europesays.com\/no\/68780\/","title":{"rendered":"Tiril Eckhoff og Santino Mirenna avkrefter romanserykter"},"content":{"rendered":"<p>\u00c5rets <a href=\"https:\/\/www.seher.no\/kjendis\/tarevat-exit\/83741255\" rel=\"nofollow noopener\" target=\"_blank\">\u00abSkal vi danse\u00bb<\/a>-sesong er inne i sin fjerde uke, og konkurransen har n\u00e5 begynt \u00e5 tilspisse seg.\u00a0<\/p>\n<p>Tre deltakere har allerede m\u00e5ttet takke for seg, og sist l\u00f8rdag var det <a href=\"https:\/\/www.seher.no\/kjendis\/ute-av-skal-vi-danse\/83741650\" rel=\"nofollow noopener\" target=\"_blank\">Emma Ellingsen (24)<\/a> som m\u00e5tte ut i danseduell og senere forlate programmet.\u00a0<\/p>\n<p>    <a itemprop=\"url\" href=\"https:\/\/www.seher.no\/kjendis\/baby-avsloring-i-skal-vi-danse\/83755326\" rel=\"nofollow noopener\" target=\"_blank\"><\/p>\n<p>      <img loading=\"lazy\" decoding=\"async\" src=\"https:\/\/www.europesays.com\/no\/wp-content\/uploads\/2025\/10\/1761298850_746_83755396.webp\" width=\"147\" height=\"98\" title=\"Baby-avsl\u00f8ring i \u00abSkal vi danse\u00bb\" alt=\"\" class=\"\" style=\"--aspect-ratio-image: 1.50; \"\/><\/p>\n<p>        Baby-avsl\u00f8ring i \u00abSkal vi danse\u00bb<\/p>\n<p>    <\/a><\/p>\n<p>Onsdag m\u00f8tte Se og H\u00f8r Tiril Eckhoff (35) og dansepartner Santino Mirenna (31) for \u00e5 sl\u00e5 av en prat om hvordan samarbeidet har g\u00e5tt s\u00e5 langt.\u00a0<\/p>\n<p class=\"font-weight-black m-font-weight-black bg-black color_mobile_bg-black\" data-lab-font_weight=\"font-weight-black\">AKKURAT N\u00c5: <a href=\"https:\/\/www.seher.no\/\" rel=\"nofollow noopener\" target=\"_blank\">Sjekk her!<\/a><\/p>\n<p>Danseparene, som tilbringer mye tid sammen i forbindelse med danse\u00f8ving og sendinger, kommer trolig tett inn p\u00e5 hverandre.\u00a0<\/p>\n<p>          <img loading=\"lazy\" decoding=\"async\" src=\"https:\/\/www.europesays.com\/no\/wp-content\/uploads\/2025\/10\/83758537.webp\" width=\"686\" height=\"529\" title=\"IMPONERER: Tiril Eckhoff og Santino Mirenna har gjort en god figur i \u00abSkal vi danse\u00bb. Fansen har ogs\u00e5 spekulert p\u00e5 om det har oppst\u00e5tt s\u00f8t musikk mellom dansepartnerne. Foto: Andreas Fadum\/Se og H\u00f8r\" alt=\"\" class=\"\" style=\"--aspect-ratio-image: 1.30; \"\/><\/p>\n<p>\n          IMPONERER: Tiril Eckhoff og Santino Mirenna har gjort en god figur i \u00abSkal vi danse\u00bb. Fansen har ogs\u00e5 spekulert p\u00e5 om det har oppst\u00e5tt s\u00f8t musikk mellom dansepartnerne. Foto: Andreas Fadum\/Se og H\u00f8r\n      <\/p>\n<p>P\u00e5 et sp\u00f8rsm\u00e5l om Tiril og Santino har oppdaget noen nye sider ved hverandre, svarer f\u00f8rstnevnte:<\/p>\n<p>&#8211; Kom med det, Santino.<\/p>\n<p class=\"font-weight-bold m-font-weight-bold\" data-lab-font_weight=\"font-weight-bold\">Men 31-\u00e5ringen har ikke noe negativt \u00e5 si om skistjernen.\u00a0<\/p>\n<p>&#8211; Vi trener bra og krangler ikke. Det fungerer veldig bra, og vi er alltid \u00e6rlige med hverandre. Tiril kommer ogs\u00e5 med innspill til koreografi, sier Santino.\u00a0<\/p>\n<p>          <img loading=\"lazy\" decoding=\"async\" src=\"https:\/\/www.europesays.com\/no\/wp-content\/uploads\/2025\/10\/83758526.webp\" width=\"686\" height=\"1023\" title=\"FESTDUO: Danseparet dukket opp sammen p\u00e5 Lykos halloween-fest forrige uke. Foto: Andreas Fadum\/Se og H\u00f8r\" alt=\"\" class=\"\" style=\"--aspect-ratio-image: 0.67; \"\/><\/p>\n<p>\n          FESTDUO: Danseparet dukket opp sammen p\u00e5 Lykos halloween-fest forrige uke. Foto: Andreas Fadum\/Se og H\u00f8r\n      <\/p>\n<p>Tiril hyller ogs\u00e5 dansepartneren sin, og beskriver proffdanseren som positiv med en sterk arbeidsmoral.\u00a0<\/p>\n<p>&#8211; Han er veldig dedikert og ordentlig, ekstremt ordentlig. Han liker \u00e5 ha orden og har alltid brettekanter i baggen, avsl\u00f8rer hun.\u00a0<\/p>\n<p>    <a itemprop=\"url\" href=\"https:\/\/www.seher.no\/kjendis\/dommerkritikk-foles-toft\/83755969\" rel=\"nofollow noopener\" target=\"_blank\"><\/p>\n<p>      <img loading=\"lazy\" decoding=\"async\" src=\"https:\/\/www.europesays.com\/no\/wp-content\/uploads\/2025\/10\/83755793.webp\" width=\"980\" height=\"441\" title=\"- Reddet oss\" alt=\"\" class=\"lazyload\" style=\"--aspect-ratio-image: 2.22; \"\/><\/p>\n<p>        &#8211; Reddet oss<\/p>\n<p>    <\/a><\/p>\n<p>Svarer p\u00e5 ryktene\t<\/p>\n<p>I mai kunne den tidligere skiskytterstjernen\u00a0avsl\u00f8re at hun og langrennsl\u00f8per \u00c5nund Lid Byggland (35) hadde gjort det slutt etter 14 \u00e5r ved hverandres side.\u00a0<\/p>\n<p>Duoen hadde v\u00e6rt kj\u00e6rester siden 2011, og i 2022 forlovet de seg.\u00a0<\/p>\n<p>        SKAL VI DANSE: Halvor Bakke dukket opp p\u00e5 \u00abSkal vi danse\u00bb med krykker etter \u00e5 ha m\u00e5ttet trekke seg grunnet skade. Reporter: Danny Son Ngoc To \/ Christina Holen Korneliussen<\/p>\n<p>Det tok derfor ikke lang tid f\u00f8r\u00a0spekulasjonene om romantikk mellom de to single \u00abSkal vi danse\u00bb-deltakerne begynte \u00e5 svirre, og n\u00e5r Se og H\u00f8r konfronterer paret med rykteflommen, svarer de:<\/p>\n<p>&#8211; Det er hyggelig at mange spekulerer p\u00e5 det, men jeg vet ikke om vi skal legge den d\u00f8d?<\/p>\n<p>          <img loading=\"lazy\" decoding=\"async\" src=\"https:\/\/www.europesays.com\/no\/wp-content\/uploads\/2025\/10\/1761298854_909_83758528.webp\" width=\"686\" height=\"714\" title=\"SVARER: Romanseryktene florerer rundt \u00abSkal vi danse\u00bb-duoen. N\u00e5 tar de bladet fra munnen. Foto: Andreas Fadum\/Se og H\u00f8r\" alt=\"\" class=\"\" style=\"--aspect-ratio-image: 0.96; \"\/><\/p>\n<p>\n          SVARER: Romanseryktene florerer rundt \u00abSkal vi danse\u00bb-duoen. N\u00e5 tar de bladet fra munnen. Foto: Andreas Fadum\/Se og H\u00f8r\n      <\/p>\n<p>Santino forteller at han har inntatt en slags lillebror-rolle i relasjonen deres, og at det var overraskende at romanseryktene har blusset opp.\u00a0<\/p>\n<p>Tiril p\u00e5 sin side, er tydelig p\u00e5 hvilken rolle hun hadde hatt dersom romantikk hadde oppst\u00e5tt mellom dem.\u00a0<\/p>\n<p>        PUSHET KOKAIN: I den nye boken \u00abHvite striper, sorte f\u00e5r\u00bb fremsettes flere nye p\u00e5stander i saken rundt Marius Borg H\u00f8iby. Foto: Andreas Fadum \/ Aschehoug \/ Se og H\u00f8r \/ NTB \/\/ Video: NTB \/\/ Reporter: H\u00e5vard Bj\u00f8rnerem<\/p>\n<p class=\"font-weight-bold m-font-weight-bold\" data-lab-font_weight=\"font-weight-bold\">&#8211; Jeg er litt redd for at hvis vi hadde blitt kj\u00e6rester s\u00e5 hadde jeg blitt mannen i forholdet. Det er jeg som hadde fikset lysp\u00e6rer og s\u00e5nt, sier Tiril og ler.\u00a0<\/p>\n<p>    <a itemprop=\"url\" href=\"https:\/\/www.seher.no\/kjendis\/gladmelding\/83752261\" rel=\"nofollow noopener\" target=\"_blank\"><\/p>\n<p>      <img loading=\"lazy\" decoding=\"async\" src=\"https:\/\/www.europesays.com\/no\/wp-content\/uploads\/2025\/10\/1761298854_896_83752287.webp\" width=\"980\" height=\"441\" title=\"Gladmelding\" alt=\"\" class=\"lazyload\" style=\"--aspect-ratio-image: 2.22; \"\/><\/p>\n<p>        Gladmelding<\/p>\n<p>    <\/a><\/p>\n<p class=\"italic m-italic\" data-lab-italic=\"italic\">&#8211; Det er ikke noen romanse mellom dere?<\/p>\n<p>&#8211; Nei, eller n\u00e5 legger jeg den d\u00f8d. Men man vet jo aldri, kanskje etter en uke til, svarer hun lattermildt.\u00a0<\/p>\n<p> \u00abSkal vi danse\u00bb sendes p\u00e5 TV 2 l\u00f8rdager fra 4. oktober 2025. <\/p>\n","protected":false},"excerpt":{"rendered":"\u00c5rets \u00abSkal vi danse\u00bb-sesong er inne i sin fjerde uke, og konkurransen har n\u00e5 begynt \u00e5 tilspisse seg.\u00a0&hellip;\n","protected":false},"author":2,"featured_media":67807,"comment_status":"","ping_status":"","sticky":false,"template":"","format":"standard","meta":{"footnotes":""},"categories":[58],"tags":[71,479,2543,30,28,29,6921,8977,2280,2287,72],"class_list":{"0":"post-68780","1":"post","2":"type-post","3":"status-publish","4":"format-standard","5":"has-post-thumbnail","7":"category-underholdning","8":"tag-entertainment","9":"tag-kjendis","10":"tag-kjendisdesken","11":"tag-no","12":"tag-norge","13":"tag-norway","14":"tag-romanserykter","15":"tag-santino-mirenna","16":"tag-skal-vi-danse","17":"tag-tiril-eckhoff","18":"tag-underholdning"},"share_on_mastodon":{"url":"https:\/\/pubeurope.com\/@no\/115428490312086114","error":""},"_links":{"self":[{"href":"https:\/\/www.europesays.com\/no\/wp-json\/wp\/v2\/posts\/68780","targetHints":{"allow":["GET"]}}],"collection":[{"href":"https:\/\/www.europesays.com\/no\/wp-json\/wp\/v2\/posts"}],"about":[{"href":"https:\/\/www.europesays.com\/no\/wp-json\/wp\/v2\/types\/post"}],"author":[{"embeddable":true,"href":"https:\/\/www.europesays.com\/no\/wp-json\/wp\/v2\/users\/2"}],"replies":[{"embeddable":true,"href":"https:\/\/www.europesays.com\/no\/wp-json\/wp\/v2\/comments?post=68780"}],"version-history":[{"count":0,"href":"https:\/\/www.europesays.com\/no\/wp-json\/wp\/v2\/posts\/68780\/revisions"}],"wp:featuredmedia":[{"embeddable":true,"href":"https:\/\/www.europesays.com\/no\/wp-json\/wp\/v2\/media\/67807"}],"wp:attachment":[{"href":"https:\/\/www.europesays.com\/no\/wp-json\/wp\/v2\/media?parent=68780"}],"wp:term":[{"taxonomy":"category","embeddable":true,"href":"https:\/\/www.europesays.com\/no\/wp-json\/wp\/v2\/categories?post=68780"},{"taxonomy":"post_tag","embeddable":true,"href":"https:\/\/www.europesays.com\/no\/wp-json\/wp\/v2\/tags?post=68780"}],"curies":[{"name":"wp","href":"https:\/\/api.w.org\/{rel}","templated":true}]}}