{"id":68810,"date":"2025-10-24T10:35:09","date_gmt":"2025-10-24T10:35:09","guid":{"rendered":"https:\/\/www.europesays.com\/no\/68810\/"},"modified":"2025-10-24T10:35:09","modified_gmt":"2025-10-24T10:35:09","slug":"na-skal-du-stille-klokka","status":"publish","type":"post","link":"https:\/\/www.europesays.com\/no\/68810\/","title":{"rendered":"N\u00e5 skal du stille klokka"},"content":{"rendered":"\n<ul class=\"_list_o9xde_3 _list_64s2r_85 _unordered_o9xde_106 text-sans-m\">\n<li class=\"_item_o9xde_30\">Natt til s\u00f8ndag stiller vi klokken \u00e9n time tilbake.<\/li>\n<li class=\"_item_o9xde_30\">Mange familier gruer seg til overgangene, if\u00f8lge s\u00f8vnekspert Caroline Lorentzen.<\/li>\n<li class=\"_item_o9xde_30\">S\u00f8vnterapeut anbefaler sm\u00e5 justeringer i leggetid for \u00e5 tilpasse seg.<\/li>\n<li class=\"_item_o9xde_30\">Det har v\u00e6rt debatt om avskaffelse av sommertid, men EU-forslag har v\u00e6rt forsinket.<\/li>\n<\/ul>\n<p>Vis mer <\/p>\n<p class=\"_paragraph_o9xde_4 _paragraph_xtcu6_10 layout-component text-serif-m layout-normal text-serif-m layout-padded\">Natt til s\u00f8ndag skal vi justere klokken en time tilbake. N\u00e5r klokken viser 3 p\u00e5 natten, flyttes den tilbake til 2.<\/p>\n<p class=\"_paragraph_o9xde_4 _paragraph_xtcu6_10 layout-component text-serif-m layout-normal text-serif-m layout-padded\">Det kan v\u00e6re forvirrende \u00e5 huske p\u00e5 hvilken vei man skal stille klokken, men en huskeregel er at klokken alltid skrus mot \u00e5rets sommer.<\/p>\n<ul class=\"_list_o9xde_3 _list_xtcu6_9 _unordered_o9xde_106 layout-component text-serif-m layout-normal text-serif-m layout-padded\">\n<li class=\"_item_o9xde_30\"> Om v\u00e5ren skrus klokken frem, mot sommeren. <\/li>\n<li class=\"_item_o9xde_30\"> Om h\u00f8sten skrus den tilbake, ogs\u00e5 mot sommeren.<\/li>\n<\/ul>\n<p class=\"_paragraph_o9xde_4 _paragraph_xtcu6_10 layout-component text-serif-m layout-normal layout-padded\"><strong class=\"_strong_o9xde_25\">Les ogs\u00e5:<\/strong> <a href=\"https:\/\/www.vg.no\/i\/XbABzo\" data-track-element-type=\"Link\" data-track-id=\"link:XbABzo\" class=\"_link_o9xde_39\" rel=\"nofollow noopener\" target=\"_blank\">Stille klokka? Dette er reglene du m\u00e5 huske p\u00e5<\/a><\/p>\n<p class=\"_paragraph_o9xde_4 _paragraph_xtcu6_10 layout-component text-serif-m layout-normal text-serif-m layout-padded\"><a href=\"https:\/\/www.vg.no\/nyheter\/i\/XbABzo\/stille-klokka-naar-stilles-klokka-vintertid-og-sommertid\" data-track-element-type=\"Link\" data-track-id=\"link:XbABzo\" class=\"_link_o9xde_39\" rel=\"nofollow noopener\" target=\"_blank\">Neste gang vi stiler klokken<\/a> blir natten mellom l\u00f8rdag 28 mars og s\u00f8ndag 29. mars 2026.<\/p>\n<p>Barna trenger tid<\/p>\n<p class=\"_paragraph_o9xde_4 _paragraph_xtcu6_10 layout-component text-serif-m layout-normal text-serif-m layout-padded\">S\u00f8vnekspert Caroline Lorentzen forteller at mange familier gruer seg til overgangene som vi opplever to ganger i \u00e5ret med sommertid og vintertid. <\/p>\n<p class=\"_paragraph_o9xde_4 _paragraph_xtcu6_10 layout-component text-serif-m layout-normal text-serif-m layout-padded\">\u2013 Jeg tenker p\u00e5 dem som har f\u00e5tt en rytme der barna v\u00e5kner i 6- eller 7-tiden, og man er forn\u00f8yd. Men s\u00e5 v\u00e5kner de plutselig klokken 5 p\u00e5 morgenen, og da er det \u00e5 begynne p\u00e5 nytt igjen, beskriver hun overfor NTB.<\/p>\n<p><img alt=\"S\u00f8vneksperten Caroline Lorentzen kan bekrefte at mange familier gruer seg til overgangene som vi opplever to ganger i \u00e5ret med sommertid og vintertid. Mandag v\u00e5kner mange sm\u00e5 barn klokken 5 istedenfor klokken 6 eller 7.   Foto: Sara Johannessen Meek \/ NTB\" class=\"_image_qp4xg_65 layout-component layout-normal\" data-fullscreen- data-track-element-type=\"Article image fullscreen\" data-track-name=\"ImageFullscreen\" decoding=\"async\" loading=\"lazy\" height=\"2912\" itemprop=\"image\"  src=\"https:\/\/www.europesays.com\/no\/wp-content\/uploads\/2025\/10\/26e3b370-4a0f-4466-ac5c-8c0f57f7a138\"  style=\"object-position:0% 0%\" width=\"4368\"\/>S\u00f8vneksperten Caroline Lorentzen kan bekrefte at mange familier gruer seg til overgangene som vi opplever to ganger i \u00e5ret med sommertid og vintertid. Mandag v\u00e5kner mange sm\u00e5 barn klokken 5 istedenfor klokken 6 eller 7.   Foto: Sara Johannessen Meek \/ NTB<\/p>\n<p class=\"_paragraph_o9xde_4 _paragraph_xtcu6_10 layout-component text-serif-m layout-normal text-serif-m layout-padded\">Tr\u00f8sten er at det normalt ordner seg i l\u00f8pet av to til tre uker ettersom resten av dagen blir forskj\u00f8vet. Hvis barna g\u00e5r i barnehagen, s\u00e5 blir starten der ogs\u00e5 justert med en time. Det gjelder ogs\u00e5 m\u00e5ltidene og aktivitetene, og s\u00e5 g\u00e5r man i seng en time senere. <\/p>\n<p class=\"_paragraph_o9xde_4 _paragraph_xtcu6_10 layout-component text-serif-m layout-normal text-serif-m layout-padded\">\u2013 Men det kan v\u00e6re ganske r\u00f8ft mens det st\u00e5r p\u00e5, sier hun.<\/p>\n<p>Juster ti minutter<\/p>\n<p class=\"_paragraph_o9xde_4 _paragraph_xtcu6_10 layout-component text-serif-m layout-normal text-serif-m layout-padded\">Terapeut Aleksander Andersen hos S\u00f8vnklinikken mener at det er et stort eksperiment som gjennomf\u00f8res n\u00e5r man stiller klokken to ganger i \u00e5ret.<\/p>\n<p class=\"_paragraph_o9xde_4 _paragraph_xtcu6_10 layout-component text-serif-m layout-normal text-serif-m layout-padded\">\u2013 Det er registrert en \u00f8kning i hjerteinfarkt hvert \u00e5r n\u00e5r befolkningen mister en time. P\u00e5 samme m\u00e5te er det f\u00e6rre om h\u00f8sten n\u00e5r man henter inn en time. Dette sier noe om viktigheten av s\u00f8vn, sier han, og viser til at det registreres flere ulykker i samfunnet p\u00e5 v\u00e5ren n\u00e5r vi mister s\u00f8vn.<\/p>\n<p class=\"_paragraph_o9xde_4 _paragraph_xtcu6_10 layout-component text-serif-m layout-normal text-serif-m layout-padded\">\u2013 Det er som jetlag, n\u00e5r vi f\u00e5r forskj\u00f8vet d\u00f8gnrytmen under reiser over flere tidssoner. Selv om det bare er \u00e9n time, s\u00e5 rokker man ved s\u00f8vnrytmen som kan g\u00e5 utover hvordan vi har det p\u00e5 dagtid, sier Andersen til NTB.<\/p>\n<p class=\"_paragraph_o9xde_4 _paragraph_xtcu6_10 layout-component text-serif-m layout-normal text-serif-m layout-padded\">Det kan v\u00e6re lurt \u00e5 ha en klokke som har \u00abgammel\u00bb tid. Han anbefaler \u00e5 bruke litt tid p\u00e5 \u00e5 justere seg ved \u00e5 flytte tiden man legger seg for eksempel 10\u201315 minutter av gangen. Dette kan man ogs\u00e5 gj\u00f8re med barn.<\/p>\n<p>Ny diskusjon<\/p>\n<p class=\"_paragraph_o9xde_4 _paragraph_xtcu6_10 layout-component text-serif-m layout-normal text-serif-m layout-padded\">F\u00f8rste gang Norge hadde sommertid var i 1916, og siden har det v\u00e6rt av og p\u00e5 med ordningen flere ganger. Vi hadde for eksempel sommertid fra 1940 til 1945, og i noen av krigs\u00e5rene hadde vi til og med sommertid hele \u00e5ret. <\/p>\n<p class=\"_paragraph_o9xde_4 _paragraph_xtcu6_10 layout-component text-serif-m layout-normal text-serif-m layout-padded\"> \u2013 Begrunnelsen for \u00e5 innf\u00f8re sommertid har v\u00e6rt \u00e5 utnytte sollyset og spare energi, forteller sivilingeni\u00f8r Knut Hofstad som er spesialist p\u00e5 energi. Han skriver artikler om blant annet sommertid i Store norske leksikon og er ikke i tvil om hva han mener om ordningen.<\/p>\n<p><img alt=\"Terapeut Aleksander Andersen hos S\u00f8vnklinikken mener at det er et stort eksperiment som gjennomf\u00f8res n\u00e5r man stiller klokken to ganger i \u00e5ret. Han anbefaler \u00e5 bruke litt tid p\u00e5 \u00e5 justere seg ved \u00e5 flytte tiden man legger seg.   Foto: Sara Johannessen Meek \/ NTB\" class=\"_image_qp4xg_65 layout-component layout-normal\" data-fullscreen- data-track-element-type=\"Article image fullscreen\" data-track-name=\"ImageFullscreen\" decoding=\"async\" loading=\"lazy\" height=\"2512\" itemprop=\"image\"  src=\"https:\/\/www.europesays.com\/no\/wp-content\/uploads\/2025\/10\/2ed3ff06-0690-4a8d-9681-523d413c863e\"  style=\"object-position:0% 0%\" width=\"3584\"\/>Terapeut Aleksander Andersen hos S\u00f8vnklinikken mener at det er et stort eksperiment som gjennomf\u00f8res n\u00e5r man stiller klokken to ganger i \u00e5ret. Han anbefaler \u00e5 bruke litt tid p\u00e5 \u00e5 justere seg ved \u00e5 flytte tiden man legger seg.   Foto: Sara Johannessen Meek \/ NTB<\/p>\n<p class=\"_paragraph_o9xde_4 _paragraph_xtcu6_10 layout-component text-serif-m layout-normal text-serif-m layout-padded\">\u2013 Det er un\u00f8dvendig i dag. Det burde avvikles med en gang. S\u00e6rlig n\u00e5 er det s\u00e5 mange som har fleksibel arbeidstid, og man kan bare starte litt f\u00f8r og f\u00e5 samme virkning fremfor \u00e5 forskyve klokken. Det er en forstyrrelse av hverdagen \u00e5 justere dette fram og tilbake, sier han til NTB.<\/p>\n<p class=\"_paragraph_o9xde_4 _paragraph_xtcu6_10 layout-component text-serif-m layout-normal text-serif-m layout-padded\">I 1980 ble det p\u00e5 nytt innf\u00f8rt sommertid, og siden har vi fulgt sommertiden som n\u00e5 reguleres av EU. Et forslag om \u00e5 avvikle den ble lagt fram i 2019. <\/p>\n<p class=\"_paragraph_o9xde_4 _paragraph_xtcu6_10 layout-component text-serif-m layout-normal text-serif-m layout-padded\">Men uenighet mellom landene, pandemien, krig i Ukraina og energikrise igjen i Europa har f\u00f8rt til at forslaget har havnet et stykke ned i byr\u00e5krati-bunken i Brussel. <\/p>\n<p>\u2013 Noe herk<\/p>\n<p class=\"_paragraph_o9xde_4 _paragraph_xtcu6_10 layout-component text-serif-m layout-normal text-serif-m layout-padded\">At vi m\u00e5 justere klokken engasjerer ogs\u00e5 regjeringen.<\/p>\n<p class=\"_paragraph_o9xde_4 _paragraph_xtcu6_10 layout-component text-serif-m layout-normal text-serif-m layout-padded\">\u2013 Mange skiftarbeidere, sm\u00e5barnsfamilier og b\u00f8nder synes klokkestilling er noe herk, men vi gj\u00f8r det for \u00e5 ha samme tid som v\u00e5re naboland. Heldigvis har selve stillingen blitt langt enklere med digitale klokker som stiller seg selv, sier n\u00e6ringsminister Cecilie Myrseth (Ap) i en pressemelding.<\/p>\n<p class=\"_paragraph_o9xde_4 _paragraph_xtcu6_10 layout-component text-serif-m layout-normal text-serif-m layout-padded\">Hun mener det er praktisk for oss at vi f\u00f8lger praksisen hos nabolandene. S\u00e5 f\u00e5r tiden avgj\u00f8re om EU etter hvert g\u00e5r inn for en justering og avvikler ordningen.<\/p>\n<p><img alt=\"Natt til s\u00f8ndag 26. oktober skal vi alle justere klokka en time tilbake. N\u00e5r klokka viser 3 p\u00e5 natta, stilles den tilbake til 2. \u2013 Det er som jetlag, sier terapeut Aleksander Andersen hos S\u00f8vnklinikken.   Foto: Tor Erik Schr\u00f8der \/ NTB\" class=\"_image_qp4xg_65 layout-component layout-normal\" data-fullscreen- data-track-element-type=\"Article image fullscreen\" data-track-name=\"ImageFullscreen\" decoding=\"async\" loading=\"lazy\" height=\"2809\" itemprop=\"image\"  src=\"https:\/\/www.europesays.com\/no\/wp-content\/uploads\/2025\/10\/56a77dfa-4ea6-4f02-b552-46bde065418b\"  style=\"object-position:0% 0%\" width=\"4213\"\/>Natt til s\u00f8ndag 26. oktober skal vi alle justere klokka en time tilbake. N\u00e5r klokka viser 3 p\u00e5 natta, stilles den tilbake til 2. \u2013 Det er som jetlag, sier terapeut Aleksander Andersen hos S\u00f8vnklinikken.   Foto: Tor Erik Schr\u00f8der \/ NTB<\/p>\n<p class=\"_paragraph_o9xde_4 _paragraph_xtcu6_10 layout-component text-serif-m layout-normal text-serif-m layout-padded\">Til helgen m\u00e5 du alts\u00e5 forberede deg: Ved innf\u00f8ring av sommertid om v\u00e5ren stilles klokken \u00e9n time fram, og den stilles \u00e9n time tilbake n\u00e5r man g\u00e5r tilbake til normaltid om h\u00f8sten. <\/p>\n<p class=\"_paragraph_o9xde_4 _paragraph_xtcu6_10 layout-component text-serif-m layout-normal text-serif-m layout-padded\">S\u00e5 gjelder det \u00e5 sjekke klokkene. De fleste mobiler, datamaskiner og ringeklokker justerer seg automatisk i dag. Men ta en kontroll likevel. <\/p>\n","protected":false},"excerpt":{"rendered":"Natt til s\u00f8ndag stiller vi klokken \u00e9n time tilbake. Mange familier gruer seg til overgangene, if\u00f8lge s\u00f8vnekspert Caroline&hellip;\n","protected":false},"author":2,"featured_media":68811,"comment_status":"","ping_status":"","sticky":false,"template":"","format":"standard","meta":{"footnotes":""},"categories":[5],"tags":[20,21,24,25,15,19,22,23,17,18,13,30,28,29,14,16,9725,26,27,9726],"class_list":{"0":"post-68810","1":"post","2":"type-post","3":"status-publish","4":"format-standard","5":"has-post-thumbnail","7":"category-overskrifter","8":"tag-breaking-news","9":"tag-breakingnews","10":"tag-featured-news","11":"tag-featurednews","12":"tag-headlines","13":"tag-hovedoppslag","14":"tag-latest-news","15":"tag-latestnews","16":"tag-main-news","17":"tag-mainnews","18":"tag-news","19":"tag-no","20":"tag-norge","21":"tag-norway","22":"tag-nyheter","23":"tag-overskrifter","24":"tag-sommertid","25":"tag-top-stories","26":"tag-topstories","27":"tag-vintertid"},"share_on_mastodon":{"url":"https:\/\/pubeurope.com\/@no\/115428702623464332","error":""},"_links":{"self":[{"href":"https:\/\/www.europesays.com\/no\/wp-json\/wp\/v2\/posts\/68810","targetHints":{"allow":["GET"]}}],"collection":[{"href":"https:\/\/www.europesays.com\/no\/wp-json\/wp\/v2\/posts"}],"about":[{"href":"https:\/\/www.europesays.com\/no\/wp-json\/wp\/v2\/types\/post"}],"author":[{"embeddable":true,"href":"https:\/\/www.europesays.com\/no\/wp-json\/wp\/v2\/users\/2"}],"replies":[{"embeddable":true,"href":"https:\/\/www.europesays.com\/no\/wp-json\/wp\/v2\/comments?post=68810"}],"version-history":[{"count":0,"href":"https:\/\/www.europesays.com\/no\/wp-json\/wp\/v2\/posts\/68810\/revisions"}],"wp:featuredmedia":[{"embeddable":true,"href":"https:\/\/www.europesays.com\/no\/wp-json\/wp\/v2\/media\/68811"}],"wp:attachment":[{"href":"https:\/\/www.europesays.com\/no\/wp-json\/wp\/v2\/media?parent=68810"}],"wp:term":[{"taxonomy":"category","embeddable":true,"href":"https:\/\/www.europesays.com\/no\/wp-json\/wp\/v2\/categories?post=68810"},{"taxonomy":"post_tag","embeddable":true,"href":"https:\/\/www.europesays.com\/no\/wp-json\/wp\/v2\/tags?post=68810"}],"curies":[{"name":"wp","href":"https:\/\/api.w.org\/{rel}","templated":true}]}}