{"id":68843,"date":"2025-10-24T11:19:13","date_gmt":"2025-10-24T11:19:13","guid":{"rendered":"https:\/\/www.europesays.com\/no\/68843\/"},"modified":"2025-10-24T11:19:13","modified_gmt":"2025-10-24T11:19:13","slug":"krim-helse-nye-siktelser-og-ransakinger-i-arne-bye-saken","status":"publish","type":"post","link":"https:\/\/www.europesays.com\/no\/68843\/","title":{"rendered":"Krim, Helse | Nye siktelser og ransakinger i Arne Bye-saken"},"content":{"rendered":"\n<p>P\u00e5talemyndigheten har reist formell siktelse mot tidligere kommuneoverlege i Frosta, Arne Bye, for de nye forholdene som har v\u00e6rt under etterforskning siden desember 2024.<\/p>\n<p>Det opplyser Tr\u00f8ndelag politidistrikt i en pressemelding fredag.<\/p>\n<p>\u2013 Et barn under 18 er filmet<\/p>\n<p><b>Siktelsen inneholder seks poster: <\/b>Voldtekt til samleie (straffeloven \u00a7 292, jf. \u00a7 291), voldtekt til seksuell omgang etter b\u00e5de ny og gammel straffelov (2 poster, straffeloven \u00a7 291, straffeloven (1902) \u00a7 192 f\u00f8rste ledd bokstav b), misbruk av overmaktsforhold, (straffeloven \u00a7 295) og produksjon av fremstilling som seksualiserer barn (straffeloven \u00a7 311).<\/p>\n<p>Siktelsen gjelder forhold som skal v\u00e6re beg\u00e5tt overfor 16 ulike forn\u00e6rmede, opplyser politiet:<\/p>\n<p>\u2013 Siktelsen beskriver 33 voldtektshandlinger av ulik karakter. For fem forn\u00e6rmede er han siktet for \u00e5 ha misbrukt sin stilling i tillegg til voldtekt, og for \u00e9n forn\u00e6rmet er han siktet for \u00e5 ha misbrukt sin stilling uten at dette knytter seg til en voldtekt. Siktelsen for overtredelse av straffeloven \u00a7 311 beskriver en overtredelse hvor et barn under 18 \u00e5r er filmet i forbindelse med en unders\u00f8kelse, sier politiadvokat Ole Andreas Aftret ved Tr\u00f8ndelag politidistrikt.<\/p>\n<p>\u2013 Det at han er siktet betyr at p\u00e5talemyndigheten vurderer det som mer sannsynlig at det har skjedd en straffbar handling enn at det ikke har skjedd. Det er viktig \u00e5 presisere at siktelsen ikke inneb\u00e6rer noen konstatering av skyld, men kun gir uttrykk for hva p\u00e5talemyndigheten mener er mest sannsynlig per n\u00e5, sier Aftret.<\/p>\n<p>Kan endre seg<\/p>\n<p>Det er 34 ulike forn\u00e6rmede som er en del av den p\u00e5g\u00e5ende etterforskningen. 18 av disse er ikke del av den nye siktelsen.<\/p>\n<p>\u2013 For noen skyldes dette at det anmeldte forhold sannsynligvis er foreldet, for andre at det som beskrives sannsynligvis ikke rammes av straffelovens bestemmelser om misbruk av overmaktsforhold eller voldtekt eller at bevissituasjonen er uklar, sier Aftret.<\/p>\n<p>Politiet understreker at det fortsatt er en p\u00e5g\u00e5ende etterforskning og at bevissituasjonen kan endre seg, b\u00e5de for forhold som er en del av siktelsen \u2013 og de som ikke er det.<\/p>\n<p>  <a href=\"https:\/\/www.t-a.no\/5-116-2237149\" class=\"related-teaser has-image default-story-teaser article--c-eRUmMG article--c-eRUmMG-jKCPdD-design-default\" rel=\"nofollow noopener\" target=\"_blank\"><\/p>\n<p>    <img decoding=\"async\" loading=\"lazy\"  src=\"https:\/\/www.europesays.com\/no\/wp-content\/uploads\/2025\/10\/JAfrosta-lege04.jpg\" alt=\"\" class=\"brick-c-cFOWSL\" style=\"\"\/><\/p>\n<p>\n            Les ogs\u00e5<\/p>\n<p>              M\u00e5 i retten igjen: \u2013 Jeg gr\u00e5t hele dagen\n        <\/p>\n<p>  <\/a><br \/>\n  Ransaket fritidseiendommer<\/p>\n<p>I forbindelse med etterforskningen av den tidligere kommuneoverlegen ble det nylig gjennomf\u00f8rt en ransaking p\u00e5 to fritidseiendommer i Levanger. Det er ikke gjort funn p\u00e5 disse eiendommene.<\/p>\n<p>\u2013 Tidspunktet for ransakingen av fritidseiendommene er basert p\u00e5 at politiet f\u00f8rst n\u00e5 har kommet igjennom det store beslaget med datab\u00e6rere som ble gjort i v\u00e5r. Vi leter etter mulige filmer fra f\u00f8r 2016, sier Aftret.<\/p>\n<p>P\u00e5talemyndigheten vil begj\u00e6re Bye refengslet frem til ankeforhandlingen den 26. november, opplyser politiet.<\/p>\n<p>Det er berammet fengslingsm\u00f8te f\u00f8rstkommende mandag formiddag.<\/p>\n<p>  <a href=\"https:\/\/www.t-a.no\/5-116-2226240\" class=\"related-teaser has-image default-story-teaser article--c-eRUmMG article--c-eRUmMG-jKCPdD-design-default\" rel=\"nofollow noopener\" target=\"_blank\"><\/p>\n<p>    <img decoding=\"async\" loading=\"lazy\"  src=\"https:\/\/www.europesays.com\/no\/wp-content\/uploads\/2025\/10\/5_116_2077991+a+ret+bilder16.jpg\" alt=\"\" class=\"brick-c-cFOWSL\" style=\"\"\/><\/p>\n<p>\n            Les ogs\u00e5<\/p>\n<p>              Bye m\u00e5 sitte i fengsel\n        <\/p>\n<p>  <\/a><\/p>\n<p>    Vil du se neste video?<\/p>\n<p>    <a href=\"https:\/\/www.t-a.no\/jordras-pa-rora-e6-er-stengt\/v\/5-116-2239999\" class=\"recommend-poster\" data-adp-clicklabel=\"video-recommend\" data-adp-clickvalue=\"poster\" rel=\"nofollow noopener\" target=\"_blank\"><br \/>\n      <img decoding=\"async\" width=\"200\" height=\"200\" loading=\"lazy\" src=\"https:\/\/www.europesays.com\/no\/wp-content\/uploads\/2025\/10\/v-i-edf3c288-d12b-435f-8a0d-22e32b9c7c0f-1.jpg\" alt=\"\" class=\"brick-c-cFOWSL\" style=\"--brick-image-ratio: 200 \/ 200;\"\/><\/p>\n<p>Jordras p\u00e5 R\u00f8ra \u2013 E6 er stengt0:40<\/p>\n<p>    <\/a><\/p>\n","protected":false},"excerpt":{"rendered":"P\u00e5talemyndigheten har reist formell siktelse mot tidligere kommuneoverlege i Frosta, Arne Bye, for de nye forholdene som har&hellip;\n","protected":false},"author":2,"featured_media":68844,"comment_status":"","ping_status":"","sticky":false,"template":"","format":"standard","meta":{"footnotes":""},"categories":[5],"tags":[36,20,21,24,25,3581,15,736,19,983,22,23,17,18,13,30,28,29,14,16,1510,26,27],"class_list":{"0":"post-68843","1":"post","2":"type-post","3":"status-publish","4":"format-standard","5":"has-post-thumbnail","7":"category-overskrifter","8":"tag-art","9":"tag-breaking-news","10":"tag-breakingnews","11":"tag-featured-news","12":"tag-featurednews","13":"tag-frosta","14":"tag-headlines","15":"tag-helse","16":"tag-hovedoppslag","17":"tag-krim","18":"tag-latest-news","19":"tag-latestnews","20":"tag-main-news","21":"tag-mainnews","22":"tag-news","23":"tag-no","24":"tag-norge","25":"tag-norway","26":"tag-nyheter","27":"tag-overskrifter","28":"tag-story","29":"tag-top-stories","30":"tag-topstories"},"share_on_mastodon":{"url":"https:\/\/pubeurope.com\/@no\/115428875730751744","error":""},"_links":{"self":[{"href":"https:\/\/www.europesays.com\/no\/wp-json\/wp\/v2\/posts\/68843","targetHints":{"allow":["GET"]}}],"collection":[{"href":"https:\/\/www.europesays.com\/no\/wp-json\/wp\/v2\/posts"}],"about":[{"href":"https:\/\/www.europesays.com\/no\/wp-json\/wp\/v2\/types\/post"}],"author":[{"embeddable":true,"href":"https:\/\/www.europesays.com\/no\/wp-json\/wp\/v2\/users\/2"}],"replies":[{"embeddable":true,"href":"https:\/\/www.europesays.com\/no\/wp-json\/wp\/v2\/comments?post=68843"}],"version-history":[{"count":0,"href":"https:\/\/www.europesays.com\/no\/wp-json\/wp\/v2\/posts\/68843\/revisions"}],"wp:featuredmedia":[{"embeddable":true,"href":"https:\/\/www.europesays.com\/no\/wp-json\/wp\/v2\/media\/68844"}],"wp:attachment":[{"href":"https:\/\/www.europesays.com\/no\/wp-json\/wp\/v2\/media?parent=68843"}],"wp:term":[{"taxonomy":"category","embeddable":true,"href":"https:\/\/www.europesays.com\/no\/wp-json\/wp\/v2\/categories?post=68843"},{"taxonomy":"post_tag","embeddable":true,"href":"https:\/\/www.europesays.com\/no\/wp-json\/wp\/v2\/tags?post=68843"}],"curies":[{"name":"wp","href":"https:\/\/api.w.org\/{rel}","templated":true}]}}