{"id":68856,"date":"2025-10-24T11:31:07","date_gmt":"2025-10-24T11:31:07","guid":{"rendered":"https:\/\/www.europesays.com\/no\/68856\/"},"modified":"2025-10-24T11:31:07","modified_gmt":"2025-10-24T11:31:07","slug":"sett-kirby-air-riders-pa-prove-for-du-kjoper-ved-a-delta-i-den-kommende-global-test-ride","status":"publish","type":"post","link":"https:\/\/www.europesays.com\/no\/68856\/","title":{"rendered":"Sett Kirby Air Riders p\u00e5 pr\u00f8ve f\u00f8r du kj\u00f8per ved \u00e5 delta i den kommende Global Test Ride"},"content":{"rendered":"<p>Etter \u00e5 ha sett nesten to timer med Masahiro Sakurai som viser og demonstrerer Kirby Air Riders i l\u00f8pet av de siste par m\u00e5nedene, kan det v\u00e6re godt \u00e5 vite at Nintendo arrangerer et <a href=\"https:\/\/www.nintendo.com\/en-gb\/Games\/Nintendo-Switch-2-games\/Kirby-Air-Riders-2785805.html\" target=\"_blank\" rel=\"nofollow noopener\">testarrangement<\/a> i forkant av lanseringen, hvis du fortsatt er usikker p\u00e5 spillet og hva du kan forvente deg av det.<\/p>\n<p>Det er utvilsomt mer ment som en m\u00e5te \u00e5 stressteste online-elementene i spillet p\u00e5, men det er ogs\u00e5 en god mulighet til \u00e5 f\u00e5 en f\u00f8lelse av spillet, og som de sier, pr\u00f8v f\u00f8r du kj\u00f8per.<\/p>\n<p>Det vil skje de to helgene f\u00f8r spillet kommer den 20. november. Du kan laste ned en demo-versjon av spillet fra 7. november, og deretter kan du delta i de f\u00f8lgende \u00f8ktene.<\/p>\n<ul><\/p>\n<li>8. november &#8211; 8:00 GMT\/9:00CET til 14:00 GMT\/15:00 CET<\/li>\n<p><\/p>\n<li>9. november &#8211; 00:00 GMT\/1:00 CET til 6:00 GMT\/7:00 CET<\/li>\n<p><\/p>\n<li>9. november &#8211; 15:00 GMT\/16:00 CET til 21:00 GMT\/22:00 CET<\/li>\n<p><\/p>\n<li>15. november &#8211; 8:00 GMT\/9:00CET til 14:00 GMT\/15:00 CET<\/li>\n<p><\/p>\n<li>16. november &#8211; 00:00 GMT\/1:00 CET til 6:00 GMT\/7:00 CET<\/li>\n<p><\/p>\n<li>16. november &#8211; 15:00 GMT\/16:00 CET til 21:00 GMT\/22:00 CET<\/li>\n<p><\/ul>\n<p>For mer informasjon p\u00e5 Kirby Air Riders, l\u00e6r mer om <a href=\"https:\/\/www.gamereactor.no\/kirby-air-riders-vil-inneholde-top-ride-modus-1897003\/\" title=\"Kirby Air Riders vil inneholde Top Ride-modus\" rel=\"nofollow noopener\" target=\"_blank\">Top Ride her<\/a>, og ikke glem \u00e5 <a href=\"https:\/\/www.gamereactor.no\/inntrykk-kirby-air-riders-er-mer-kid-icarus-og-smash-bros-enn-mario-kart-1860753\/\" title=\"Kirby Air Riders er mer Kid Icarus og Smash Bros. enn Mario Kart\" rel=\"nofollow noopener\" target=\"_blank\">lese v\u00e5re siste inntrykk<\/a> av spillet ogs\u00e5.<\/p>\n<p><img loading=\"lazy\" decoding=\"async\" id=\"img-1897593-4711083\" data-fullsize=\"\/media\/10\/_4711083b.png\" data-lazy=\"\" src=\"https:\/\/www.gamereactor.nohttps:\/\/www.gamereactor.no\/media\/10\/_4711083_650x.png\" width=\"650\" onclick=\"if (!window.__cfRLUnblockHandlers) return false; gallery_openmodal('1897593','4711083',false,'cce15eb09da475e89d01b8a853f947f7');\" height=\"366\" alt=\"Kirby Air Riders\" class=\"rwd_col_content lazy\" data-cf-modified-50db140bb51c06f32c768ad2-=\"\"\/><\/p>\n","protected":false},"excerpt":{"rendered":"Etter \u00e5 ha sett nesten to timer med Masahiro Sakurai som viser og demonstrerer Kirby Air Riders i&hellip;\n","protected":false},"author":2,"featured_media":68857,"comment_status":"","ping_status":"","sticky":false,"template":"","format":"standard","meta":{"footnotes":""},"categories":[57],"tags":[30,28,29,65,63,64,66,70,69,67,68],"class_list":{"0":"post-68856","1":"post","2":"type-post","3":"status-publish","4":"format-standard","5":"has-post-thumbnail","7":"category-vitenskap-og-teknologi","8":"tag-no","9":"tag-norge","10":"tag-norway","11":"tag-science","12":"tag-science-and-technology","13":"tag-scienceandtechnology","14":"tag-technology","15":"tag-teknologi","16":"tag-vitenskap","17":"tag-vitenskap-og-teknologi","18":"tag-vitenskapteknologi"},"share_on_mastodon":{"url":"https:\/\/pubeurope.com\/@no\/115428922921156628","error":""},"_links":{"self":[{"href":"https:\/\/www.europesays.com\/no\/wp-json\/wp\/v2\/posts\/68856","targetHints":{"allow":["GET"]}}],"collection":[{"href":"https:\/\/www.europesays.com\/no\/wp-json\/wp\/v2\/posts"}],"about":[{"href":"https:\/\/www.europesays.com\/no\/wp-json\/wp\/v2\/types\/post"}],"author":[{"embeddable":true,"href":"https:\/\/www.europesays.com\/no\/wp-json\/wp\/v2\/users\/2"}],"replies":[{"embeddable":true,"href":"https:\/\/www.europesays.com\/no\/wp-json\/wp\/v2\/comments?post=68856"}],"version-history":[{"count":0,"href":"https:\/\/www.europesays.com\/no\/wp-json\/wp\/v2\/posts\/68856\/revisions"}],"wp:featuredmedia":[{"embeddable":true,"href":"https:\/\/www.europesays.com\/no\/wp-json\/wp\/v2\/media\/68857"}],"wp:attachment":[{"href":"https:\/\/www.europesays.com\/no\/wp-json\/wp\/v2\/media?parent=68856"}],"wp:term":[{"taxonomy":"category","embeddable":true,"href":"https:\/\/www.europesays.com\/no\/wp-json\/wp\/v2\/categories?post=68856"},{"taxonomy":"post_tag","embeddable":true,"href":"https:\/\/www.europesays.com\/no\/wp-json\/wp\/v2\/tags?post=68856"}],"curies":[{"name":"wp","href":"https:\/\/api.w.org\/{rel}","templated":true}]}}