{"id":6886,"date":"2025-08-13T12:07:24","date_gmt":"2025-08-13T12:07:24","guid":{"rendered":"https:\/\/www.europesays.com\/no\/6886\/"},"modified":"2025-08-13T12:07:24","modified_gmt":"2025-08-13T12:07:24","slug":"nyheter-hoppskandalen-lindvik-og-forfang-folger-planen-star-over-polen-tur","status":"publish","type":"post","link":"https:\/\/www.europesays.com\/no\/6886\/","title":{"rendered":"Nyheter, Hoppskandalen | Lindvik og Forfang f\u00f8lger planen \u2013 st\u00e5r over Polen-tur"},"content":{"rendered":"\n<p>Marius Lindvik, Johann Forfang og resten av A-landslaget i hopp stiller ikke i helgens Sommer Grand Prix-renn i polske Wisla. Norge sender ut\u00f8vere med B-status.<\/p>\n<p> Det bekrefter hoppsjef Jan-Erik Aalbu til <a href=\"https:\/\/www.dagbladet.no\/sport\/polen-beskjed\/83448340\" rel=\"nofollow noopener\" target=\"_blank\">Dagbladet.<\/a><\/p>\n<p>\u2013 A-laget har aldri v\u00e6rt aktuelt for Polen. Det kommer et uttak om ikke lenge, sa han til avisen i et intervju som ble gjort i Courchevel sist helg.<\/p>\n<p>Mandag ble det kjent at styret i Det internasjonale ski- og snowboardforbundet (FIS) har innstilt p\u00e5 \u00e5 suspendere Frogner-hopperen Lindvik og Forfang som f\u00f8lge av jukseskandalen i VM i mars.<\/p>\n<p>Begge hoppet med manipulerte dresser i storbakkerennet i Gran\u00e5sen, men har hele tiden v\u00e6rt klar p\u00e5 at de ikke kjente til endringene st\u00f8tteapparatet hadde utf\u00f8rt.<\/p>\n<p>Den etiske komiteen i FIS skal behandle innstillingen om suspensjon etter en h\u00f8ringsprosess. I mellomtiden kan Forfang og Lindvik konkurrere som normalt.<\/p>\n<p>Det skal hoppes renn i Sommer Grand Prix-renn i Wisla l\u00f8rdag og s\u00f8ndag. Norge sender \u00abB-ut\u00f8vere\u00bb dit, og i den potten finner man disse hopperne: Fredrik Villumstad, Robin Pedersen, Adrian Thon Gundersrud, Sindre Ulven J\u00f8rgensen og S\u00f8lve Jokerud Strand.<\/p>\n<p>(\u00a9NTB)<\/p>\n<p>Les mer om: artikkelemnene<\/p>\n","protected":false},"excerpt":{"rendered":"Marius Lindvik, Johann Forfang og resten av A-landslaget i hopp stiller ikke i helgens Sommer Grand Prix-renn i&hellip;\n","protected":false},"author":2,"featured_media":6887,"comment_status":"","ping_status":"","sticky":false,"template":"","format":"standard","meta":{"footnotes":""},"categories":[59],"tags":[36,1402,1539,899,30,28,29,14,83,82,1510],"class_list":{"0":"post-6886","1":"post","2":"type-post","3":"status-publish","4":"format-standard","5":"has-post-thumbnail","7":"category-sport","8":"tag-art","9":"tag-frogner","10":"tag-hoppskandalen","11":"tag-marius-lindvik","12":"tag-no","13":"tag-norge","14":"tag-norway","15":"tag-nyheter","16":"tag-sport","17":"tag-sports","18":"tag-story"},"share_on_mastodon":{"url":"","error":""},"_links":{"self":[{"href":"https:\/\/www.europesays.com\/no\/wp-json\/wp\/v2\/posts\/6886","targetHints":{"allow":["GET"]}}],"collection":[{"href":"https:\/\/www.europesays.com\/no\/wp-json\/wp\/v2\/posts"}],"about":[{"href":"https:\/\/www.europesays.com\/no\/wp-json\/wp\/v2\/types\/post"}],"author":[{"embeddable":true,"href":"https:\/\/www.europesays.com\/no\/wp-json\/wp\/v2\/users\/2"}],"replies":[{"embeddable":true,"href":"https:\/\/www.europesays.com\/no\/wp-json\/wp\/v2\/comments?post=6886"}],"version-history":[{"count":0,"href":"https:\/\/www.europesays.com\/no\/wp-json\/wp\/v2\/posts\/6886\/revisions"}],"wp:featuredmedia":[{"embeddable":true,"href":"https:\/\/www.europesays.com\/no\/wp-json\/wp\/v2\/media\/6887"}],"wp:attachment":[{"href":"https:\/\/www.europesays.com\/no\/wp-json\/wp\/v2\/media?parent=6886"}],"wp:term":[{"taxonomy":"category","embeddable":true,"href":"https:\/\/www.europesays.com\/no\/wp-json\/wp\/v2\/categories?post=6886"},{"taxonomy":"post_tag","embeddable":true,"href":"https:\/\/www.europesays.com\/no\/wp-json\/wp\/v2\/tags?post=6886"}],"curies":[{"name":"wp","href":"https:\/\/api.w.org\/{rel}","templated":true}]}}