{"id":68861,"date":"2025-10-24T11:34:11","date_gmt":"2025-10-24T11:34:11","guid":{"rendered":"https:\/\/www.europesays.com\/no\/68861\/"},"modified":"2025-10-24T11:34:11","modified_gmt":"2025-10-24T11:34:11","slug":"norske-jordbaer-i-oktober","status":"publish","type":"post","link":"https:\/\/www.europesays.com\/no\/68861\/","title":{"rendered":"Norske jordb\u00e6r \u2013 i oktober?"},"content":{"rendered":"\n<ul class=\"_list_o9xde_3 _list_64s2r_85 _unordered_o9xde_106 text-sans-m\">\n<li class=\"_item_o9xde_30\">Oda tilbyr n\u00e5 norske jordb\u00e6r hele \u00e5ret.<\/li>\n<li class=\"_item_o9xde_30\">F\u00f8rste leveranse ble utsolgt p\u00e5 f\u00e5 timer.<\/li>\n<li class=\"_item_o9xde_30\">Norgesgruppen sier de ikke \u00f8nsker norske jordb\u00e6r p\u00e5 vinteren.<\/li>\n<li class=\"_item_o9xde_30\">Mens jordb\u00e6rbonde Geir Joa er positiv til initiativet.<\/li>\n<li class=\"_item_o9xde_30\">B\u00e5de Norgesgruppen og Rema 1000 sier de har solgt mye jordb\u00e6r i \u00e5r. <\/li>\n<\/ul>\n<p>Vis mer <\/p>\n<p class=\"_paragraph_o9xde_4 _paragraph_xtcu6_10 layout-component text-serif-m layout-normal text-serif-m layout-padded\">Norske jordb\u00e6r tar ikke hintet: De har tenkt \u00e5 bli hele vinteren \u2013 i hvert fall hos Wiig gartneri p\u00e5 J\u00e6ren.<\/p>\n<p class=\"_paragraph_o9xde_4 _paragraph_xtcu6_10 layout-component text-serif-m layout-normal text-serif-m layout-padded\">\u2013 Det er lav produksjon, med 500 kurver i uken, men det er en god begynnelse, sier produksjonsleder Frode Ringsevjen til VG.<\/p>\n<p><img alt=\"Lars Andre og Maria Wiig hos Wiig gartneri.  Foto: Frode Ringsevjen\" class=\"_image_qp4xg_65 layout-component layout-normal\" data-fullscreen- data-track-element-type=\"Article image fullscreen\" data-track-name=\"ImageFullscreen\" decoding=\"async\" loading=\"lazy\" height=\"4032\" itemprop=\"image\"  src=\"https:\/\/www.europesays.com\/no\/wp-content\/uploads\/2025\/10\/34042770-bc2a-4168-bc82-14425e967e67\"  style=\"object-position:0% 0%\" width=\"3024\"\/>Lars Andre og Maria Wiig hos Wiig gartneri.  Foto: Frode Ringsevjen<\/p>\n<p class=\"_paragraph_o9xde_4 _paragraph_xtcu6_10 layout-component text-serif-m layout-normal text-serif-m layout-padded\">Jordb\u00e6rene selges hos nettbutikken Oda. Norgesgruppen, som blant annet eier Kiwi, Meny og Spar, er litt mer avventende. <\/p>\n<p class=\"_paragraph_o9xde_4 _paragraph_xtcu6_10 layout-component text-serif-m layout-normal text-serif-m layout-padded\">\u2013 Vi har tidligere hatt norske jordb\u00e6r produsert p\u00e5 denne m\u00e5ten ogs\u00e5 p\u00e5 vinteren, men vi \u00f8nsker ikke det n\u00e5, forteller kommunikasjonssjef i Norgesgrupen, Kine S\u00f8yland, til VG. <\/p>\n<p><img decoding=\"async\" alt=\"Bilde av Kine S\u00f8yland\" class=\"_image_ygndg_42\" height=\"27\" itemprop=\"image\" loading=\"lazy\"  src=\"https:\/\/www.europesays.com\/no\/wp-content\/uploads\/2025\/10\/a370bab8-541c-4f06-89db-d520b734b4c9\"  width=\"40\"\/><strong class=\"_name_ygndg_51 title-serif-xs\">Kine S\u00f8yland<\/strong><\/p>\n<p class=\"_paragraph_o9xde_4 text-sans-m _description_ygndg_56\">Kommunikasjonssjef i Norgesgruppen<\/p>\n<p class=\"_paragraph_o9xde_4 _paragraph_xtcu6_10 layout-component text-serif-m layout-normal text-serif-m layout-padded\">Etter deres erfaring er det best \u00e5 gi seg til 1. november og s\u00e5 starte opp igjen i april med sm\u00e5 volum og kun i Rogaland i begynnelsen.<\/p>\n<p class=\"_paragraph_o9xde_4 _paragraph_xtcu6_10 layout-component text-serif-m layout-normal text-serif-m layout-padded\">\u2013 Det er for m\u00f8rkt og kald i perioden imellom, b\u00e6rene krever altfor mye energi \u00e5 produsere og kvaliteten blir ikke bra, sier hun. <\/p>\n<p class=\"_paragraph_o9xde_4 _paragraph_xtcu6_10 layout-component text-serif-m layout-normal text-serif-m layout-padded\">Men produksjonsleder i Wiig er ikke bekymret. Jordb\u00e6rene h\u00f8stes fra et stort drivhus.<\/p>\n<p class=\"_paragraph_o9xde_4 _paragraph_xtcu6_10 layout-component text-serif-m layout-normal text-serif-m layout-padded\">\u2013 Teoretisk sett skal det g\u00e5 helt fint. Vi kan produsere like mye om vinteren som sommeren med det rette lyset. Tomat og agurk dyrker vi ogs\u00e5 hele \u00e5ret, forteller Ringsevjen.<\/p>\n<p class=\"_paragraph_o9xde_4 _paragraph_xtcu6_10 layout-component text-serif-m layout-normal text-serif-m layout-padded\">\u2013 Det st\u00e5r mer p\u00e5 hva folk er villige til \u00e5 betale, spesielt med tanke p\u00e5 at det koster \u00e5 plante og plukke b\u00e6rene, som gj\u00f8res for h\u00e5nd. <\/p>\n<p class=\"_paragraph_o9xde_4 _paragraph_xtcu6_10 layout-component text-serif-m layout-normal text-serif-m layout-padded\">\u2013 De er veldig gode p\u00e5 smak, understreker han. <\/p>\n<p class=\"_paragraph_o9xde_4 _paragraph_xtcu6_10 layout-component text-serif-m layout-normal text-serif-m layout-padded\">Deres f\u00f8rste leveransen ble utsolgt etter noen f\u00e5 timer, opplyser kommersiell direkt\u00f8r i Oda Robert Ekrem.<\/p>\n<p><img decoding=\"async\" alt=\"Bilde av Kommersiell direkt\u00f8r i Oda\" class=\"_image_ygndg_42\" height=\"27\" itemprop=\"image\" loading=\"lazy\"  src=\"https:\/\/www.europesays.com\/no\/wp-content\/uploads\/2025\/10\/ab88b0f8-b088-4831-a2b5-5254e3ed053b\"  width=\"40\"\/><strong class=\"_name_ygndg_51 title-serif-xs\">Kommersiell direkt\u00f8r i Oda<\/strong><\/p>\n<p class=\"_paragraph_o9xde_4 text-sans-m _description_ygndg_56\">Robert Ekrem<\/p>\n<p> Prisen?<\/p>\n<p class=\"_paragraph_o9xde_4 _paragraph_xtcu6_10 layout-component text-serif-m layout-normal text-serif-m layout-padded\">Torsdag var prisen hos Oda 239,60 kroner per kilo. I mai var kiloprisen for en kurv med norske jordb\u00e6r <a href=\"https:\/\/www.vg.no\/nyheter\/i\/Mnry8r\/jordbaer-til-109-kroner-det-blir-for-dyrt\" data-track-element-type=\"Link\" data-track-id=\"link:Mnry8r\" class=\"_link_o9xde_39\" rel=\"nofollow noopener\" target=\"_blank\">330 kroner hos Meny Klokkerjordet i Vestfold<\/a>.<\/p>\n<p class=\"_paragraph_o9xde_4 _paragraph_xtcu6_10 layout-component text-serif-m layout-normal text-serif-m layout-padded\">Det var allerede i <a href=\"https:\/\/www.vg.no\/nyheter\/i\/LMOo4J\/norske-jordbaer-allerede-i-april-rekord\" data-track-element-type=\"Link\" data-track-id=\"link:LMOo4J\" class=\"_link_o9xde_39\" rel=\"nofollow noopener\" target=\"_blank\">april at jordb\u00e6rsesongen startet<\/a> for bonden Geir Joa p\u00e5 Sola. Kiloprisen var 280 kroner. <\/p>\n<ul class=\"_list_o9xde_3 _list_xtcu6_9 _unordered_o9xde_106 layout-component text-serif-m layout-normal text-serif-m layout-padded\">\n<li class=\"_item_o9xde_30\"><strong class=\"_strong_o9xde_25\">Fikk du forresten med deg denne? <\/strong><\/li>\n<\/ul>\n<p class=\"_paragraph_o9xde_4 _paragraph_xtcu6_10 layout-component text-serif-m layout-normal text-serif-m layout-padded\">Han er positiv til initiativet med norske jordb\u00e6r \u00e5ret rundt, men sier det ikke er aktuelt for hans del. <\/p>\n<p class=\"_paragraph_o9xde_4 _paragraph_xtcu6_10 layout-component text-serif-m layout-normal text-serif-m layout-padded\">\u2013 Tiden vise om det blir et marked for hel\u00e5rsproduksjon. Det er ingen som spiser s\u00e5 mye jordb\u00e6r per innbygger som nordmenn fra mai til september, s\u00e5 jeg tror det er et marked for det, sier Joa til VG.<\/p>\n<p class=\"_paragraph_o9xde_4 _paragraph_xtcu6_10 layout-component text-serif-m layout-normal text-serif-m layout-padded\">\u2013 Det blir spennende \u00e5 f\u00f8lge med. <\/p>\n<p><img alt=\"Jordb\u00e6rbonden Geir Joa.  Foto: Privat\" class=\"_image_qp4xg_65 layout-component layout-normal\" data-fullscreen- data-track-element-type=\"Article image fullscreen\" data-track-name=\"ImageFullscreen\" decoding=\"async\" loading=\"lazy\" height=\"4032\" itemprop=\"image\"  src=\"https:\/\/www.europesays.com\/no\/wp-content\/uploads\/2025\/10\/0d8ecba5-615e-4906-872f-265cd72b530c\"  style=\"object-position:0% 0%\" width=\"3024\"\/>Jordb\u00e6rbonden Geir Joa.  Foto: Privat<img alt=\"Jordb\u00e6rene hos Joa i april.   Foto: Privat\" class=\"_image_qp4xg_65 layout-component layout-normal\" data-fullscreen- data-track-element-type=\"Article image fullscreen\" data-track-name=\"ImageFullscreen\" decoding=\"async\" loading=\"lazy\" height=\"640\" itemprop=\"image\"  src=\"https:\/\/www.europesays.com\/no\/wp-content\/uploads\/2025\/10\/ce95e64e-dcd7-4c68-999a-90d9cf38b7c8\"  style=\"object-position:0% 0%\" width=\"480\"\/>Jordb\u00e6rene hos Joa i april.   Foto: Privat<\/p>\n<p class=\"_paragraph_o9xde_4 _paragraph_xtcu6_10 layout-component text-serif-m layout-normal text-serif-m layout-padded\">Jordb\u00e6rbonden K\u00e5re Nordb\u00f8 forteller at de produserer ni til ti tonn hver sommersesong. De starter \u00e5 plante i slutten av januar og kan levere de f\u00f8rste jordb\u00e6rene rundt 1. mai. <\/p>\n<p class=\"_paragraph_o9xde_4 _paragraph_xtcu6_10 layout-component text-serif-m layout-normal text-serif-m layout-padded\">\u2013 Vi vil vurdere hel\u00e5rsproduksjon, men det er ikke noe som er bestemt, fordi vi er et i generasjonsskifte, forteller han til VG. <\/p>\n<p><img decoding=\"async\" alt=\"Bilde av K\u00e5re Nordb\u00f8 \" class=\"_image_ygndg_42\" height=\"40\" itemprop=\"image\" loading=\"lazy\"  src=\"https:\/\/www.europesays.com\/no\/wp-content\/uploads\/2025\/10\/d991f5c2-6c3c-4e5c-96f3-de4de8519d38\"  width=\"40\"\/><strong class=\"_name_ygndg_51 title-serif-xs\">K\u00e5re Nordb\u00f8 <\/strong><\/p>\n<p class=\"_paragraph_o9xde_4 text-sans-m _description_ygndg_56\">Jordb\u00e6rbonde p\u00e5 Finn\u00f8y <\/p>\n<p class=\"_paragraph_o9xde_4 _paragraph_xtcu6_10 layout-component text-serif-m layout-normal text-serif-m layout-padded\">Han er positiv til \u00e5 ha en viss produksjon hele \u00e5ret. <\/p>\n<p class=\"_paragraph_o9xde_4 _paragraph_xtcu6_10 layout-component text-serif-m layout-normal text-serif-m layout-padded\">\u2013 Jordb\u00e6r er en ferskvare og det skal ikke v\u00e6re for langt fra transport til de er i butikken.<\/p>\n<p class=\"_paragraph_o9xde_4 _paragraph_xtcu6_10 layout-component text-serif-m layout-normal text-serif-m layout-padded\">Norgesgruppen solgte rundt 2400 tonn norske jordb\u00e6r denne sesongen.<\/p>\n<p class=\"_paragraph_o9xde_4 _paragraph_xtcu6_10 layout-component text-serif-m layout-normal text-serif-m layout-padded\">\u2013 Nye produksjonsteknikker som gj\u00f8r at sesongen starter tidligere og slutter senere er hoved\u00e5rsaken, sammen med nye sorter og et n\u00e6rt samarbeid med produsentene, sier kommunikasjonssjef Kine S\u00f8yland. <\/p>\n<p class=\"_paragraph_o9xde_4 _paragraph_xtcu6_10 layout-component text-serif-m layout-normal text-serif-m layout-padded\">Leder for kommunikasjon i Rema 1000, Hege Rognlien, sier de har solgt mye norske jordb\u00e6r denne sesongen<\/p>\n<p class=\"_paragraph_o9xde_4 _paragraph_xtcu6_10 layout-component text-serif-m layout-normal text-serif-m layout-padded\">\u2013 Vi gleder oss allerede til neste sesong. Vi tilbyr ogs\u00e5 jordb\u00e6r store deler av \u00e5ret, men ikke norske hele \u00e5ret.<\/p>\n","protected":false},"excerpt":{"rendered":"Oda tilbyr n\u00e5 norske jordb\u00e6r hele \u00e5ret. F\u00f8rste leveranse ble utsolgt p\u00e5 f\u00e5 timer. Norgesgruppen sier de ikke&hellip;\n","protected":false},"author":2,"featured_media":68862,"comment_status":"","ping_status":"","sticky":false,"template":"","format":"standard","meta":{"footnotes":""},"categories":[10],"tags":[20,21,24,25,2854,15,1390,22,23,13,30,28,29,14,16,26,27,46],"class_list":{"0":"post-68861","1":"post","2":"type-post","3":"status-publish","4":"format-standard","5":"has-post-thumbnail","7":"category-norge","8":"tag-breaking-news","9":"tag-breakingnews","10":"tag-featured-news","11":"tag-featurednews","12":"tag-frukt","13":"tag-headlines","14":"tag-jordbaer","15":"tag-latest-news","16":"tag-latestnews","17":"tag-news","18":"tag-no","19":"tag-norge","20":"tag-norway","21":"tag-nyheter","22":"tag-overskrifter","23":"tag-top-stories","24":"tag-topstories","25":"tag-vgai"},"share_on_mastodon":{"url":"https:\/\/pubeurope.com\/@no\/115428934600463738","error":""},"_links":{"self":[{"href":"https:\/\/www.europesays.com\/no\/wp-json\/wp\/v2\/posts\/68861","targetHints":{"allow":["GET"]}}],"collection":[{"href":"https:\/\/www.europesays.com\/no\/wp-json\/wp\/v2\/posts"}],"about":[{"href":"https:\/\/www.europesays.com\/no\/wp-json\/wp\/v2\/types\/post"}],"author":[{"embeddable":true,"href":"https:\/\/www.europesays.com\/no\/wp-json\/wp\/v2\/users\/2"}],"replies":[{"embeddable":true,"href":"https:\/\/www.europesays.com\/no\/wp-json\/wp\/v2\/comments?post=68861"}],"version-history":[{"count":0,"href":"https:\/\/www.europesays.com\/no\/wp-json\/wp\/v2\/posts\/68861\/revisions"}],"wp:featuredmedia":[{"embeddable":true,"href":"https:\/\/www.europesays.com\/no\/wp-json\/wp\/v2\/media\/68862"}],"wp:attachment":[{"href":"https:\/\/www.europesays.com\/no\/wp-json\/wp\/v2\/media?parent=68861"}],"wp:term":[{"taxonomy":"category","embeddable":true,"href":"https:\/\/www.europesays.com\/no\/wp-json\/wp\/v2\/categories?post=68861"},{"taxonomy":"post_tag","embeddable":true,"href":"https:\/\/www.europesays.com\/no\/wp-json\/wp\/v2\/tags?post=68861"}],"curies":[{"name":"wp","href":"https:\/\/api.w.org\/{rel}","templated":true}]}}