{"id":6890,"date":"2025-08-13T12:11:08","date_gmt":"2025-08-13T12:11:08","guid":{"rendered":"https:\/\/www.europesays.com\/no\/6890\/"},"modified":"2025-08-13T12:11:08","modified_gmt":"2025-08-13T12:11:08","slug":"ukrainas-president-zelenskyj-snakker-med-trump-for-putin-samtalen","status":"publish","type":"post","link":"https:\/\/www.europesays.com\/no\/6890\/","title":{"rendered":"Ukrainas president Zelenskyj snakker med Trump f\u00f8r Putin-samtalen"},"content":{"rendered":"\n<p class=\"_lead_1bvmi_2 _lead_xtcu6_50 layout-component text-serif-m layout-normal text-serif-l layout-component layout-wide layout-padded _wide_17hqh_1 layout-padded\">Dette kan v\u00e6re hans mulighet til \u00e5 p\u00e5virke Trump f\u00f8r toppm\u00f8tet med Russland fredag.<\/p>\n<p><img alt=\"Volodymyr Zelenskyj og Friedrich Merz i Berlin onsdag. Foto: JOHN MACDOUGALL \/ AFP \/ NTB\" class=\"_image_qp4xg_65 layout-component layout-wide\" data-fullscreen- data-track-element-type=\"Article image fullscreen\" data-track-name=\"ImageFullscreen\" fetchpriority=\"high\" decoding=\"sync\" loading=\"eager\" height=\"1920\" itemprop=\"image\"  src=\"https:\/\/www.europesays.com\/no\/wp-content\/uploads\/2025\/08\/872b836c-ec8d-4659-a5ff-11ec8a82a617\"  style=\"object-position:0% 0%\" width=\"2880\"\/>Volodymyr Zelenskyj og Friedrich Merz i Berlin onsdag. Foto: JOHN MACDOUGALL \/ AFP \/ NTB<\/p>\n<ul aria-hidden=\"true\" class=\"_images_1y6fe_106\">\n<li><a class=\"_link_1y6fe_111\" href=\"https:\/\/www.vg.no\/forfatter\/vilde-elgaaen\" style=\"z-index:1\" title=\"Vilde Elgaaen\" rel=\"nofollow noopener\" target=\"_blank\"><img alt=\"Bilde av Vilde Elgaaen\" class=\"_image_1y6fe_88\" fetchpriority=\"low\" loading=\"lazy\" decoding=\"async\" itemprop=\"image\"  src=\"https:\/\/www.europesays.com\/no\/wp-content\/uploads\/2025\/08\/1755087068_341_d7abc11e-e453-4b15-b473-933209ff5fea\"  width=\"480\"\/><\/a><\/li>\n<\/ul>\n<p> Oppdatert onsdag 13. august kl. 13:57    <\/p>\n<ul class=\"_list_1bvmi_3 _list_1flq1_85 _unordered_1bvmi_99 text-sans-m\">\n<li class=\"_item_1bvmi_30\">Ukrainas president Zelenskyj deltar i et virtuelt m\u00f8te med Trump og europeiske ledere.<\/li>\n<li class=\"_item_1bvmi_30\">M\u00f8tet arrangeres av Tysklands kansler Merz for \u00e5 p\u00e5virke Trump f\u00f8r toppm\u00f8tet med Putin.<\/li>\n<li class=\"_item_1bvmi_30\">Zelenskyj advarer om at Ukraina kan bli tvunget inn i en ugunstig avtale.<\/li>\n<li class=\"_item_1bvmi_30\">Russland ser m\u00f8tet som ubetydelig.<\/li>\n<\/ul>\n<p>Vis mer <\/p>\n<p class=\"_paragraph_1bvmi_4 _paragraph_xtcu6_10 layout-component text-serif-m layout-normal text-serif-m layout-padded\">Ukrainas president Volodymyr Zelenskyj er onsdag i Berlin for \u00e5 delta i et virtuelt m\u00f8te med Donald Trump og europeiske ledere, melder <a href=\"https:\/\/www.cnn.com\/politics\/live-news\/trump-presidency-putin-ukraine-summit-08-13-25\" class=\"_link_1bvmi_39\" rel=\"nofollow noopener\" target=\"_blank\">CNN<\/a>.<\/p>\n<p class=\"_paragraph_1bvmi_4 _paragraph_xtcu6_10 layout-component text-serif-m layout-normal text-serif-m layout-padded\">P\u00e5 Truth Social skriver Trump at han skal snakke med de europeiske lederne snart.<\/p>\n<p class=\"_paragraph_1bvmi_4 _paragraph_xtcu6_10 layout-component text-serif-m layout-normal text-serif-m layout-padded\">\u2013 De er flotte folk som har lyst til \u00e5 se en avtale i boks, skriver han.<\/p>\n<p class=\"_paragraph_1bvmi_4 _paragraph_xtcu6_10 layout-component text-serif-m layout-normal text-serif-m layout-padded\">M\u00f8tet kommer bare to dager f\u00f8r Trump skal m\u00f8te Russlands president Vladimir Putin i Alaska p\u00e5 fredag. <\/p>\n<p class=\"_paragraph_1bvmi_4 _paragraph_xtcu6_10 layout-component text-serif-m layout-normal text-serif-m layout-padded\">Zelenskyj vil ikke v\u00e6re til stede p\u00e5 det m\u00f8tet, noe som skaper frykt for at Ukraina kan bli tvunget inn i en ugunstig avtale.<\/p>\n<p class=\"_paragraph_1bvmi_4 _paragraph_xtcu6_10 layout-component text-serif-m layout-normal layout-padded\"><strong class=\"_strong_1bvmi_25\">Les ogs\u00e5:<\/strong> <a href=\"https:\/\/www.vg.no\/i\/qP5eR0\" data-track-element-type=\"Link\" data-track-id=\"link:qP5eR0\" class=\"_link_1bvmi_39\" rel=\"nofollow noopener\" target=\"_blank\">Dette m\u00e5 du vite om toppm\u00f8tet mellom Trump og Putin<\/a><\/p>\n<p class=\"_paragraph_1bvmi_4 _paragraph_xtcu6_10 layout-component text-serif-m layout-normal text-serif-m layout-padded\">Tysklands kanslerkanslerEn kansler er en regjeringssjef i noen europeiske land, som for eksempel Tyskland, og har en rolle som ligner p\u00e5 en statsminister. Friedrich Merz arrangerer det virtuelle m\u00f8tet som et siste fors\u00f8k p\u00e5 \u00e5 p\u00e5virke Trump f\u00f8r Putin-samtalen. <\/p>\n<p class=\"_paragraph_1bvmi_4 _paragraph_xtcu6_10 layout-component text-serif-m layout-normal text-serif-m layout-padded\">\u2013 Vi kan ikke akseptere at territorielle sp\u00f8rsm\u00e5l mellom Russland og Amerika diskuteres eller til og med avgj\u00f8res over hodet p\u00e5 europeere, over hodet p\u00e5 ukrainere, sa Merz i et TV-intervju s\u00f8ndag.<\/p>\n<p class=\"_paragraph_1bvmi_4 _paragraph_xtcu6_10 layout-component text-serif-m layout-normal text-serif-m layout-padded\">M\u00f8tet sees som en mulighet for Ukraina og europeiske partnere til \u00e5 oppfordre Trump til \u00e5 respektere Kyivs interesser.<\/p>\n<p class=\"_paragraph_1bvmi_4 _paragraph_xtcu6_10 layout-component text-serif-m layout-normal text-serif-m layout-padded\">\u2013 Trykk m\u00e5 ut\u00f8ves p\u00e5 Russland for en rettferdig fred, advarte Zelenskyj p\u00e5 Telegram timer f\u00f8r m\u00f8tet.<\/p>\n<p class=\"_paragraph_1bvmi_4 _paragraph_xtcu6_10 layout-component text-serif-m layout-normal text-serif-m layout-padded\">\u2013 Denne krigen m\u00e5 slutte. Det er for \u00f8yeblikket ingen tegn til at russerne forbereder seg p\u00e5 \u00e5 avslutte krigen, sa han videre.<\/p>\n<p class=\"_paragraph_1bvmi_4 _paragraph_xtcu6_10 layout-component text-serif-m layout-normal text-serif-m layout-padded\">Russerne ser p\u00e5 sin side p\u00e5 det europeiske m\u00f8tet som politisk og praktisk ubetydelig.<\/p>\n<p class=\"_paragraph_1bvmi_4 _paragraph_xtcu6_10 layout-component text-serif-m layout-normal text-serif-m layout-padded\">\u2013 EUs retorikk om dets p\u00e5st\u00e5tte st\u00f8tte til \u00e5 finne l\u00f8sninger for en fredfull avtale er intet annet enn enda et fors\u00f8k p\u00e5 \u00e5 forsinke prosessen, heter det fra talsperson Alexej Fadjev ved det russiske utenriksdepartementet.<\/p>\n<p class=\"_paragraph_1bvmi_4 _paragraph_xtcu6_10 layout-component text-serif-m layout-normal layout-padded\"><strong class=\"_strong_1bvmi_25\">Les ogs\u00e5:<\/strong> <a href=\"https:\/\/www.vg.no\/i\/xmnegX\" data-track-element-type=\"Link\" data-track-id=\"link:xmnegX\" class=\"_link_1bvmi_39\" rel=\"nofollow noopener\" target=\"_blank\">Trump har dummet seg ut i Putin-m\u00f8ter tidligere<\/a><\/p>\n<p class=\"_paragraph_1bvmi_4 _paragraph_xtcu6_10 layout-component text-serif-m layout-normal text-serif-m layout-padded\">If\u00f8lge CNN har Det hvite hus karakterisert m\u00f8tet mellom Trump og Putin som en \u00ablytte\u00f8velse\u00bb, noe som ser ut til \u00e5 tone ned forventningene til en fredsavtale.<\/p>\n<p class=\"_paragraph_1bvmi_4 _paragraph_xtcu6_10 layout-component text-serif-m layout-normal text-serif-m layout-padded\">Trump har tidligere sagt at begge sider m\u00e5 gi opp land for \u00e5 avslutte krigen, en id\u00e9 Ukraina avviser. Zelenskyj har advart om at Russland forbereder en ny offensiv som forventes lansert innen september.<\/p>\n","protected":false},"excerpt":{"rendered":"Dette kan v\u00e6re hans mulighet til \u00e5 p\u00e5virke Trump f\u00f8r toppm\u00f8tet med Russland fredag. Volodymyr Zelenskyj og Friedrich&hellip;\n","protected":false},"author":2,"featured_media":6891,"comment_status":"","ping_status":"","sticky":false,"template":"","format":"standard","meta":{"footnotes":""},"categories":[12],"tags":[20,21,55,24,25,176,15,179,22,23,13,30,28,29,14,16,188,26,27,42,488,43,44,45],"class_list":{"0":"post-6890","1":"post","2":"type-post","3":"status-publish","4":"format-standard","5":"has-post-thumbnail","7":"category-verden","8":"tag-breaking-news","9":"tag-breakingnews","10":"tag-donald-trump","11":"tag-featured-news","12":"tag-featurednews","13":"tag-friedrich-merz","14":"tag-headlines","15":"tag-krigen-i-ukraina","16":"tag-latest-news","17":"tag-latestnews","18":"tag-news","19":"tag-no","20":"tag-norge","21":"tag-norway","22":"tag-nyheter","23":"tag-overskrifter","24":"tag-russland","25":"tag-top-stories","26":"tag-topstories","27":"tag-verden","28":"tag-volodymyr-zelenskyj","29":"tag-world","30":"tag-world-news","31":"tag-worldnews"},"share_on_mastodon":{"url":"","error":""},"_links":{"self":[{"href":"https:\/\/www.europesays.com\/no\/wp-json\/wp\/v2\/posts\/6890","targetHints":{"allow":["GET"]}}],"collection":[{"href":"https:\/\/www.europesays.com\/no\/wp-json\/wp\/v2\/posts"}],"about":[{"href":"https:\/\/www.europesays.com\/no\/wp-json\/wp\/v2\/types\/post"}],"author":[{"embeddable":true,"href":"https:\/\/www.europesays.com\/no\/wp-json\/wp\/v2\/users\/2"}],"replies":[{"embeddable":true,"href":"https:\/\/www.europesays.com\/no\/wp-json\/wp\/v2\/comments?post=6890"}],"version-history":[{"count":0,"href":"https:\/\/www.europesays.com\/no\/wp-json\/wp\/v2\/posts\/6890\/revisions"}],"wp:featuredmedia":[{"embeddable":true,"href":"https:\/\/www.europesays.com\/no\/wp-json\/wp\/v2\/media\/6891"}],"wp:attachment":[{"href":"https:\/\/www.europesays.com\/no\/wp-json\/wp\/v2\/media?parent=6890"}],"wp:term":[{"taxonomy":"category","embeddable":true,"href":"https:\/\/www.europesays.com\/no\/wp-json\/wp\/v2\/categories?post=6890"},{"taxonomy":"post_tag","embeddable":true,"href":"https:\/\/www.europesays.com\/no\/wp-json\/wp\/v2\/tags?post=6890"}],"curies":[{"name":"wp","href":"https:\/\/api.w.org\/{rel}","templated":true}]}}