{"id":68904,"date":"2025-10-24T12:18:18","date_gmt":"2025-10-24T12:18:18","guid":{"rendered":"https:\/\/www.europesays.com\/no\/68904\/"},"modified":"2025-10-24T12:18:18","modified_gmt":"2025-10-24T12:18:18","slug":"slar-tilbake-mot-ville-rykter","status":"publish","type":"post","link":"https:\/\/www.europesays.com\/no\/68904\/","title":{"rendered":"Sl\u00e5r tilbake mot ville rykter"},"content":{"rendered":"<p>    Kort fortalt<\/p>\n<ul lang=\"nb-NO\">\n<li>Prins Andrew er i hardt v\u00e6r etter nye avsl\u00f8ringer om hans forhold til Jeffrey Epstein.<\/li>\n<li>Han kan bli sendt i \u00abeksil\u00bb til et slott i Skottland etter \u00e5 ha mistet flere kongelige titler.<\/li>\n<li>Slottet eies av Samantha Kane, som mener prinsen ikke har f\u00e5tt en rettferdig h\u00f8ring.<\/li>\n<li>Andrew har levd i isolasjon siden skandalen og deltar ikke lenger i offentlige arrangementer.<\/li>\n<\/ul>\n<p class=\"italic ai-disclaimer\" data-lab-italic=\"italic\">Sammendraget er laget av ChatGPT og godkjent av Dagbladet.<\/p>\n<p>      Vis mer<br \/>\n      Vis mindre<\/p>\n<p> Rykter om en stor kunngj\u00f8ring fra kongehuset satte torsdag kveld britiske medier i full alarmberedskap.<\/p>\n<p>Journalister i hopetall hastet til prins Andrews bolig, Royal Lodge i Windsor.\u00a0<\/p>\n<p>    <a itemprop=\"url\" href=\"https:\/\/www.dagbladet.no\/kjendis\/matte-skaffe-jenter-for-prinsen\/83759146\" rel=\"nofollow noopener\" target=\"_blank\"><\/p>\n<p>      <img loading=\"lazy\" decoding=\"async\" src=\"https:\/\/www.europesays.com\/no\/wp-content\/uploads\/2025\/10\/83759845.webp\" width=\"147\" height=\"98\" title=\"M\u00e5tte \u00abskaffe\u00bb jenter for prinsen\" alt=\"\" class=\"lazyload\" style=\"--aspect-ratio-image: 1.50; \"\/><\/p>\n<p>        M\u00e5tte \u00abskaffe\u00bb jenter for prinsen<\/p>\n<p>    <\/a><\/p>\n<p class=\"font-weight-bold m-font-weight-bold\" data-lab-font_weight=\"font-weight-bold\">BBC skal ha blitt varslet om at noe \u00abbetydningsfullt\u00bb var i ferd med \u00e5 skje, og flere TV-team stilte opp for \u00e5 dekke saken.\u00a0<\/p>\n<p>Blant dem var tidligere BBC-profil Emily Maitlis, som skrev p\u00e5 X at pressen ventet \u00abnyheter fra Windsor\u00bb.\u00a0<\/p>\n<blockquote class=\"twitter-tweet\">\n<p lang=\"en\" dir=\"ltr\">We may be expecting news from the Windsor estate later this evening where tv crews have been told to expect \u201c passing traffic \u201c\u2026 \ud83d\udc40<\/p>\n<p>\u2014 emily m (@maitlis) <a href=\"https:\/\/twitter.com\/maitlis\/status\/1981419327371845814?ref_src=twsrc%5Etfw\" rel=\"nofollow noopener\" target=\"_blank\">October 23, 2025<\/a><\/p><\/blockquote>\n<p>\u00c9n time etter at spekulasjoner, gikk slottet ut og avviste at noen kunngj\u00f8ring var planlagt.\u00a0<\/p>\n<p class=\"font-weight-bold m-font-weight-bold\" data-lab-font_weight=\"font-weight-bold\">Forvirringen har likevel ikke dempet spekulasjonene om hva som egentlig skjedde &#8211; s\u00e6rlig ettersom sp\u00f8rsm\u00e5let om prins Andrews framtid i Royal Lodge har skapt stadig mer debatt.\u00a0<\/p>\n<p>          <img loading=\"lazy\" decoding=\"async\" src=\"https:\/\/www.europesays.com\/no\/wp-content\/uploads\/2025\/10\/83766685.webp\" width=\"980\" height=\"559\" title=\"HVA SKJULER DERE?: Demonstranter fra gruppa Republic utenfor Royal Lodge i Windsor etter at prins Andrew frasa seg sine titler. Foto: Peter MacDiarmid \/ Shutterstock.\" alt=\"\" class=\"\" style=\"--aspect-ratio-image: 1.75; \"\/><\/p>\n<p>\n          HVA SKJULER DERE?: Demonstranter fra gruppa Republic utenfor Royal Lodge i Windsor etter at prins Andrew frasa seg sine titler. Foto: Peter MacDiarmid \/ Shutterstock.\n      <\/p>\n<p>Bor gratis\t<\/p>\n<p>Prins Andrew bor fortsatt i Royal Lodge p\u00e5 den luksuri\u00f8se Windsor-eiendommen &#8211; <a href=\"https:\/\/www.dagbladet.no\/kjendis\/vil-kaste-ham-ut\/83751281\" rel=\"nofollow noopener\" target=\"_blank\">og det gj\u00f8r han helt gratis<\/a>.<\/p>\n<p>    <a itemprop=\"url\" href=\"https:\/\/www.dagbladet.no\/kjendis\/vil-kaste-ham-ut\/83751281\" rel=\"nofollow noopener\" target=\"_blank\"><\/p>\n<p>      <img loading=\"lazy\" decoding=\"async\" src=\"https:\/\/www.europesays.com\/no\/wp-content\/uploads\/2025\/10\/1761308292_435_83751359.webp\" width=\"980\" height=\"441\" title=\"Vil kaste ham ut\" alt=\"\" class=\"lazyload\" style=\"--aspect-ratio-image: 2.22; \"\/><\/p>\n<p>        Vil kaste ham ut<\/p>\n<p>    <\/a><\/p>\n<p>Flere britiske kommentatorer mener at prins Andrew m\u00e5 komme seg ut av landet<\/p>\n<p>Den van\u00e6rte prinsen, som forrige uke sa fra seg flere kongelige titler, nekter angivelig \u00e5 flytte ut av eiendommen, til tross for press fra b\u00e5de kong Charles og offentligheten. <\/p>\n<p>          <img loading=\"lazy\" decoding=\"async\" src=\"https:\/\/www.europesays.com\/no\/wp-content\/uploads\/2025\/10\/83766725.webp\" width=\"980\" height=\"559\" title=\"BOR HER: Royal Lodge sett fra lufta - eiendommen der prins Andrew bor p\u00e5 Windsor-eiendommen. Foto: Stringer \/ Reuters.\" alt=\"\" class=\"\" style=\"--aspect-ratio-image: 1.75; \"\/><\/p>\n<p>\n          BOR HER: Royal Lodge sett fra lufta &#8211; eiendommen der prins Andrew bor p\u00e5 Windsor-eiendommen. Foto: Stringer \/ Reuters.\n      <\/p>\n<p>Krever at han m\u00e5 dra\t<\/p>\n<p> Prins Andrew er igjen i hardt v\u00e6r etter nye avsl\u00f8ringer om hans forhold til den d\u00f8de finansmannen og overgrepsmannen Jeffrey Epstein.\u00a0<\/p>\n<p>Daglig skaper skandalen store overskrifter i britiske medier, og flere kommentatorer krever at han m\u00e5 forlate landet.\u00a0<\/p>\n<p>    Dette er skandalen:<\/p>\n<ul>\n<li class=\"lab-bodytext-line\">Jeffrey Epstein var en amerikansk finansmann som i 2019 ble tiltalt for omfattende menneskehandel og overgrep mot mindre\u00e5rige.\u00a0<\/li>\n<li class=\"lab-bodytext-line\">Han ble funnet d\u00f8d i fengselet samme \u00e5r, under omstendigheter som har skapt mange spekulasjoner.<\/li>\n<li class=\"lab-bodytext-line\">Prins Andrew, hertugen av York og s\u00f8nn av dronning Elizabeth II, ble trukket inn i saken p\u00e5 grunn av sitt n\u00e6re vennskap med Epstein.\u00a0<\/li>\n<li class=\"lab-bodytext-line\">Virginia Giuffre hevdet at hun som 17-\u00e5ring ble tvunget til \u00e5 ha sex med prinsen \u2013 noe han konsekvent har benektet.<\/li>\n<li class=\"lab-bodytext-line\">Giuffre saks\u00f8kte Andrew i USA i 2021. Saken endte i et utenomrettslig forlik i 2022, der prinsen betalte en betydelig sum uten \u00e5 innr\u00f8mme skyld.<\/li>\n<li class=\"lab-bodytext-line\">Etter avsl\u00f8ringene trakk Andrew seg fra alle offentlige plikter og ble fratatt sine milit\u00e6re titler og kongelige beskytterskap.<\/li>\n<li class=\"lab-bodytext-line\">Epstein-skandalen f\u00f8rte til omfattende etterforskning av flere mektige personer som skal ha hatt tilknytning til ham.<\/li>\n<\/ul>\n<p>Kilder: <a href=\"https:\/\/www.bbc.com\/news\/uk-60054008\" target=\"_new\" rel=\"nofollow noopener\">BBC<\/a>, <a href=\"https:\/\/www.theguardian.com\/uk-news\/jeffrey-epstein\" target=\"_new\" rel=\"nofollow noopener\">The Guardian<\/a>, Reuters<\/p>\n<p>      Vis mer<br \/>\n      Vis mindre<\/p>\n<p>Mange mener han har brakt skam over den ellers s\u00e5 folkekj\u00e6re kongefamilien i Storbritannia.<\/p>\n<p class=\"font-weight-bold m-font-weight-bold\" data-lab-font_weight=\"font-weight-bold\"><a href=\"https:\/\/www.scotsman.com\/news\/scottish-news\/lady-carbisdale-prince-andrewn-highland-castle-5371787\" rel=\"nofollow noopener\" target=\"_blank\">The Scotsman<\/a> og <a href=\"https:\/\/www.pressandjournal.co.uk\/fp\/news\/6877854\/lady-carbisdale-prince-andrew-highland-castle\/\" rel=\"nofollow noopener\" target=\"_blank\">Press and Journal<\/a>\u00a0melder at prinsen kan bli sendt i \u00abeksil\u00bb til h\u00f8ylandet i Skottland.<\/p>\n<p>          <img loading=\"lazy\" decoding=\"async\" src=\"https:\/\/www.europesays.com\/no\/wp-content\/uploads\/2025\/10\/83760079.webp\" width=\"686\" height=\"460\" title=\"SJELDENT SYN: Prins Andrew har holdt seg langt unna rampelyset de siste \u00e5ra. Her er han avbildet utenfor St. Mary Magdalene-kirken i Sandringham under julegudstjenesten i 2022. Foto: Geoff Robinson Photography \/ Shutterstock.\" alt=\"\" class=\"\" style=\"--aspect-ratio-image: 1.49; \"\/><\/p>\n<p>\n          SJELDENT SYN: Prins Andrew har holdt seg langt unna rampelyset de siste \u00e5ra. Her er han avbildet utenfor St. Mary Magdalene-kirken i Sandringham under julegudstjenesten i 2022. Foto: Geoff Robinson Photography \/ Shutterstock.\n      <\/p>\n<p> Han <a href=\"https:\/\/www.dagbladet.no\/kjendis\/han-er-irritert\/83443032\" rel=\"nofollow noopener\" target=\"_blank\">mistet flere av de kongelige titlene<\/a>\u00a0etter at nye p\u00e5stander kom frem i memoarene til Virginia Giuffre,\u00a0\u00abNobody\u2019s Girl\u00bb. <\/p>\n<p><a href=\"https:\/\/www.dagbladet.no\/kjendis\/dode\/83010870\" rel=\"nofollow noopener\" target=\"_blank\">Giuffre tok sitt eget liv 25. april i \u00e5r.<\/a> <\/p>\n<p>Hun hevdet at hun som ten\u00e5ring ble misbrukt av personer i Jeffrey Epsteins nettverk.<\/p>\n<p>          <img loading=\"lazy\" decoding=\"async\" src=\"https:\/\/www.europesays.com\/no\/wp-content\/uploads\/2025\/10\/1761308293_701_83758144.webp\" width=\"686\" height=\"577\" title=\"ChatGPT said: Et bilde fra rettsdokumenter i New York viser prins Andrew sammen med Virginia Giuffre og Ghislaine Maxwell. Foto: Amerikanske myndigheter \/ AFP\" alt=\"\" class=\"\" style=\"--aspect-ratio-image: 1.19; \"\/><\/p>\n<p>\n          ChatGPT said: Et bilde fra rettsdokumenter i New York viser prins Andrew sammen med Virginia Giuffre og Ghislaine Maxwell. Foto: Amerikanske myndigheter \/ AFP\n      <\/p>\n<p>Eid av \u00abLady Carbisdale\u00bb\t<\/p>\n<p>N\u00e5 blir prinsen invitert til det enorme slottet Carbisdale Castle i Skottland.\u00a0<\/p>\n<p class=\"font-weight-bold m-font-weight-bold\" data-lab-font_weight=\"font-weight-bold\">Invitasjonen kommer fra den transkj\u00f8nnede advokaten Samantha Kane, som kaller seg \u00abLady Carbisdale\u00bb.\u00a0<\/p>\n<p>Kane sier hun gjerne tar imot prinsen fordi hun mener han \u00abikke har f\u00e5tt en rettferdig h\u00f8ring\u00bb.<\/p>\n<p>          <img loading=\"lazy\" decoding=\"async\" src=\"https:\/\/www.europesays.com\/no\/wp-content\/uploads\/2025\/10\/83764547.webp\" width=\"686\" height=\"385\" title=\"LAAANGT BORTE: Carbisdale Castle i det skotske h\u00f8ylandet er kjent som et av landets mest hjems\u00f8kte bygning. Foto: SWNS \/ Shutterstock.\" alt=\"\" class=\"\" style=\"--aspect-ratio-image: 1.78; \"\/><\/p>\n<p>\n          LAAANGT BORTE: Carbisdale Castle i det skotske h\u00f8ylandet er kjent som et av landets mest hjems\u00f8kte bygning. Foto: SWNS \/ Shutterstock.\n      <\/p>\n<p>Hun mener at Carbisdale Castle \u00aber mer passende for en prins enn Castle of Mey\u00bb, som kong Charles angivelig vil sende ham til, if\u00f8lge\u00a0<a href=\"https:\/\/www.scotsman.com\/news\/scottish-news\/lady-carbisdale-prince-andrewn-highland-castle-5371787\" rel=\"nofollow noopener\" target=\"_blank\">The Scotsman<\/a>.<\/p>\n<p>Castle of Mey, som tidligere var eid av dronningmora, brukes n\u00e5 som kong Charles\u2019 residens i h\u00f8ylandet. <\/p>\n<p> Form\u00e5let med \u00e5 forvise prins Andrew til dette slottet, er if\u00f8lge <a href=\"https:\/\/www.the-independent.com\/voices\/prince-andrew-virginia-giuffre-epstein-exile-scotland-castle-mey-b2849138.html?utm_source=chatgpt.com\" rel=\"nofollow noopener\" target=\"_blank\">The Independent<\/a> at det \u00abfjerner\u00bb ham fra offentlighetens lys og dermed reduserer belastningen p\u00e5 kongehuset. <\/p>\n<p> If\u00f8lge lokale medier bor det kun ett fast dyr p\u00e5 slottet &#8211; et esel med navn Alice.<\/p>\n<p>          <img loading=\"lazy\" decoding=\"async\" src=\"https:\/\/www.europesays.com\/no\/wp-content\/uploads\/2025\/10\/83766286.webp\" width=\"686\" height=\"460\" title=\"KAR FOR SIN KILT: Prins Charles foran Castle of Mey i 2019. Foto: Royal IDSOK \/ Shutterstock\" alt=\"\" class=\"\" style=\"--aspect-ratio-image: 1.49; \"\/><\/p>\n<p>\n          KAR FOR SIN KILT: Prins Charles foran Castle of Mey i 2019. Foto: Royal IDSOK \/ Shutterstock\n      <\/p>\n<p>Dette skriver \u00abLady Carbisdale\u00bb:<\/p>\n<p class=\"font-weight-bold m-font-weight-bold\" data-lab-font_weight=\"font-weight-bold\"> &#8211; Som svar p\u00e5 at kongen har sendt prins Andrew i eksil i h\u00f8ylandet, tilbyr jeg gjerne Carbisdale Castle til prins Andrew, ettersom det er mer egnet til \u00e5 huse en prins enn, med all respekt, The Castle of Mey, skriver hun p\u00e5 <a href=\"https:\/\/www.facebook.com\/Samanthakane123\/posts\/pfbid0mj4njNgfYhTNHQSahAKHR4Gm33Qo857Ep2VJD443PCbW9VPtsqiMv8dLf9Rpibgjl\" rel=\"nofollow noopener\" target=\"_blank\">Facebook<\/a>.<\/p>\n<p>          <img loading=\"lazy\" decoding=\"async\" src=\"https:\/\/www.europesays.com\/no\/wp-content\/uploads\/2025\/10\/83765374.webp\" width=\"686\" height=\"1029\" title=\"VEKKER OPPSIKT: Samantha Kane i TV-programmet \u00abThis Morning\u00bb i London i 2010, hvor hun fortalte om sine erfaringer som b\u00e5de mann og kvinne. Foto: Ken McKay \/ REX \/ Shutterstock.\" alt=\"\" class=\"\" style=\"--aspect-ratio-image: 0.67; \"\/><\/p>\n<p>\n          VEKKER OPPSIKT: Samantha Kane i TV-programmet \u00abThis Morning\u00bb i London i 2010, hvor hun fortalte om sine erfaringer som b\u00e5de mann og kvinne. Foto: Ken McKay \/ REX \/ Shutterstock.\n      <\/p>\n<p>Trofast f\u00f8lgesvenn\t<\/p>\n<p>Slottet har over 20 rom og kostet 1,2 millioner pund &#8211; omtrent 16 millioner kroner &#8211; da Kane kj\u00f8pte det i 2022.<\/p>\n<p>Det er omgitt av tett skog, og ligger langt fra det n\u00e6rmeste tettstedet.<\/p>\n<p>          <img loading=\"lazy\" decoding=\"async\" src=\"https:\/\/www.europesays.com\/no\/wp-content\/uploads\/2025\/10\/83765398.webp\" width=\"686\" height=\"385\" title=\"BERYKTET: Carbisdale Castle ligger helt nord i London. Foto: Wikimedia Commons\" alt=\"\" class=\"\" style=\"--aspect-ratio-image: 1.78; \"\/><\/p>\n<p>\n          BERYKTET: Carbisdale Castle ligger helt nord i London. Foto: Wikimedia Commons\n      <\/p>\n<p>Sp\u00f8kelseshistorier\t<\/p>\n<p>Carbisdale Castle har f\u00e5tt rykte p\u00e5 seg som Skottlands mest hjems\u00f8kte bygg p\u00e5 grunn av en lang rekke fortellinger fra b\u00e5de ansatte, gjester og frivillige som bodde der da det fungerte som vandrerhjem.<\/p>\n<p>Den mest ber\u00f8mte sp\u00f8kelshistorien handler om \u00abBetty\u00bb, en ung kvinne i hvit kjole som angivelig skal ha blitt sett g\u00e5ende gjennom slottets lange, m\u00f8rke ganger, if\u00f8lge <a href=\"https:\/\/www.bbc.com\/news\/uk-scotland-highlands-islands-63143835\" rel=\"nofollow noopener\" target=\"_blank\">BBC<\/a>.<\/p>\n<p>    <a itemprop=\"url\" href=\"https:\/\/www.dagbladet.no\/kjendis\/besokte-pappa-midt-i-stormen\/83753905\" rel=\"nofollow noopener\" target=\"_blank\"><\/p>\n<p>      <img loading=\"lazy\" decoding=\"async\" src=\"https:\/\/www.europesays.com\/no\/wp-content\/uploads\/2025\/10\/1761308295_542_83754022.webp\" width=\"980\" height=\"441\" title=\"Bes\u00f8kte pappa midt i stormen\" alt=\"\" class=\"lazyload\" style=\"--aspect-ratio-image: 2.22; \"\/><\/p>\n<p>        Bes\u00f8kte pappa midt i stormen<\/p>\n<p>    <\/a><\/p>\n<p>Andre har fortalt lyder av skumle fottrinn, d\u00f8rer som smeller igjen uten vind og stemmer fra tomme rom.\u00a0<\/p>\n<p>Enkelte mener ogs\u00e5 at en ulykke under byggingen &#8211; der en arbeider skal ha omkommet &#8211; har bidratt til den m\u00f8rke stemningen.<\/p>\n<p>          <img loading=\"lazy\" decoding=\"async\" src=\"https:\/\/www.europesays.com\/no\/wp-content\/uploads\/2025\/10\/83765429.webp\" width=\"686\" height=\"515\" title=\"P\u00c5 INNSIDA: Slottet er kjent for sine lange ganger fylt av statuer. Foto: Wikimedia Commons\" alt=\"\" class=\"\" style=\"--aspect-ratio-image: 1.33; \"\/><\/p>\n<p>\n          P\u00c5 INNSIDA: Slottet er kjent for sine lange ganger fylt av statuer. Foto: Wikimedia Commons\n      <\/p>\n<p>&#8211; Eneste m\u00e5ten saken forsvinner p\u00e5\t<\/p>\n<p>Prins Andrews kritikere mener at det er p\u00e5 h\u00f8y tid at han kommer seg ut av Windsor.<\/p>\n<p class=\"font-weight-bold m-font-weight-bold\" data-lab-font_weight=\"font-weight-bold\">&#8211; Han kan ikke gjemme seg i Windsor for alltid. Hva med \u00e5 g\u00e5 i eksil i Skottland, sp\u00f8r\u00a0<a href=\"https:\/\/www.the-independent.com\/voices\/prince-andrew-virginia-giuffre-epstein-exile-scotland-castle-mey-b2849138.html?utm_source=chatgpt.com\" rel=\"nofollow noopener\" target=\"_blank\">The Independent<\/a>\u00a0p\u00e5 lederplass.<\/p>\n<p>Kongekommentator Andrew Lownie, forfatter av \u00abThe Rise and Fall of the House of York\u00bb, sier dette til\u00a0<a href=\"https:\/\/news.sky.com\/story\/why-andrew-hasnt-given-up-being-a-prince-amid-call-for-him-to-live-in-exile-13453313\" rel=\"nofollow noopener\" target=\"_blank\">Sky News<\/a>:<\/p>\n<p>&#8211; Den eneste m\u00e5ten saken vil forsvinne p\u00e5, er hvis han flytter ut av Royal Lodge, drar i eksil i utlandet sammen med ekskona, og i praksis blir fratatt alle \u00e6resbevisninger, inkludert tittelen prins Andrew.<\/p>\n<p>          <img loading=\"lazy\" decoding=\"async\" src=\"https:\/\/www.europesays.com\/no\/wp-content\/uploads\/2025\/10\/1761308296_311_83759868.webp\" width=\"686\" height=\"460\" title=\"VAR GIFT: Sarah, hertuginnen av York, og prins Andrew ankommer rekviemmessen for hertuginnen av Kent i Westminster Cathedral i London 16. september 2025. Foto: Jordan Pettitt \/ WPA Pool \/ Shutterstock.\" alt=\"\" class=\"\" style=\"--aspect-ratio-image: 1.49; \"\/><\/p>\n<p>\n          VAR GIFT: Sarah, hertuginnen av York, og prins Andrew ankommer rekviemmessen for hertuginnen av Kent i Westminster Cathedral i London 16. september 2025. Foto: Jordan Pettitt \/ WPA Pool \/ Shutterstock.\n      <\/p>\n<p>Fratatt det meste\t<\/p>\n<p>If\u00f8lge <a href=\"https:\/\/www.reuters.com\/world\/uk\/prince-andrew-british-royal-brought-down-by-scandal-2025-10-17\/?utm_source=chatgpt.com\" target=\"_new\" rel=\"nofollow noopener\">Reuters<\/a> har prins Andrew ikke hatt offisielle roller siden 2019, da BBC-intervjuet hans om forholdet til Epstein ble en nasjonal skandale.<\/p>\n<p>Etter intervjuet ble han fratatt milit\u00e6re titler, \u00e6resbevisninger og retten til \u00e5 representere kongehuset offentlig.<\/p>\n<p>Likevel bor han fortsatt i Royal Lodge p\u00e5 Windsor-eiendommen, men han har angivelig <a href=\"https:\/\/www.dagbladet.no\/kjendis\/ikke-betalt-pa-22-ar\/83749341\" rel=\"nofollow noopener\" target=\"_blank\">ikke betalt husleie p\u00e5 over 20 \u00e5r<\/a>.<\/p>\n<p>    <a itemprop=\"url\" href=\"https:\/\/www.dagbladet.no\/kjendis\/vil-kaste-ham-ut\/83751281\" rel=\"nofollow noopener\" target=\"_blank\"><\/p>\n<p>      <img loading=\"lazy\" decoding=\"async\" src=\"https:\/\/www.europesays.com\/no\/wp-content\/uploads\/2025\/10\/1761308292_435_83751359.webp\" width=\"980\" height=\"441\" title=\"Vil kaste ham ut\" alt=\"\" class=\"lazyload\" style=\"--aspect-ratio-image: 2.22; \"\/><\/p>\n<p>        Vil kaste ham ut<\/p>\n<p>    <\/a><\/p>\n<p>          <img loading=\"lazy\" decoding=\"async\" src=\"https:\/\/www.europesays.com\/no\/wp-content\/uploads\/2025\/10\/83751386.webp\" width=\"686\" height=\"515\" title=\"FORHATT: Prins Andrew deltar p\u00e5 kongefamiliens julegudstjeneste i St. Mary Magdalene-kirken p\u00e5 Sandringham-eiendommen i England 25. desember 2022. Foto: Toby Melville \/ Reuters.\" alt=\"\" class=\"\" style=\"--aspect-ratio-image: 1.33; \"\/><\/p>\n<p>\n          FORHATT: Prins Andrew deltar p\u00e5 kongefamiliens julegudstjeneste i St. Mary Magdalene-kirken p\u00e5 Sandringham-eiendommen i England 25. desember 2022. Foto: Toby Melville \/ Reuters.\n      <\/p>\n<p>Skandalen som \u00f8dela alt\t<\/p>\n<p>Jeffrey Epstein var en amerikansk finansmann som ble d\u00f8mt for overgrep og menneskehandel.\u00a0<\/p>\n<p>Han ble funnet d\u00f8d i ei fengselscelle i 2019, men etterforskningen av nettverket hans p\u00e5g\u00e5r fortsatt.<\/p>\n<p>          <img loading=\"lazy\" decoding=\"async\" src=\"https:\/\/www.europesays.com\/no\/wp-content\/uploads\/2025\/10\/83638171.webp\" width=\"686\" height=\"933\" title=\"P\u00c5 OVERGREPSLISTE: Jeffrey Epstein fotografert av New York State Sex Offender Registry. Bildet ble frigitt 11. juli 2019. Foto: New York State Sex Offender Registry \/ AFP\" alt=\"\" class=\"\" style=\"--aspect-ratio-image: 0.74; \"\/><\/p>\n<p>\n          P\u00c5 OVERGREPSLISTE: Jeffrey Epstein fotografert av New York State Sex Offender Registry. Bildet ble frigitt 11. juli 2019. Foto: New York State Sex Offender Registry \/ AFP\n      <\/p>\n<p>If\u00f8lge <a href=\"https:\/\/www.justice.gov\/usao-sdny\/pr\/jeffrey-epstein-charged-manhattan-federal-court-sex-trafficking-minors?utm_source=chatgpt.com\" target=\"_new\" rel=\"nofollow noopener\">det amerikanske justisdepartementet<\/a>\u00a0ble Epstein siktet for \u00e5 ha utnyttet titalls mindre\u00e5rige jenter, mange bare 14 og 16 \u00e5r gamle.\u00a0<\/p>\n<p>Han lokket dem til luksuseiendommer p\u00e5 Manhattan, Palm Beach og sin private \u00f8y i Karibia, n\u00e5 mest kjent som \u00abPedophile Island\u00bb.<\/p>\n<p>          <img loading=\"lazy\" decoding=\"async\" src=\"https:\/\/www.europesays.com\/no\/wp-content\/uploads\/2025\/10\/1761308297_188_83758137.webp\" width=\"980\" height=\"559\" title=\"\u00abPEDOPHILE ISLAND\u00bb: Et luftfoto av Little St. James Island, eiendommen til finansmannen Jeffrey Epstein, p\u00e5 De amerikanske Jomfru\u00f8yer 21. juli 2019. Foto: Marco Bello \/ Reuters\" alt=\"\" class=\"\" style=\"--aspect-ratio-image: 1.75; \"\/><\/p>\n<p>\n          \u00abPEDOPHILE ISLAND\u00bb: Et luftfoto av Little St. James Island, eiendommen til finansmannen Jeffrey Epstein, p\u00e5 De amerikanske Jomfru\u00f8yer 21. juli 2019. Foto: Marco Bello \/ Reuters\n      <\/p>\n<p>Hans n\u00e6re medarbeider Ghislaine Maxwell ble i 2021 d\u00f8mt til 20 \u00e5rs fengsel for \u00e5 ha rekruttert og misbrukt unge jenter p\u00e5 Epsteins vegne, if\u00f8lge <a href=\"https:\/\/www.bbc.com\/news\/world-us-canada-61976984?\" rel=\"nofollow noopener\" target=\"_blank\">BBC<\/a>.<\/p>\n<p>Epstein hadde et enormt nettverk av kontakter &#8211; blant dem tidligere president Bill Clinton, tidligere president Donald Trump, finansmannen Leon Black, samt flere medlemmer av det britiske kongehuset.<\/p>\n<p>    <a itemprop=\"url\" href=\"https:\/\/www.dagbladet.no\/kjendis\/etter-sjokkbildet-vi-skal-leke-mer-snart\/83712588\" rel=\"nofollow noopener\" target=\"_blank\"><\/p>\n<p>      <img loading=\"lazy\" decoding=\"async\" src=\"https:\/\/www.europesays.com\/no\/wp-content\/uploads\/2025\/10\/1761308297_191_83712850.webp\" width=\"147\" height=\"98\" title=\"Etter sjokkbildet: - Vi skal leke mer snart\" alt=\"\" class=\"lazyload\" style=\"--aspect-ratio-image: 1.50; \"\/><\/p>\n<p>        Etter sjokkbildet: &#8211; Vi skal leke mer snart<\/p>\n<p>    <\/a><\/p>\n<p>&#8211; Tvunget til sex\t<\/p>\n<p>Virginia Giuffre, tidligere Virginia Roberts, har sagt at hun ble tvunget til \u00e5 ha sex med prins Andrew da hun var 17 \u00e5r gammel.\u00a0<\/p>\n<p>Hun hevdet det skjedde i London, New York og p\u00e5 Epsteins \u00f8y &#8211; og fortalte at prinsen svettet intenst.<\/p>\n<p>        PRINS ANDREW: Virginia Guiffre sier at Jeffrey Epstein fl\u00f8y henne til London for \u00e5 ha sex med prins Andrew. Video: BBC. Reporter: Elias Kr. Zahl-Pettersen<\/p>\n<p>Andrew har nektet for alt og sier han ikke husker \u00e5 ha m\u00f8tt henne &#8211; til tross for det ber\u00f8mte bildet som viser de to sammen, tatt hjemme hos Ghislaine Maxwell.<\/p>\n<p>Det fam\u00f8se BBC-intervjuet i 2019, der han fors\u00f8kte \u00e5 forklare seg, ble et katastrofalt vendepunkt.\u00a0<\/p>\n<p>&#8211; Jeg har ikke m\u00f8tt henne, hevdet han.<\/p>\n<p>    <a itemprop=\"url\" href=\"https:\/\/www.dagbladet.no\/nyheter\/advarer-vi-vet-hvem-de-er\/83546629\" rel=\"nofollow noopener\" target=\"_blank\"><\/p>\n<p>      <img loading=\"lazy\" decoding=\"async\" src=\"https:\/\/www.europesays.com\/no\/wp-content\/uploads\/2025\/10\/83546672.webp\" width=\"980\" height=\"441\" title=\"Advarer: - Vi vet hvem de er\" alt=\"\" class=\"lazyload\" style=\"--aspect-ratio-image: 2.22; \"\/><\/p>\n<p>        Advarer: &#8211; Vi vet hvem de er<\/p>\n<p>    <\/a><\/p>\n<p class=\"font-weight-bold m-font-weight-bold\" data-lab-font_weight=\"font-weight-bold\">Han sa ogs\u00e5 at han umulig kunne ha svettet, fordi han \u00abmistet evnen til det under Falklandskrigen\u00bb &#8211; en uttalelse som raskt ble latterliggjort og bare gjorde vondt verre.<\/p>\n<p>I 2022 inngikk han et \u00f8konomisk forlik med Giuffre, ansl\u00e5tt til rundt 12 millioner pund, if\u00f8lge <a href=\"https:\/\/www.theguardian.com\/uk-news\/2022\/feb\/15\/prince-andrew-settles-sex-abuse-lawsuit-virginia-giuffre?\" rel=\"nofollow noopener\" target=\"_blank\">The Guardian<\/a>. Dette tilsvarer 160 millioner norske kroner.<\/p>\n<p>        NEKTER: Prins Andrew hevder at han ikke kan huske \u00e5 ha m\u00f8tt Virginia Giuffre. Giuffre har forklart at hun ble tvunget til \u00e5 ha sex med Andrew. Video: Newsnight, BBC<\/p>\n<p>Et liv i skyggen\t<\/p>\n<p>Kong Charles skal if\u00f8lge flere britiske medier ha gitt klar beskjed om at broren aldri vil komme tilbake til noen formell rolle i kongehuset.<\/p>\n<p class=\"font-weight-bold m-font-weight-bold\" data-lab-font_weight=\"font-weight-bold\">Hvis han n\u00e5 flytter til det avsidesliggende slottet i Skottland, vil det v\u00e6re et tydelig symbol p\u00e5 hvordan en av dronningas mest betrodde s\u00f8nner endte i fullstendig van\u00e6re.<\/p>\n<p><script async src=\"https:\/\/platform.twitter.com\/widgets.js\" charset=\"utf-8\"><\/script><\/p>\n","protected":false},"excerpt":{"rendered":"Kort fortalt Prins Andrew er i hardt v\u00e6r etter nye avsl\u00f8ringer om hans forhold til Jeffrey Epstein. Han&hellip;\n","protected":false},"author":2,"featured_media":68905,"comment_status":"","ping_status":"","sticky":false,"template":"","format":"standard","meta":{"footnotes":""},"categories":[12],"tags":[20,21,24,25,15,479,22,23,13,30,28,29,14,16,26,27,42,43,44,45],"class_list":{"0":"post-68904","1":"post","2":"type-post","3":"status-publish","4":"format-standard","5":"has-post-thumbnail","7":"category-verden","8":"tag-breaking-news","9":"tag-breakingnews","10":"tag-featured-news","11":"tag-featurednews","12":"tag-headlines","13":"tag-kjendis","14":"tag-latest-news","15":"tag-latestnews","16":"tag-news","17":"tag-no","18":"tag-norge","19":"tag-norway","20":"tag-nyheter","21":"tag-overskrifter","22":"tag-top-stories","23":"tag-topstories","24":"tag-verden","25":"tag-world","26":"tag-world-news","27":"tag-worldnews"},"share_on_mastodon":{"url":"https:\/\/pubeurope.com\/@no\/115429107789658394","error":""},"_links":{"self":[{"href":"https:\/\/www.europesays.com\/no\/wp-json\/wp\/v2\/posts\/68904","targetHints":{"allow":["GET"]}}],"collection":[{"href":"https:\/\/www.europesays.com\/no\/wp-json\/wp\/v2\/posts"}],"about":[{"href":"https:\/\/www.europesays.com\/no\/wp-json\/wp\/v2\/types\/post"}],"author":[{"embeddable":true,"href":"https:\/\/www.europesays.com\/no\/wp-json\/wp\/v2\/users\/2"}],"replies":[{"embeddable":true,"href":"https:\/\/www.europesays.com\/no\/wp-json\/wp\/v2\/comments?post=68904"}],"version-history":[{"count":0,"href":"https:\/\/www.europesays.com\/no\/wp-json\/wp\/v2\/posts\/68904\/revisions"}],"wp:featuredmedia":[{"embeddable":true,"href":"https:\/\/www.europesays.com\/no\/wp-json\/wp\/v2\/media\/68905"}],"wp:attachment":[{"href":"https:\/\/www.europesays.com\/no\/wp-json\/wp\/v2\/media?parent=68904"}],"wp:term":[{"taxonomy":"category","embeddable":true,"href":"https:\/\/www.europesays.com\/no\/wp-json\/wp\/v2\/categories?post=68904"},{"taxonomy":"post_tag","embeddable":true,"href":"https:\/\/www.europesays.com\/no\/wp-json\/wp\/v2\/tags?post=68904"}],"curies":[{"name":"wp","href":"https:\/\/api.w.org\/{rel}","templated":true}]}}