{"id":68912,"date":"2025-10-24T12:31:11","date_gmt":"2025-10-24T12:31:11","guid":{"rendered":"https:\/\/www.europesays.com\/no\/68912\/"},"modified":"2025-10-24T12:31:11","modified_gmt":"2025-10-24T12:31:11","slug":"norges-fredsrad-dropper-nobels-fredspris-fakkeltoget-i-protest","status":"publish","type":"post","link":"https:\/\/www.europesays.com\/no\/68912\/","title":{"rendered":"Norges Fredsr\u00e5d dropper Nobels fredspris-fakkeltoget i protest"},"content":{"rendered":"\n<p class=\"_lead_o9xde_2 _lead_xtcu6_50 layout-component text-serif-m layout-normal text-serif-l layout-component layout-wide layout-padded _wide_17hqh_1 layout-padded\">Norges Fredsr\u00e5ds medlems\u00adorganisasjoner mener \u00e5rets fredspris\u00admottager ikke st\u00e5r i samsvar med deres verdier. Nobelinstituttet tror det likevel blir flammende fakler.<\/p>\n<p><img alt=\"Fakkeltoget i 2024, for fredsprisvinner Nihon Hidankyo.  Foto: Terje Pedersen \/ NTB\" class=\"_image_qp4xg_65 layout-component layout-wide\" data-fullscreen- data-track-element-type=\"Article image fullscreen\" data-track-name=\"ImageFullscreen\" fetchpriority=\"high\" decoding=\"sync\" loading=\"eager\" height=\"4000\" itemprop=\"image\"  src=\"https:\/\/www.europesays.com\/no\/wp-content\/uploads\/2025\/10\/99197bac-174f-4bbe-b5b2-549ac3019a89\"  style=\"object-position:0% 0%\" width=\"6000\"\/>Fakkeltoget i 2024, for fredsprisvinner Nihon Hidankyo.  Foto: Terje Pedersen \/ NTB<\/p>\n<ul aria-hidden=\"true\" class=\"_images_18f0k_111\">\n<li><a class=\"_link_18f0k_116\" href=\"https:\/\/www.vg.no\/forfatter\/bendik-hansen\" style=\"z-index:1\" title=\"Bendik Hansen\" rel=\"nofollow noopener\" target=\"_blank\"><img alt=\"Bilde av Bendik Hansen\" class=\"_image_18f0k_93\" fetchpriority=\"low\" loading=\"lazy\" decoding=\"async\" itemprop=\"image\"  src=\"https:\/\/www.europesays.com\/no\/wp-content\/uploads\/2025\/10\/1761309069_73_236bc5a3-2236-4046-b957-81f29d024aa6\"  width=\"480\"\/><\/a><\/li>\n<\/ul>\n<p> Oppdatert fredag 24. oktober kl. 13:48    <\/p>\n<ul class=\"_list_o9xde_3 _list_64s2r_85 _unordered_o9xde_106 text-sans-m\">\n<li class=\"_item_o9xde_30\">Norges Fredsr\u00e5d dropper \u00e5rets fakkeltog i protest mot at Mar\u00eda Corina Machado f\u00e5r Nobels fredspris.<\/li>\n<li class=\"_item_o9xde_30\">De mener Machados metoder ikke stemmer med deres verdigrunnlag.<\/li>\n<li class=\"_item_o9xde_30\">Nobelinstituttet er likevel sikre p\u00e5 at det blir et fakkeltog for feiringen.<\/li>\n<\/ul>\n<p>Vis mer <\/p>\n<p class=\"_paragraph_o9xde_4 _paragraph_xtcu6_10 layout-component text-serif-m layout-normal text-serif-m layout-padded\">10. september ble det klart at Nobels fredspris 2025 gikk til Mar\u00eda Corina Machado (58).<\/p>\n<p class=\"_paragraph_o9xde_4 _paragraph_xtcu6_10 layout-component text-serif-m layout-normal text-serif-m layout-padded\">\u2013 Machado f\u00e5r fredsprisen for arbeidet for \u00e5 fremme demokratiske rettigheter for folket i <a href=\"https:\/\/www.vg.no\/tag\/venezuela?utm_source=vg-article&amp;utm_medium=auto-tagger&amp;utm_campaign=Xjxagm\" class=\"_link_o9xde_39\" rel=\"nofollow noopener\" target=\"_blank\">Venezuela<\/a> og for kampen for et rettferdig og fredelig overgang fra diktatur til demokrati, sa leder i Nobelkomiteen J\u00f8rgen Watne Frydnes <a href=\"https:\/\/www.vg.no\/nyheter\/i\/wg7Vad\/deler-ut-nobels-fredspris\" data-track-element-type=\"Link\" data-track-id=\"link:wg7Vad\" class=\"_link_o9xde_39\" rel=\"nofollow noopener\" target=\"_blank\">under tildelingen<\/a>. <\/p>\n<p><img alt=\"Nobelkomiteens leder, J\u00f8rgen Watne Frydnes, kunngj\u00f8r at Maria Corina Machado f\u00e5r tildelt Nobels fredspris 2025.   Foto: Rodrigo Freitas \/ NTB\" class=\"_image_qp4xg_65 layout-component layout-normal\" data-fullscreen- data-track-element-type=\"Article image fullscreen\" data-track-name=\"ImageFullscreen\" decoding=\"async\" loading=\"lazy\" height=\"5760\" itemprop=\"image\"  src=\"https:\/\/www.europesays.com\/no\/wp-content\/uploads\/2025\/10\/c6c41d9a-0b2e-4733-b271-bf6d60cf9ba4\"  style=\"object-position:0% 0%\" width=\"7824\"\/>Nobelkomiteens leder, J\u00f8rgen Watne Frydnes, kunngj\u00f8r at Maria Corina Machado f\u00e5r tildelt Nobels fredspris 2025.   Foto: Rodrigo Freitas \/ NTB<\/p>\n<p class=\"_paragraph_o9xde_4 _paragraph_xtcu6_10 layout-component text-serif-m layout-normal text-serif-m layout-padded\">I en pressemelding skriver Norges Fredsr\u00e5d at avgj\u00f8relsen om \u00e5 droppe \u00e5rets tog er tatt etter en \u00abgrundig h\u00f8ringsprosess\u00bb blant deres 17 medlemsorganisasjoner. <\/p>\n<p class=\"_paragraph_o9xde_4 _paragraph_xtcu6_10 layout-component text-serif-m layout-normal text-serif-m layout-padded\">Der har det kommet tydelig frem at de ikke opplever at Machado st\u00e5r i samsvar med deres verdigrunnlag. <\/p>\n<p class=\"_paragraph_o9xde_4 _paragraph_xtcu6_10 layout-component text-serif-m layout-normal text-serif-m layout-padded\"><strong class=\"_strong_o9xde_25\">\u2013 Noen av hennes metoder er ikke i tr\u00e5d med v\u00e5re eller v\u00e5re medlemmers prinsipper og verdier, og spesielt at man skal l\u00f8fte opp dialog og ikkevoldelige metoder, sier styreleder Eline H. Lorentzen til VG.<\/strong><\/p>\n<p class=\"_paragraph_o9xde_4 _paragraph_xtcu6_10 layout-component text-serif-m layout-normal text-serif-m layout-padded\">Venezuela-ekspert Vegard Bye sier til NTB at han har bedt Nobelkomiteen v\u00e6re p\u00e5 vakt mot fredsprisvinnerens fl\u00f8rting med USAs planer for Venezuela. Trump-administrasjonen <a href=\"https:\/\/www.vg.no\/nyheter\/i\/JbVd64\/trump-gir-groent-lys-til-hemmelige-cia-operasjoner-i-venezuela\" data-track-element-type=\"Link\" data-track-id=\"link:JbVd64\" class=\"_link_o9xde_39\" rel=\"nofollow noopener\" target=\"_blank\">har gitt CIA gr\u00f8nt lys<\/a> til \u00e5 gjennomf\u00f8re dekkoperasjoner mot president Nicolas Maduros regime.<\/p>\n<p class=\"_paragraph_o9xde_4 _paragraph_xtcu6_10 layout-component text-serif-m layout-normal text-serif-m layout-padded\">Han fryker at Machado kan kommer til \u00e5 st\u00f8tte en amerikansk milit\u00e6rintervensjonmilit\u00e6rintervensjonEn milit\u00e6r intervensjon er en milit\u00e6r innblanding i en annen stats interne anliggender, som regel uten samtykke fra den staten, og kan v\u00e6re et fors\u00f8k p\u00e5 \u00e5 forhindre alvorlige menneskerettighetsbrudd eller beskytte sivile..<\/p>\n<p class=\"_paragraph_o9xde_4 _paragraph_xtcu6_10 layout-component text-serif-m layout-normal text-serif-m layout-padded\">Flere eksperter VG har snakket med forteller om <a href=\"https:\/\/www.vg.no\/nyheter\/i\/1M1ynM\/latin-amerika-kjenner-overrasket-ingen-typisk-fredsprisvinner\" data-track-element-type=\"Link\" data-track-id=\"link:1M1ynM\" class=\"_link_o9xde_39\" rel=\"nofollow noopener\" target=\"_blank\">en overraskende, litt utypisk fredsprismottager.<\/a> R\u00f8dt-politiker Bj\u00f8rnar Moxnes skriver p\u00e5 Facebook at fredspris til Machado er \u00aben d\u00e5rlig id\u00e9\u00bb. <\/p>\n<p class=\"_paragraph_o9xde_4 _paragraph_xtcu6_10 layout-component text-serif-m layout-normal text-serif-m layout-padded\"><strong class=\"_strong_o9xde_25\">\u2013 Du finner nesten ikke noen annen kandidat som er n\u00e6rmere Donald Trump, mener han.<\/strong><\/p>\n<p class=\"_paragraph_o9xde_4 _paragraph_xtcu6_10 layout-component text-serif-m layout-normal text-serif-m layout-padded\">Prisutdelingen skjer i Oslo 10. desember. P\u00e5 grunn av utfordringer rundt Machados sikkerhet er det ikke sikkert at hun kommer selv for \u00e5 ta imot fredsprisen. <\/p>\n<p class=\"_paragraph_o9xde_4 _paragraph_xtcu6_10 layout-component text-serif-m layout-normal text-serif-m layout-padded\"><strong class=\"_strong_o9xde_25\">\u2013 Dette er en vanskelig, men n\u00f8dvendig beslutning, sier Lorentzen. <\/strong><\/p>\n<p class=\"_paragraph_o9xde_4 _paragraph_xtcu6_10 layout-component text-serif-m layout-normal text-serif-m layout-padded\">Hun sier at fredsr\u00e5det har stor respekt for Nobelkomiteen og fredsprisen som institusjon, men at de er n\u00f8dt til \u00e5 v\u00e6re tro mot deres egne prinsipper og fredsbevegelsen de representerer. <\/p>\n<p class=\"_paragraph_o9xde_4 _paragraph_xtcu6_10 layout-component text-serif-m layout-normal text-serif-m layout-padded\">\u2013 Vi ser frem til \u00e5 feire fredsprisen igjen i kommende \u00e5r, sier Lorentzen. <\/p>\n<p class=\"_paragraph_o9xde_4 _paragraph_xtcu6_10 layout-component text-serif-m layout-normal text-serif-m layout-padded\">Norges Fredsr\u00e5d har v\u00e6rt en sentral akt\u00f8r for norsk fredsarbeid i 80 \u00e5r, og har jobbet med \u00e5 l\u00f8fte frem og feire arbeid som fremmer solidaritet, rettferdighet og likeverd p\u00e5 tvers av kulturelle og politiske skiller.<\/p>\n<p><img alt=\"Fakkeltoget fra da Barack Obama fikk fredsprisen i 2009.  Foto: Kyrre Lien \/ NTB\" class=\"_image_qp4xg_65 layout-component layout-normal\" data-fullscreen- data-track-element-type=\"Article image fullscreen\" data-track-name=\"ImageFullscreen\" decoding=\"async\" loading=\"lazy\" height=\"3580\" itemprop=\"image\"  src=\"https:\/\/www.europesays.com\/no\/wp-content\/uploads\/2025\/10\/e57198bd-2d27-4916-9e70-e0eb1926468b\"  style=\"object-position:0% 0%\" width=\"5369\"\/>Fakkeltoget fra da Barack Obama fikk fredsprisen i 2009.  Foto: Kyrre Lien \/ NTB<\/p>\n<p class=\"_paragraph_o9xde_4 _paragraph_xtcu6_10 layout-component text-serif-m layout-normal text-serif-m layout-padded\">Det f\u00f8rste fakkeltoget i forbindelse med Nobels fredspris ble organisert av norske studenter i 1954, til \u00e6re for Albert Schweitzer som var i Oslo for \u00e5 avgi sitt Nobelforedag, skriver <a href=\"https:\/\/www.nobelpeaceprize.org\/nobels-fredspris\/om-nobels-fredspris\/slik-feires-fredsprisen\/fakkeltog\" class=\"_link_o9xde_39\" rel=\"nofollow noopener\" target=\"_blank\">Nobelinstituttet<\/a>. <\/p>\n<p class=\"_paragraph_o9xde_4 _paragraph_xtcu6_10 layout-component text-serif-m layout-normal text-serif-m layout-padded\">Selv om det vanligvis er Norges Fredsr\u00e5d som arrangerer fakkeltoget, er det ikke f\u00f8rste gang at de dropper toget i protest. Det samme skjedde i 2012, da Den europeiske union (EU) ble tildelt fredsprisen.<\/p>\n<p class=\"_paragraph_o9xde_4 _paragraph_xtcu6_10 layout-component text-serif-m layout-normal layout-padded\"><strong class=\"_strong_o9xde_25\">Les ogs\u00e5:<\/strong> <a href=\"https:\/\/www.vg.no\/i\/Ey3n43\" data-track-element-type=\"Link\" data-track-id=\"link:Ey3n43\" class=\"_link_o9xde_39\" rel=\"nofollow noopener\" target=\"_blank\">Nobelinstituttet: \u2013 Noen har kjent seg helt sikre p\u00e5 vinneren<\/a><\/p>\n<p class=\"_paragraph_o9xde_4 _paragraph_xtcu6_10 layout-component text-serif-m layout-normal text-serif-m layout-padded\">Kommunikasjonssjef i Det Norske Nobelinstitutt, Erik Aasheim, sier at det er mange arrangementer under paraplyen Oslo Peace Days i desember som de ikke er ansvarlige for. <\/p>\n<p><img decoding=\"async\" alt=\"Bilde av Erik Aasheim\" class=\"_image_ygndg_42\" height=\"27\" itemprop=\"image\" loading=\"lazy\"  src=\"https:\/\/www.europesays.com\/no\/wp-content\/uploads\/2025\/10\/096c4a58-9fa8-4348-a194-3b92e4ef3a43\"  width=\"40\"\/><strong class=\"_name_ygndg_51 title-serif-xs\">Erik Aasheim<\/strong><\/p>\n<p class=\"_paragraph_o9xde_4 text-sans-m _description_ygndg_56\">kommunikasjonssjef, Det Norske Nobelinstitutt<\/p>\n<p class=\"_paragraph_o9xde_4 _paragraph_xtcu6_10 layout-component text-serif-m layout-normal text-serif-m layout-padded\">Fakkeltoget er et av disse. <\/p>\n<p class=\"_paragraph_o9xde_4 _paragraph_xtcu6_10 layout-component text-serif-m layout-normal text-serif-m layout-padded\"><strong class=\"_strong_o9xde_25\">\u2013 Vi er likevel ganske sikre p\u00e5 at det ogs\u00e5 i \u00e5r vil bli arrangert et fakkeltog, som et bidrag til feiringen av \u00e5rets fredsprisvinner Mar\u00eda Corina Machado, sier han til VG.<\/strong><\/p>\n","protected":false},"excerpt":{"rendered":"Norges Fredsr\u00e5ds medlems\u00adorganisasjoner mener \u00e5rets fredspris\u00admottager ikke st\u00e5r i samsvar med deres verdier. Nobelinstituttet tror det likevel blir&hellip;\n","protected":false},"author":2,"featured_media":68913,"comment_status":"","ping_status":"","sticky":false,"template":"","format":"standard","meta":{"footnotes":""},"categories":[10],"tags":[20,21,9735,24,25,15,22,23,13,30,1125,28,29,14,16,26,27,95],"class_list":{"0":"post-68912","1":"post","2":"type-post","3":"status-publish","4":"format-standard","5":"has-post-thumbnail","7":"category-norge","8":"tag-breaking-news","9":"tag-breakingnews","10":"tag-fakkeltog","11":"tag-featured-news","12":"tag-featurednews","13":"tag-headlines","14":"tag-latest-news","15":"tag-latestnews","16":"tag-news","17":"tag-no","18":"tag-nobels-fredspris","19":"tag-norge","20":"tag-norway","21":"tag-nyheter","22":"tag-overskrifter","23":"tag-top-stories","24":"tag-topstories","25":"tag-venezuela"},"share_on_mastodon":{"url":"https:\/\/pubeurope.com\/@no\/115429158733325622","error":""},"_links":{"self":[{"href":"https:\/\/www.europesays.com\/no\/wp-json\/wp\/v2\/posts\/68912","targetHints":{"allow":["GET"]}}],"collection":[{"href":"https:\/\/www.europesays.com\/no\/wp-json\/wp\/v2\/posts"}],"about":[{"href":"https:\/\/www.europesays.com\/no\/wp-json\/wp\/v2\/types\/post"}],"author":[{"embeddable":true,"href":"https:\/\/www.europesays.com\/no\/wp-json\/wp\/v2\/users\/2"}],"replies":[{"embeddable":true,"href":"https:\/\/www.europesays.com\/no\/wp-json\/wp\/v2\/comments?post=68912"}],"version-history":[{"count":0,"href":"https:\/\/www.europesays.com\/no\/wp-json\/wp\/v2\/posts\/68912\/revisions"}],"wp:featuredmedia":[{"embeddable":true,"href":"https:\/\/www.europesays.com\/no\/wp-json\/wp\/v2\/media\/68913"}],"wp:attachment":[{"href":"https:\/\/www.europesays.com\/no\/wp-json\/wp\/v2\/media?parent=68912"}],"wp:term":[{"taxonomy":"category","embeddable":true,"href":"https:\/\/www.europesays.com\/no\/wp-json\/wp\/v2\/categories?post=68912"},{"taxonomy":"post_tag","embeddable":true,"href":"https:\/\/www.europesays.com\/no\/wp-json\/wp\/v2\/tags?post=68912"}],"curies":[{"name":"wp","href":"https:\/\/api.w.org\/{rel}","templated":true}]}}