{"id":68921,"date":"2025-10-24T12:50:10","date_gmt":"2025-10-24T12:50:10","guid":{"rendered":"https:\/\/www.europesays.com\/no\/68921\/"},"modified":"2025-10-24T12:50:10","modified_gmt":"2025-10-24T12:50:10","slug":"sjakkverdenen-krever-at-vladimir-kramnik-utestenges-etter-daniel-naroditskys-dod","status":"publish","type":"post","link":"https:\/\/www.europesays.com\/no\/68921\/","title":{"rendered":"Sjakkverdenen krever at Vladimir Kramnik utestenges etter Daniel Naroditskys d\u00f8d"},"content":{"rendered":"\n<p class=\"_lead_o9xde_2 _lead_xtcu6_50 layout-component text-serif-m layout-normal text-serif-l layout-component layout-wide layout-padded _wide_17hqh_1 layout-padded\">Over 11.000 har signert en underskriftskampanje mot Vladimir Kramnik.<\/p>\n<p><img alt=\"Vladimir Kramnik anklaget Daniel Naroditsky for juks flere ganger f\u00f8r Naroditsky omkom. Foto: Torstein B\u00f8e \/ NTB\" class=\"_image_qp4xg_65 layout-component layout-wide\" data-fullscreen- data-track-element-type=\"Article image fullscreen\" data-track-name=\"ImageFullscreen\" fetchpriority=\"high\" decoding=\"sync\" loading=\"eager\" height=\"3648\" itemprop=\"image\"  src=\"https:\/\/www.europesays.com\/no\/wp-content\/uploads\/2025\/10\/1010d4f5-e116-4a4a-8eff-f8fb468cf58d\"  style=\"object-position:0% 0%\" width=\"5472\"\/>Vladimir Kramnik anklaget Daniel Naroditsky for juks flere ganger f\u00f8r Naroditsky omkom. Foto: Torstein B\u00f8e \/ NTB<\/p>\n<ul aria-hidden=\"true\" class=\"_images_18f0k_111\">\n<li><a class=\"_link_18f0k_116\" href=\"https:\/\/www.vg.no\/forfatter\/eirik-soerenmo-paasche\" style=\"z-index:1\" title=\"Eirik S\u00f8renmo P\u00e5sche\" rel=\"nofollow noopener\" target=\"_blank\"><img alt=\"Bilde av Eirik S\u00f8renmo P\u00e5sche\" class=\"_image_18f0k_93\" fetchpriority=\"low\" loading=\"lazy\" decoding=\"async\" itemprop=\"image\"  src=\"https:\/\/www.europesays.com\/no\/wp-content\/uploads\/2025\/10\/1761310209_352_cfda420f-d23e-4c6c-b420-faa95e9679ed\"  width=\"480\"\/><\/a><\/li>\n<\/ul>\n<p> Oppdatert fredag 24. oktober kl. 14:23     <\/p>\n<p class=\"_paragraph_o9xde_4 _paragraph_xtcu6_10 layout-component text-serif-m layout-normal text-serif-m layout-padded\">Mer enn 11.000 sjakkfans har signert en underskriftskampanje som krever at Vladimir Kramnik blir utestengt og fratatt titlene sine, melder\u00a0<a href=\"https:\/\/www.dailymail.co.uk\/sport\/football\/article-15223367\/Chess-petition-BAN-Vladimir-Kramnik-Russian-Daniel-Naroditsky-death.html?ns_mchannel=rss&amp;ns_campaign=1490&amp;ito=1490\" class=\"_link_o9xde_39\" rel=\"nofollow noopener\" target=\"_blank\">Daily Mail<\/a>.<\/p>\n<p class=\"_paragraph_o9xde_4 _paragraph_xtcu6_10 layout-component text-serif-m layout-normal text-serif-m layout-padded\">Kramnik, som var verdensmester fra 2000 til 2007, har i flere \u00e5r anklaget andre spillere for juks uten bevis. Naroditsky var et av hovedm\u00e5lene for disse anklagene.<\/p>\n<p class=\"_paragraph_o9xde_4 _paragraph_xtcu6_10 layout-component text-serif-m layout-normal text-serif-m layout-padded\">Kampanjen kommer etter at den amerikanske stormesteren <a href=\"https:\/\/www.vg.no\/sport\/i\/RzPyxJ\/sjakkspilleren-daniel-naroditsky-er-doed\" data-track-element-type=\"Link\" data-track-id=\"link:RzPyxJ\" class=\"_link_o9xde_39\" rel=\"nofollow noopener\" target=\"_blank\">Daniel Naroditsky (29) ble funnet d\u00f8d i hjemmet sitt i Charlotte, Nord-Carolina forrige helg<\/a>.<\/p>\n<p class=\"_paragraph_o9xde_4 _paragraph_xtcu6_10 layout-component text-serif-m layout-normal text-serif-m layout-padded\">Den russiske stormesteren beskyldte gjentatte ganger Daniel Naroditsky for \u00e5 bruke dataassistanse under nettpartier. Anklagene ble avvist som grunnl\u00f8se av sjakksamfunnet, men skal ha p\u00e5f\u00f8rt Naroditsky stor lidelse.<\/p>\n<p><img alt=\"Daniel Naroditsky ble bare 29 \u00e5r gammel.  Foto: Kelly Centrelli \/ AP \/ NTB\" class=\"_image_qp4xg_65 layout-component layout-normal\" data-fullscreen- data-track-element-type=\"Article image fullscreen\" data-track-name=\"ImageFullscreen\" decoding=\"async\" loading=\"lazy\" height=\"3648\" itemprop=\"image\"  src=\"https:\/\/www.europesays.com\/no\/wp-content\/uploads\/2025\/10\/22f0570b-8fe1-42f3-86b7-10be146aa366\"  style=\"object-position:0% 0%\" width=\"5472\"\/>Daniel Naroditsky ble bare 29 \u00e5r gammel.  Foto: Kelly Centrelli \/ AP \/ NTB<\/p>\n<p class=\"_paragraph_o9xde_4 _paragraph_xtcu6_10 layout-component text-serif-m layout-normal text-serif-m layout-padded\">Underskriftskampanjen anklager Kramnik for \u00e5 ha brutt flere deler av Det internasjonale sjakkforbundets etiske regelverk gjennom det de kaller \u00abuf\u00f8lsom, spekulativ og skadelig\u00bb oppf\u00f8rsel.<\/p>\n<p class=\"_paragraph_o9xde_4 _paragraph_xtcu6_10 layout-component text-serif-m layout-normal text-serif-m layout-padded\">Verdens nummer to, Hikaru Nakamura, sa at Kramnik kunne \u00abdra til helvete og r\u00e5tne der\u00bb, mens <a href=\"https:\/\/www.vg.no\/tag\/magnus-carlsen?utm_source=vg-article&amp;utm_medium=auto-tagger&amp;utm_campaign=Av4JrE\" class=\"_link_o9xde_39\" rel=\"nofollow noopener\" target=\"_blank\">Magnus Carlsen<\/a> kalte m\u00e5ten han gikk etter Naroditsky p\u00e5 \u00abforferdelig\u00bb.<\/p>\n<p class=\"_paragraph_o9xde_4 _paragraph_xtcu6_10 layout-component text-serif-m layout-normal text-serif-m layout-padded\">\u2013 Det er veldig trist. Jeg har kjent ham i mange \u00e5r, vi var ikke n\u00e6re, men har spilt mye mot hverandre, <a href=\"https:\/\/www.vg.no\/sport\/i\/jQ8Q0e\/magnus-carlsen-om-doedsfallet-til-naroditsky-trist\" data-track-element-type=\"Link\" data-track-id=\"link:jQ8Q0e\" class=\"_link_o9xde_39\" rel=\"nofollow noopener\" target=\"_blank\">sa Carlsen om Naroditskys d\u00f8dsfall p\u00e5 sin egen Youtube-kanal<\/a>.<\/p>\n<p><img alt=\"Hikaru Nakamura har tidligere g\u00e5tt hardt ut mot Kramnik.  Foto: NEIL HALL \/ EPA \/ NTB\" class=\"_image_qp4xg_65 layout-component layout-normal\" data-fullscreen- data-track-element-type=\"Article image fullscreen\" data-track-name=\"ImageFullscreen\" decoding=\"async\" loading=\"lazy\" height=\"3689\" itemprop=\"image\"  src=\"https:\/\/www.europesays.com\/no\/wp-content\/uploads\/2025\/10\/33ee90d2-11d8-4ec1-a44d-2c000705e666\"  style=\"object-position:0% 0%\" width=\"5401\"\/>Hikaru Nakamura har tidligere g\u00e5tt hardt ut mot Kramnik.  Foto: NEIL HALL \/ EPA \/ NTB<\/p>\n<p class=\"_paragraph_o9xde_4 _paragraph_xtcu6_10 layout-component text-serif-m layout-normal text-serif-m layout-padded\">FIDE-president Arkady Dvorkovich har bekreftet at Kramniks oppf\u00f8rsel vil bli henvist til organisasjonens etikk- og disiplin\u00e6rkomit\u00e9, som har makt til \u00e5 gi utestengelser eller livstidskarantene.<\/p>\n<p class=\"_paragraph_o9xde_4 _paragraph_xtcu6_10 layout-component text-serif-m layout-normal text-serif-m layout-padded\">Kramnik benekter mobbing og har kunngjort planer om \u00e5 saks\u00f8ke FIDE.<\/p>\n","protected":false},"excerpt":{"rendered":"Over 11.000 har signert en underskriftskampanje mot Vladimir Kramnik. Vladimir Kramnik anklaget Daniel Naroditsky for juks flere ganger&hellip;\n","protected":false},"author":2,"featured_media":68922,"comment_status":"","ping_status":"","sticky":false,"template":"","format":"standard","meta":{"footnotes":""},"categories":[59],"tags":[4854,30,28,29,7611,83,82,46],"class_list":{"0":"post-68921","1":"post","2":"type-post","3":"status-publish","4":"format-standard","5":"has-post-thumbnail","7":"category-sport","8":"tag-magnus-carlsen","9":"tag-no","10":"tag-norge","11":"tag-norway","12":"tag-sjakk","13":"tag-sport","14":"tag-sports","15":"tag-vgai"},"share_on_mastodon":{"url":"https:\/\/pubeurope.com\/@no\/115429233424829970","error":""},"_links":{"self":[{"href":"https:\/\/www.europesays.com\/no\/wp-json\/wp\/v2\/posts\/68921","targetHints":{"allow":["GET"]}}],"collection":[{"href":"https:\/\/www.europesays.com\/no\/wp-json\/wp\/v2\/posts"}],"about":[{"href":"https:\/\/www.europesays.com\/no\/wp-json\/wp\/v2\/types\/post"}],"author":[{"embeddable":true,"href":"https:\/\/www.europesays.com\/no\/wp-json\/wp\/v2\/users\/2"}],"replies":[{"embeddable":true,"href":"https:\/\/www.europesays.com\/no\/wp-json\/wp\/v2\/comments?post=68921"}],"version-history":[{"count":0,"href":"https:\/\/www.europesays.com\/no\/wp-json\/wp\/v2\/posts\/68921\/revisions"}],"wp:featuredmedia":[{"embeddable":true,"href":"https:\/\/www.europesays.com\/no\/wp-json\/wp\/v2\/media\/68922"}],"wp:attachment":[{"href":"https:\/\/www.europesays.com\/no\/wp-json\/wp\/v2\/media?parent=68921"}],"wp:term":[{"taxonomy":"category","embeddable":true,"href":"https:\/\/www.europesays.com\/no\/wp-json\/wp\/v2\/categories?post=68921"},{"taxonomy":"post_tag","embeddable":true,"href":"https:\/\/www.europesays.com\/no\/wp-json\/wp\/v2\/tags?post=68921"}],"curies":[{"name":"wp","href":"https:\/\/api.w.org\/{rel}","templated":true}]}}