{"id":68966,"date":"2025-10-24T13:58:12","date_gmt":"2025-10-24T13:58:12","guid":{"rendered":"https:\/\/www.europesays.com\/no\/68966\/"},"modified":"2025-10-24T13:58:12","modified_gmt":"2025-10-24T13:58:12","slug":"hoibys-forsvarere-ber-retten-stoppe-ny-hoiby-bok","status":"publish","type":"post","link":"https:\/\/www.europesays.com\/no\/68966\/","title":{"rendered":"H\u00f8ibys forsvarere ber retten stoppe ny H\u00f8iby-bok"},"content":{"rendered":"\n<p class=\"_lead_o9xde_2 _lead_xtcu6_50 layout-component text-serif-m layout-normal text-serif-l layout-component layout-wide layout-padded _wide_17hqh_1 layout-padded\">Forsvarerne mener forlaget viser manglende vilje til \u00e5 korrigere faktafeil. <\/p>\n<p><img alt=\" Foto: H\u00f8ibys forsvarere, Petar Sekulic og Ellen Holager Anden\u00e6s.\" class=\"_image_qp4xg_65 layout-component layout-wide\" data-fullscreen- data-track-element-type=\"Article image fullscreen\" data-track-name=\"ImageFullscreen\" fetchpriority=\"high\" decoding=\"sync\" loading=\"eager\" height=\"1668\" itemprop=\"image\"  src=\"https:\/\/www.europesays.com\/no\/wp-content\/uploads\/2025\/10\/eb0bec57-c128-406c-923b-53a4e2682b8c\"  style=\"object-position:0% 0%\" width=\"2500\"\/> Foto: H\u00f8ibys forsvarere, Petar Sekulic og Ellen Holager Anden\u00e6s.<\/p>\n<ul aria-hidden=\"true\" class=\"_images_18f0k_111\">\n<li><a class=\"_link_18f0k_116\" href=\"https:\/\/www.vg.no\/forfatter\/marie-dreyer-bakken\" style=\"z-index:2\" title=\"Marie Dreyer Bakken\" rel=\"nofollow noopener\" target=\"_blank\"><img alt=\"Bilde av Marie Dreyer Bakken\" class=\"_image_18f0k_93\" fetchpriority=\"low\" loading=\"lazy\" decoding=\"async\" itemprop=\"image\"  src=\"https:\/\/www.europesays.com\/no\/wp-content\/uploads\/2025\/10\/1761314289_614_a58fd05d-9a13-4704-bd0c-ffb8040bb859\"  width=\"480\"\/><\/a><\/li>\n<li><a class=\"_link_18f0k_116\" href=\"https:\/\/www.vg.no\/forfatter\/nora-viskjer\" style=\"z-index:1\" title=\"Nora Viskjer\" rel=\"nofollow noopener\" target=\"_blank\"><img alt=\"Bilde av Nora Viskjer\" class=\"_image_18f0k_93\" fetchpriority=\"low\" loading=\"lazy\" decoding=\"async\" itemprop=\"image\"  src=\"https:\/\/www.europesays.com\/no\/wp-content\/uploads\/2025\/10\/1761314289_746_ea617ec8-607f-4948-824b-ac91a6d7fe70\"  width=\"480\"\/><\/a><\/li>\n<\/ul>\n<p> Oppdatert fredag 24. oktober kl. 15:57     <\/p>\n<p class=\"_paragraph_o9xde_4 _paragraph_xtcu6_10 layout-component text-serif-m layout-normal text-serif-m layout-padded\">Det gjelder boken \u00abHvite striper, svarte f\u00e5r\u00bb, som har v\u00e6rt mye omtalt de siste dagene. <\/p>\n<p class=\"_paragraph_o9xde_4 _paragraph_xtcu6_10 layout-component text-serif-m layout-normal text-serif-m layout-padded\">Tidligere denne uken gikk Marius Borg H\u00f8ibys <a href=\"https:\/\/www.vg.no\/rampelys\/i\/8q3QRQ\/hoeibys-forsvarere-hardt-ut-mot-ny-bok\" data-track-element-type=\"Link\" data-track-id=\"link:8q3QRQ\" class=\"_link_o9xde_39\" rel=\"nofollow noopener\" target=\"_blank\">forsvarere ut og sa at den inneholder<\/a> er rekke rykter og usannheter.<\/p>\n<p class=\"_paragraph_o9xde_4 _paragraph_xtcu6_10 layout-component text-serif-m layout-normal text-serif-m layout-padded\">Fredag sier forsvarer Petar Sekulic f\u00f8lgende til <a href=\"https:\/\/www.aftenposten.no\/norge\/i\/3Ml5nX\/forsvarerne-ber-retten-stoppe-ny-hoeiby-bok\" class=\"_link_o9xde_39\" rel=\"nofollow noopener\" target=\"_blank\">Aftenposten, <\/a>som omtalte saken f\u00f8rst:<\/p>\n<p class=\"_paragraph_o9xde_4 _paragraph_xtcu6_10 layout-component text-serif-m layout-normal text-serif-m layout-padded\">\u2013 Vi har n\u00e5 sendt begj\u00e6ring om midlertidig forf\u00f8yning til retten med p\u00e5stand om stansing av boken.<\/p>\n<p class=\"_paragraph_o9xde_4 _paragraph_xtcu6_10 layout-component text-serif-m layout-normal text-serif-m layout-padded\">Sekulic bekrefter begj\u00e6ringen overfor VG. Han utdyper: <\/p>\n<p class=\"_paragraph_o9xde_4 _paragraph_xtcu6_10 layout-component text-serif-m layout-normal text-serif-m layout-padded\"><strong class=\"_strong_o9xde_25\">\u2013 Vi gj\u00f8r dette grunnet forlagets manglende vilje til \u00e5 korrigere faktafeil. <\/strong><\/p>\n<p><img decoding=\"async\" alt=\"Bilde av Petar Sekulic \" class=\"_image_ygndg_42\" height=\"27\" itemprop=\"image\" loading=\"lazy\"  src=\"https:\/\/www.europesays.com\/no\/wp-content\/uploads\/2025\/10\/c512ffc2-f36f-48a3-b300-7da99517ceae\"  width=\"40\"\/><strong class=\"_name_ygndg_51 title-serif-xs\">Petar Sekulic <\/strong><\/p>\n<p class=\"_paragraph_o9xde_4 text-sans-m _description_ygndg_56\">Forsvarer<\/p>\n<p class=\"_paragraph_o9xde_4 _paragraph_xtcu6_10 layout-component text-serif-m layout-normal text-serif-m layout-padded\">Boken ble gitt ut 22. oktober av Aschehoug. Den har blitt markedsf\u00f8rt som en \u00abreportasjebok om kokain, narkogjenger og kronprinsessens s\u00f8nn\u00bb. <\/p>\n<p class=\"_paragraph_o9xde_4 _paragraph_xtcu6_10 layout-component text-serif-m layout-normal text-serif-m layout-padded\">I boken kommer forfatterne av boken, journalistene Torgeir Krokfjord og \u00d8istein Monsen, med flere anklager om H\u00f8iby. <\/p>\n<p class=\"_paragraph_o9xde_4 _paragraph_xtcu6_10 layout-component text-serif-m layout-normal text-serif-m layout-padded\">Den inkluderer blant annet et \u00abkokainbilde\u00bb, som if\u00f8lge boken viser H\u00f8iby. <a href=\"https:\/\/www.vg.no\/rampelys\/i\/4B6Boe\/ut-mot-kokainbilde-i-ny-marius-bok-en-dame-ikke-borg-hoeiby\" data-track-element-type=\"Link\" data-track-id=\"link:4B6Boe\" class=\"_link_o9xde_39\" rel=\"nofollow noopener\" target=\"_blank\">Fotografen av bildet har avvist at det er han som er avbildet.<\/a> <\/p>\n<p class=\"_paragraph_o9xde_4 _paragraph_xtcu6_10 layout-component text-serif-m layout-normal text-serif-m layout-padded\"><strong class=\"_strong_o9xde_25\">Forrige uke gjestet H\u00f8ibys forsvare VGs \u00abMediebobler\u00bb:<\/strong><\/p>\n<p>       <img decoding=\"async\" alt=\"Tips oss illustrasjon\" src=\"https:\/\/www.europesays.com\/no\/wp-content\/uploads\/2025\/10\/pssst-small.webp.webp\"\/>    <\/p>\n<p class=\"title-serif-s\">Har du tips?<\/p>\n<p class=\"text-sans-m\">Send oss informasjon, bilder eller video.<\/p>\n<p>  <a href=\"https:\/\/www.vg.no\/tips-oss\" rel=\"nofollow noopener\" target=\"_blank\"> Tips oss <\/a>      <\/p>\n","protected":false},"excerpt":{"rendered":"Forsvarerne mener forlaget viser manglende vilje til \u00e5 korrigere faktafeil. Foto: H\u00f8ibys forsvarere, Petar Sekulic og Ellen Holager&hellip;\n","protected":false},"author":2,"featured_media":68967,"comment_status":"","ping_status":"","sticky":false,"template":"","format":"standard","meta":{"footnotes":""},"categories":[10],"tags":[31,20,21,24,25,15,22,23,13,30,28,29,14,16,26,27],"class_list":{"0":"post-68966","1":"post","2":"type-post","3":"status-publish","4":"format-standard","5":"has-post-thumbnail","7":"category-norge","8":"tag-breaking","9":"tag-breaking-news","10":"tag-breakingnews","11":"tag-featured-news","12":"tag-featurednews","13":"tag-headlines","14":"tag-latest-news","15":"tag-latestnews","16":"tag-news","17":"tag-no","18":"tag-norge","19":"tag-norway","20":"tag-nyheter","21":"tag-overskrifter","22":"tag-top-stories","23":"tag-topstories"},"share_on_mastodon":{"url":"https:\/\/pubeurope.com\/@no\/115429500934905442","error":""},"_links":{"self":[{"href":"https:\/\/www.europesays.com\/no\/wp-json\/wp\/v2\/posts\/68966","targetHints":{"allow":["GET"]}}],"collection":[{"href":"https:\/\/www.europesays.com\/no\/wp-json\/wp\/v2\/posts"}],"about":[{"href":"https:\/\/www.europesays.com\/no\/wp-json\/wp\/v2\/types\/post"}],"author":[{"embeddable":true,"href":"https:\/\/www.europesays.com\/no\/wp-json\/wp\/v2\/users\/2"}],"replies":[{"embeddable":true,"href":"https:\/\/www.europesays.com\/no\/wp-json\/wp\/v2\/comments?post=68966"}],"version-history":[{"count":0,"href":"https:\/\/www.europesays.com\/no\/wp-json\/wp\/v2\/posts\/68966\/revisions"}],"wp:featuredmedia":[{"embeddable":true,"href":"https:\/\/www.europesays.com\/no\/wp-json\/wp\/v2\/media\/68967"}],"wp:attachment":[{"href":"https:\/\/www.europesays.com\/no\/wp-json\/wp\/v2\/media?parent=68966"}],"wp:term":[{"taxonomy":"category","embeddable":true,"href":"https:\/\/www.europesays.com\/no\/wp-json\/wp\/v2\/categories?post=68966"},{"taxonomy":"post_tag","embeddable":true,"href":"https:\/\/www.europesays.com\/no\/wp-json\/wp\/v2\/tags?post=68966"}],"curies":[{"name":"wp","href":"https:\/\/api.w.org\/{rel}","templated":true}]}}