{"id":69136,"date":"2025-10-24T18:05:10","date_gmt":"2025-10-24T18:05:10","guid":{"rendered":"https:\/\/www.europesays.com\/no\/69136\/"},"modified":"2025-10-24T18:05:10","modified_gmt":"2025-10-24T18:05:10","slug":"usa-angrep-narkobat-seks-dode","status":"publish","type":"post","link":"https:\/\/www.europesays.com\/no\/69136\/","title":{"rendered":"USA angrep narkob\u00e5t \u2013 seks d\u00f8de"},"content":{"rendered":"\n<p class=\"_lead_o9xde_2 _lead_xtcu6_50 layout-component text-serif-m layout-normal text-serif-l layout-component layout-wide layout-padded _wide_17hqh_1 layout-padded\">USAs forsvarsminister Pete Hegseth bekrefter angrepet fredag ettermiddag.<\/p>\n<p><img alt=\"B\u00e5ten som skal ha blitt angrepet, if\u00f8lge Hegseth. Foto: @SecWar via X\" class=\"_image_qp4xg_65 layout-component layout-wide\" data-fullscreen- data-track-element-type=\"Article image fullscreen\" data-track-name=\"ImageFullscreen\" fetchpriority=\"high\" decoding=\"sync\" loading=\"eager\" height=\"720\" itemprop=\"image\"  src=\"https:\/\/www.europesays.com\/no\/wp-content\/uploads\/2025\/10\/3339081a-beeb-413e-a531-3cbb9b3dbef8\"  style=\"object-position:0% 0%\" width=\"1280\"\/>B\u00e5ten som skal ha blitt angrepet, if\u00f8lge Hegseth. Foto: @SecWar via X<\/p>\n<ul aria-hidden=\"true\" class=\"_images_18f0k_111\">\n<li><a class=\"_link_18f0k_116\" href=\"https:\/\/www.vg.no\/forfatter\/amalie-nordboe-odiin\" style=\"z-index:2\" title=\"Amalie Nordb\u00f8 Odiin\" rel=\"nofollow noopener\" target=\"_blank\"><img alt=\"Bilde av Amalie Nordb\u00f8 Odiin\" class=\"_image_18f0k_93\" fetchpriority=\"low\" loading=\"lazy\" decoding=\"async\" itemprop=\"image\"  src=\"https:\/\/www.europesays.com\/no\/wp-content\/uploads\/2025\/10\/1761329109_268_3a48a883-d93f-48c4-8078-cc59876bbb5b\"  width=\"480\"\/><\/a><\/li>\n<li><a class=\"_link_18f0k_116\" href=\"https:\/\/www.vg.no\/forfatter\/endre-alsaker-noestdahl\" style=\"z-index:1\" title=\"Endre Alsaker-N\u00f8stdahl\" rel=\"nofollow noopener\" target=\"_blank\"><img alt=\"Bilde av Endre Alsaker-N\u00f8stdahl\" class=\"_image_18f0k_93\" fetchpriority=\"low\" loading=\"lazy\" decoding=\"async\" itemprop=\"image\"  src=\"https:\/\/www.europesays.com\/no\/wp-content\/uploads\/2025\/10\/9f00ea94-5fdd-4893-81d4-4af3459d0ec8\"  width=\"480\"\/><\/a><\/li>\n<\/ul>\n<p> Oppdatert fredag 24. oktober kl. 19:41    <\/p>\n<ul class=\"_list_o9xde_3 _list_64s2r_85 _unordered_o9xde_106 text-sans-m\">\n<li class=\"_item_o9xde_30\">USA gjennomf\u00f8rte nok et angrep mot en narkosmuglerb\u00e5t i Karibia.<\/li>\n<li class=\"_item_o9xde_30\">Seks menn ble drept, bekreftet forsvarsminister Pete Hegseth.<\/li>\n<li class=\"_item_o9xde_30\">Angrepet er det f\u00f8rste som ble utf\u00f8rt om natten, if\u00f8lge CBS News.<\/li>\n<\/ul>\n<p>Vis mer <\/p>\n<p class=\"_paragraph_o9xde_4 _paragraph_xtcu6_10 layout-component text-serif-m layout-normal text-serif-m layout-padded\">USA har gjennomf\u00f8rt et nytt angrep mot en b\u00e5t som if\u00f8lge amerikanske myndigheter ble brukt til narkosmugling i Karibia-havet. <\/p>\n<p class=\"_paragraph_o9xde_4 _paragraph_xtcu6_10 layout-component text-serif-m layout-normal text-serif-m layout-padded\">Alle seks mennene om bord ble drept, skriver forsvarsminister <a href=\"https:\/\/www.vg.no\/tag\/pete-hegseth?utm_source=vg-article&amp;utm_medium=auto-tagger&amp;utm_campaign=EydKn5\" class=\"_link_o9xde_39\" rel=\"nofollow noopener\" target=\"_blank\">Pete Hegseth<\/a> p\u00e5 <a href=\"https:\/\/x.com\/SecWar\" class=\"_link_o9xde_39\" rel=\"nofollow\">X<\/a>.<\/p>\n<p class=\"_paragraph_o9xde_4 _paragraph_xtcu6_10 layout-component text-serif-m layout-normal text-serif-m layout-padded\">\u2013 Fart\u00f8yet var kjent av v\u00e5r etterretning for \u00e5 v\u00e6re involvert i ulovlig narkosmugling. Det var p\u00e5 vei langs en kjent narkosmuglerrute og fraktet narkotika, skriver han.<\/p>\n<p><img alt=\"Forsvarsminister Pete Hegseth beskriver angrepet som et nytt slag mot narkosmugling i Karibia-havet.  Foto: Yves Herman \/ Reuters \/ NTB\" class=\"_image_qp4xg_65 layout-component layout-normal\" data-fullscreen- data-track-element-type=\"Article image fullscreen\" data-track-name=\"ImageFullscreen\" decoding=\"async\" loading=\"lazy\" height=\"3667\" itemprop=\"image\"  src=\"https:\/\/www.europesays.com\/no\/wp-content\/uploads\/2025\/10\/b50f5930-b55d-4469-b20a-49e16e8cdfb0\"  style=\"object-position:0% 0%\" width=\"5500\"\/>Forsvarsminister Pete Hegseth beskriver angrepet som et nytt slag mot narkosmugling i Karibia-havet.  Foto: Yves Herman \/ Reuters \/ NTB<\/p>\n<p class=\"_paragraph_o9xde_4 _paragraph_xtcu6_10 layout-component text-serif-m layout-normal text-serif-m layout-padded\"><strong class=\"_strong_o9xde_25\">I sosiale medier omtaler Hegseth det som et d\u00f8delig kinetisk angrepkinetisk angrepEn milit\u00e6r handling som inneb\u00e6rer fysisk kraft, som eksplosjoner eller skyting, for \u00e5 \u00f8delegge et m\u00e5l..<\/strong><\/p>\n<p class=\"_paragraph_o9xde_4 _paragraph_xtcu6_10 layout-component text-serif-m layout-normal text-serif-m layout-padded\">\u2013 Hvis du er en narkoterrorist som smugler narkotika i v\u00e5r region, vil vi behandle deg som vi behandler Al-Qaida, skriver forsvarsministeren i innlegget p\u00e5 X.<\/p>\n<p class=\"_paragraph_o9xde_4 _paragraph_xtcu6_10 layout-component text-serif-m layout-normal text-serif-m layout-padded\">Angrepet fant sted i internasjonale farvanninternasjonale farvannHavomr\u00e5der som ikke tilh\u00f8rer noen enkelt nasjon og hvor alle land har rett til \u00e5 navigere fritt. og var det f\u00f8rste som ble utf\u00f8rt om natten, melder <a href=\"https:\/\/www.cbsnews.com\/news\/new-us-strike-alleged-drug-boat-kills-6-hegseth-says\/\" class=\"_link_o9xde_39\" rel=\"nofollow noopener\" target=\"_blank\">CBS News.<\/a><\/p>\n<p class=\"_paragraph_o9xde_4 _paragraph_xtcu6_10 layout-component text-serif-m layout-normal text-serif-m layout-padded\">B\u00e5ten skal if\u00f8lge amerikanske myndigheter ha blitt drevet av den venezuelanske gjengen Tren de Aragua. De er kjent for omfattende kriminell virksomhet i regionen.<\/p>\n<p><img alt=\"B\u00e5ten etter angrepet.  Foto: @SecWar via X\" class=\"_image_qp4xg_65 layout-component layout-normal\" data-fullscreen- data-track-element-type=\"Article image fullscreen\" data-track-name=\"ImageFullscreen\" decoding=\"async\" loading=\"lazy\" height=\"720\" itemprop=\"image\"  src=\"https:\/\/www.europesays.com\/no\/wp-content\/uploads\/2025\/10\/5c51a7dc-e5f8-4558-9a29-1ee6916178b5\"  style=\"object-position:0% 0%\" width=\"1280\"\/>B\u00e5ten etter angrepet.  Foto: @SecWar via X<\/p>\n<p class=\"_paragraph_o9xde_4 _paragraph_xtcu6_10 layout-component text-serif-m layout-normal text-serif-m layout-padded\">Videre i samme innlegg skriver han f\u00f8lgende:<\/p>\n<p class=\"_paragraph_o9xde_4 _paragraph_xtcu6_10 layout-component text-serif-m layout-normal text-serif-m layout-padded\">\u2013 Dag eller NATT, vi vil kartlegge nettverkene dine, kartlegge folkene dine, jakte deg ned og drepe deg.<\/p>\n<p class=\"_paragraph_o9xde_4 _paragraph_xtcu6_10 layout-component text-serif-m layout-normal text-serif-m layout-padded\">Hegseth ga ikke flere detaljer om angrepet eller hvor n\u00f8yaktig det fant sted i de internasjonale farvannene.<\/p>\n","protected":false},"excerpt":{"rendered":"USAs forsvarsminister Pete Hegseth bekrefter angrepet fredag ettermiddag. B\u00e5ten som skal ha blitt angrepet, if\u00f8lge Hegseth. Foto: @SecWar&hellip;\n","protected":false},"author":2,"featured_media":69137,"comment_status":"","ping_status":"","sticky":false,"template":"","format":"standard","meta":{"footnotes":""},"categories":[5],"tags":[20,21,24,25,15,19,22,23,17,18,212,13,30,28,29,14,16,6506,26,27,50],"class_list":{"0":"post-69136","1":"post","2":"type-post","3":"status-publish","4":"format-standard","5":"has-post-thumbnail","7":"category-overskrifter","8":"tag-breaking-news","9":"tag-breakingnews","10":"tag-featured-news","11":"tag-featurednews","12":"tag-headlines","13":"tag-hovedoppslag","14":"tag-latest-news","15":"tag-latestnews","16":"tag-main-news","17":"tag-mainnews","18":"tag-narkotika","19":"tag-news","20":"tag-no","21":"tag-norge","22":"tag-norway","23":"tag-nyheter","24":"tag-overskrifter","25":"tag-pete-hegseth","26":"tag-top-stories","27":"tag-topstories","28":"tag-usa"},"share_on_mastodon":{"url":"https:\/\/pubeurope.com\/@no\/115430472370805096","error":""},"_links":{"self":[{"href":"https:\/\/www.europesays.com\/no\/wp-json\/wp\/v2\/posts\/69136","targetHints":{"allow":["GET"]}}],"collection":[{"href":"https:\/\/www.europesays.com\/no\/wp-json\/wp\/v2\/posts"}],"about":[{"href":"https:\/\/www.europesays.com\/no\/wp-json\/wp\/v2\/types\/post"}],"author":[{"embeddable":true,"href":"https:\/\/www.europesays.com\/no\/wp-json\/wp\/v2\/users\/2"}],"replies":[{"embeddable":true,"href":"https:\/\/www.europesays.com\/no\/wp-json\/wp\/v2\/comments?post=69136"}],"version-history":[{"count":0,"href":"https:\/\/www.europesays.com\/no\/wp-json\/wp\/v2\/posts\/69136\/revisions"}],"wp:featuredmedia":[{"embeddable":true,"href":"https:\/\/www.europesays.com\/no\/wp-json\/wp\/v2\/media\/69137"}],"wp:attachment":[{"href":"https:\/\/www.europesays.com\/no\/wp-json\/wp\/v2\/media?parent=69136"}],"wp:term":[{"taxonomy":"category","embeddable":true,"href":"https:\/\/www.europesays.com\/no\/wp-json\/wp\/v2\/categories?post=69136"},{"taxonomy":"post_tag","embeddable":true,"href":"https:\/\/www.europesays.com\/no\/wp-json\/wp\/v2\/tags?post=69136"}],"curies":[{"name":"wp","href":"https:\/\/api.w.org\/{rel}","templated":true}]}}