{"id":69213,"date":"2025-10-24T19:39:08","date_gmt":"2025-10-24T19:39:08","guid":{"rendered":"https:\/\/www.europesays.com\/no\/69213\/"},"modified":"2025-10-24T19:39:08","modified_gmt":"2025-10-24T19:39:08","slug":"coop-tilbakekalling-coop-tilbakekaller-tzatziki-etter-funn-av-egg","status":"publish","type":"post","link":"https:\/\/www.europesays.com\/no\/69213\/","title":{"rendered":"Coop, Tilbakekalling | Coop tilbakekaller tzatziki etter funn av egg"},"content":{"rendered":"\n<p>Tilbakekallingen gjelder Coop Tzatziki 200 g med alle best f\u00f8r-datoer, opplyses det i en pressemelding fra Coop. <\/p>\n<p>Produktet kan utgj\u00f8re en helsefare for personer med eggallergi, da innholdet ikke er merket med at det kan inneholde spor av allergenet.<\/p>\n<p>Kommunikasjonsdirekt\u00f8r Harald Kristiansen i Coop Norge understreker at selskapet tar saken p\u00e5 alvor:<\/p>\n<p>\u2013 Allergener skal alltid komme tydelig frem i ingredienslisten. N\u00e5r dette ikke er tilfellet, m\u00e5 vi umiddelbart tilbakekalle produktet, sier Kristiansen.<\/p>\n<p>Han legger til at det ikke er noen kvalitetsfeil ved produktet utover den manglende merkingen, men at faren ligger i risikoen det utgj\u00f8r for eggallergikere. <\/p>\n<p>Produktet er n\u00e5 fjernet fra Coops butikker. Kunder som har kj\u00f8pt produktet, bes om \u00e5 kaste det eller levere det tilbake til butikk for \u00e5 f\u00e5 pengene tilbake.<\/p>\n<p>\u2013 Vi understreker at det ikke er noe kvalitetsfeil med produktet, men det kan utgj\u00f8re en risiko for personer med eggallergi, sier Kristiansen i pressemeldingen.<\/p>\n","protected":false},"excerpt":{"rendered":"Tilbakekallingen gjelder Coop Tzatziki 200 g med alle best f\u00f8r-datoer, opplyses det i en pressemelding fra Coop. Produktet&hellip;\n","protected":false},"author":2,"featured_media":69214,"comment_status":"","ping_status":"","sticky":false,"template":"","format":"standard","meta":{"footnotes":""},"categories":[10],"tags":[36,20,21,1749,24,25,15,736,22,23,13,30,28,29,14,16,1510,4079,26,27],"class_list":{"0":"post-69213","1":"post","2":"type-post","3":"status-publish","4":"format-standard","5":"has-post-thumbnail","7":"category-norge","8":"tag-art","9":"tag-breaking-news","10":"tag-breakingnews","11":"tag-coop","12":"tag-featured-news","13":"tag-featurednews","14":"tag-headlines","15":"tag-helse","16":"tag-latest-news","17":"tag-latestnews","18":"tag-news","19":"tag-no","20":"tag-norge","21":"tag-norway","22":"tag-nyheter","23":"tag-overskrifter","24":"tag-story","25":"tag-tilbakekalling","26":"tag-top-stories","27":"tag-topstories"},"share_on_mastodon":{"url":"https:\/\/pubeurope.com\/@no\/115430841628254204","error":""},"_links":{"self":[{"href":"https:\/\/www.europesays.com\/no\/wp-json\/wp\/v2\/posts\/69213","targetHints":{"allow":["GET"]}}],"collection":[{"href":"https:\/\/www.europesays.com\/no\/wp-json\/wp\/v2\/posts"}],"about":[{"href":"https:\/\/www.europesays.com\/no\/wp-json\/wp\/v2\/types\/post"}],"author":[{"embeddable":true,"href":"https:\/\/www.europesays.com\/no\/wp-json\/wp\/v2\/users\/2"}],"replies":[{"embeddable":true,"href":"https:\/\/www.europesays.com\/no\/wp-json\/wp\/v2\/comments?post=69213"}],"version-history":[{"count":0,"href":"https:\/\/www.europesays.com\/no\/wp-json\/wp\/v2\/posts\/69213\/revisions"}],"wp:featuredmedia":[{"embeddable":true,"href":"https:\/\/www.europesays.com\/no\/wp-json\/wp\/v2\/media\/69214"}],"wp:attachment":[{"href":"https:\/\/www.europesays.com\/no\/wp-json\/wp\/v2\/media?parent=69213"}],"wp:term":[{"taxonomy":"category","embeddable":true,"href":"https:\/\/www.europesays.com\/no\/wp-json\/wp\/v2\/categories?post=69213"},{"taxonomy":"post_tag","embeddable":true,"href":"https:\/\/www.europesays.com\/no\/wp-json\/wp\/v2\/tags?post=69213"}],"curies":[{"name":"wp","href":"https:\/\/api.w.org\/{rel}","templated":true}]}}