{"id":69300,"date":"2025-10-24T21:39:10","date_gmt":"2025-10-24T21:39:10","guid":{"rendered":"https:\/\/www.europesays.com\/no\/69300\/"},"modified":"2025-10-24T21:39:10","modified_gmt":"2025-10-24T21:39:10","slug":"klarte-ikke-a-holde-tarene-tilbake","status":"publish","type":"post","link":"https:\/\/www.europesays.com\/no\/69300\/","title":{"rendered":"&#8211; Klarte ikke \u00e5 holde t\u00e5rene tilbake"},"content":{"rendered":"<p class=\"kicker \" style=\"\">Cruz Beckham og Jackie Apostel:<\/p>\n<p>  Beckham-s\u00f8nnen har n\u00e5 sluppet to nye l\u00e5ter &#8211; den ene med sv\u00e6rt eksplisitte tekster om rus og sex.<\/p>\n<p>\n    NY FLAMME: Cruz Beckham og kj\u00e6resten Jackie Apostel dukket opp sammen under moteuken i Paris. Foto: Cyril Pecquenard \/ SIPA \/ Shutterstock \/ NTB\n  <\/p>\n<p> Tidligere denne m\u00e5neden, under moteuken i Paris, dukket Cruz Beckham (20) opp <a href=\"https:\/\/www.seher.no\/kjendis\/kjaeresten-er-ni-ar-eldre-bare-rart\/83684592\" rel=\"nofollow noopener\" target=\"_blank\">sammen med sin ti \u00e5r eldre kj\u00e6reste Jackie Apostel (30)<\/a>.<\/p>\n<p>    <a itemprop=\"url\" href=\"https:\/\/www.seher.no\/kongelig\/stjal-showet-sett-den-for\/83765645\" rel=\"nofollow noopener\" target=\"_blank\"><\/p>\n<p>      <img loading=\"lazy\" decoding=\"async\" src=\"https:\/\/www.europesays.com\/no\/wp-content\/uploads\/2025\/10\/83766088.webp\" width=\"980\" height=\"441\" title=\"Stjal showet: - Sett den f\u00f8r\" alt=\"\" class=\"lazyload\" style=\"--aspect-ratio-image: 2.22; \"\/><\/p>\n<p>        Stjal showet: &#8211; Sett den f\u00f8r<\/p>\n<p>    <\/a><\/p>\n<p>Etter motevisningen til Cruz&#8217; mor Victoria Beckhams (51) klesmerke, delte motedesigneren et r\u00f8rende innlegg hvor hun takket for familiens st\u00f8tte, inkludert s\u00f8nnens 30 \u00e5r gamle kj\u00e6reste.<\/p>\n<p class=\"font-weight-bold m-font-weight-bold\" data-lab-font_weight=\"font-weight-bold\">Under innlegget fikk derimot Cruz&#8217; og Jackies alderforskjell krass kritikk fra f\u00f8lgerne, if\u00f8lge magasinet\u00a0<a href=\"https:\/\/people.com\/cruz-beckham-girlfriend-jackie-apostel-reacts-age-gap-comment-11824491\" target=\"_blank\" rel=\"nofollow noopener\">People<\/a>.<\/p>\n<p>          <img loading=\"lazy\" decoding=\"async\" src=\"https:\/\/www.europesays.com\/no\/wp-content\/uploads\/2025\/10\/83768437.webp\" width=\"980\" height=\"559\" title=\"F\u00d8RSTE RAD: Jackie Apostel har v\u00e6rt sammen med den yngste Beckham-s\u00f8nnen i over et \u00e5r. Her er hun med resten av Beckham-familien p\u00e5 f\u00f8rste rad under Victoria Beckhams visning under moteuken i Paris i \u00e5r. Foto: Vianney Le Caer \/ NTB\" alt=\"\" class=\"\" style=\"--aspect-ratio-image: 1.75; \"\/><\/p>\n<p>\n          F\u00d8RSTE RAD: Jackie Apostel har v\u00e6rt sammen med den yngste Beckham-s\u00f8nnen i over et \u00e5r. Her er hun med resten av Beckham-familien p\u00e5 f\u00f8rste rad under Victoria Beckhams visning under moteuken i Paris i \u00e5r. Foto: Vianney Le Caer \/ NTB\n      <\/p>\n<p>\u00abHvorfor dater en 30-\u00e5ring en 20-\u00e5ring? Det er bare rart. Jeg snakker om at Jackie dater Cruz\u00bb, skrev en f\u00f8lger under innlegget, hvorp\u00e5 Jackie selv slo tilbake i kommentarfeltet:<\/p>\n<p>\u00abFordi han er snill, morsom, smart, omsorgsfull, ambisi\u00f8s, moden, talentfull, lojal &#8211; og dessuten ganske kjekk\u00bb.<\/p>\n<p>        \u00c5PNER OPP: &#8211; Durek var min klippe gjennom hele hendelsen, sier M\u00e4rtha Louise om tiden etter Ari Behns d\u00f8dsfall i et intervju med SVTs Carina Bergfeldt. Video: SVT <\/p>\n<p>\u00abJeg elsker sopp\u00bb\t<\/p>\n<p>Fredag slapp den yngste s\u00f8nnen i Beckham-flokken de to l\u00e5tene \u00abOptics\u00bb og \u00abLick The Toad\u00bb, og if\u00f8lge <a href=\"https:\/\/www.dailymail.co.uk\/tvshowbiz\/article-15223391\/Cruz-Beckham-releases-explicit-single-drugs-sex-Jackie-Apostel.html\" rel=\"nofollow noopener\" target=\"_blank\">Daily Mail<\/a> skal Jackie ha\u00a0jobbet med albumet og albumcoveret sammen med kj\u00e6resten. <\/p>\n<p> Britiske medier omtaler n\u00e5 den nye utgivelsen som Cruz&#8217; \u00abmusikalske debut med en viss autentisitet\u00bb, if\u00f8lge\u00a0<a href=\"https:\/\/www.dailymail.co.uk\/tvshowbiz\/article-15223391\/Cruz-Beckham-releases-explicit-single-drugs-sex-Jackie-Apostel.html\" rel=\"nofollow noopener\" target=\"_blank\">Daily Mail<\/a>. <\/p>\n<p>    <a itemprop=\"url\" href=\"https:\/\/www.seher.no\/kjendis\/her-gar-det-galt-vred-seg-i-smerte\/83765179\" rel=\"nofollow noopener\" target=\"_blank\"><\/p>\n<p>      <img loading=\"lazy\" decoding=\"async\" src=\"https:\/\/www.europesays.com\/no\/wp-content\/uploads\/2025\/10\/1761341949_685_83764924.webp\" width=\"980\" height=\"441\" title=\"Her g\u00e5r det galt: - Vred seg i smerte\" alt=\"\" class=\"lazyload\" style=\"--aspect-ratio-image: 2.22; \"\/><\/p>\n<p>        Her g\u00e5r det galt: &#8211; Vred seg i smerte<\/p>\n<p>    <\/a><\/p>\n<p class=\"font-weight-light m-font-weight-light\" data-lab-font_weight=\"font-weight-light\">Den f\u00f8rstnevnte l\u00e5ten har sv\u00e6rt eksplisitte tekster om rus og sex, der han blant annet synger: \u00abTar tusen selfier i sengen din mens jeg tripper i min \/ Jeg liker sopp, litt kos &#8211; og en erotisk 69\u00bb.\u00a0<\/p>\n<p>I refrenget synger kjendiss\u00f8nnen: \u00abHolder seg p\u00e5 topp &#8211; alltid high fashion, ingen nedtur, ingen krasj: Du vil vite hvordan det ser ut, jeg vil vite hvordan det f\u00f8les\u00bb.<\/p>\n<p>          <img loading=\"lazy\" decoding=\"async\" src=\"https:\/\/www.europesays.com\/no\/wp-content\/uploads\/2025\/10\/83768427.webp\" width=\"686\" height=\"1029\" title=\"MOTEL\u00d8VER: Stjerneparet har f\u00e5tt stor oppmerksomhet for aldersforskjellen. Her avbildet sammen i forbindelse med moteuken i Paris i starten av oktober. Foto: Stephen Crawshaw \/ SplashNews.com \/ NTB\" alt=\"\" class=\"\" style=\"--aspect-ratio-image: 0.67; \"\/><\/p>\n<p>\n          MOTEL\u00d8VER: Stjerneparet har f\u00e5tt stor oppmerksomhet for aldersforskjellen. Her avbildet sammen i forbindelse med moteuken i Paris i starten av oktober. Foto: Stephen Crawshaw \/ SplashNews.com \/ NTB\n      <\/p>\n<p>T\u00e5rev\u00e5t opptreden\t<\/p>\n<p> Dette er ikke f\u00f8rste gang Cruz gir ut musikk.\u00a0<\/p>\n<p>I 2016 slapp han singelen \u00abIf Every Day Was Christmas\u00bb, der overskuddet gikk til gode form\u00e5l. I desember i fjor kom ogs\u00e5 singelen \u00abFor Ya Love\u00bb, som noen mente var \u00abbedre enn Oasis\u00bb, if\u00f8lge nettstedet.<\/p>\n<p>I forkant av utgivelsen har Cruz st\u00e5tt p\u00e5 scenen i en rekke intime og uannonserte konserter, blant annet p\u00e5 den legendariske London-puben George Tavern. Her var kj\u00e6resten Jackie blant de oppm\u00f8tte, og i et innlegg delt p\u00e5 Instagram hyllet hun sin utk\u00e5rede.<\/p>\n<p>\u00abTrygt \u00e5 si at jeg ikke klarte \u00e5 holde t\u00e5rene tilbake\u00bb, skrev hun, og la til:<\/p>\n<p>    <a itemprop=\"url\" href=\"https:\/\/www.seher.no\/kjendis\/bryr-meg-ikke\/83764983\" rel=\"nofollow noopener\" target=\"_blank\"><\/p>\n<p>      <img loading=\"lazy\" decoding=\"async\" src=\"https:\/\/www.europesays.com\/no\/wp-content\/uploads\/2025\/10\/83764543.webp\" width=\"147\" height=\"98\" title=\"- Bryr meg ikke\" alt=\"\" class=\"lazyload\" style=\"--aspect-ratio-image: 1.50; \"\/><\/p>\n<p>        &#8211; Bryr meg ikke<\/p>\n<p>    <\/a><\/p>\n<p> \u00abUanmeldt &#8211; bare jobber med h\u00e5ndverket sitt, gj\u00f8r greia si, har det g\u00f8y, l\u00e6rer, forbereder seg. Alle SANGENE hans &#8211; laget av HAM, spilt av HAM, sunget av HAM. Helt sykt bra. Jeg elsker deg.\u00bb <\/p>\n<p>&#8211; Visste ikke at jeg var singel\t<\/p>\n<p>Se og H\u00f8r har tidligere skrevet at fotballstjernens s\u00f8nn innledet en romanse med norske Viktoria Reitan (25) &#8211; datteren til Rema-milliard\u00e6r Magnus Reitan (48) og kona Siv Beate Reitan (51).\u00a0<\/p>\n<p>Forholdet ble av det kortvarige slaget, da Se og H\u00f8r kunne avsl\u00f8re at paret hadde g\u00e5tt hvert til sitt bare tre m\u00e5neder senere.\u00a0<\/p>\n<p>        UKAS SNAKKISER: I fredagens episode av \u00abNytt p\u00e5 nytt\u00bb blir kaoset rundt statsbudsjettet satt i sammenheng med Fredrik Solvangs avskjed fra Debatten p\u00e5 NRK. Video: NRK\/Nytt p\u00e5 nytt<\/p>\n<p>I et stort intervju med\u00a0<a href=\"https:\/\/www.vg.no\/rampelys\/i\/xmjx7X\/artist-viktoria-ivy-reitan-aapner-opp-om-musikkplanene-depresjon-angst-og-cruz-beckham\" rel=\"nofollow noopener\" target=\"_blank\">VG<\/a>\u00a0\u00e5pnet hun kjendisdatteren seg om den brutale m\u00e5ten det tok slutt p\u00e5.<\/p>\n<p>&#8211; Jeg fant det ut fra Se og H\u00f8r som skrev at \u00abViktoria er singel for sommeren\u00bb. Og da visste ikke jeg at jeg var singel for sommeren. S\u00e5 da fant jeg ut av det. Det er ikke s\u00e5 g\u00f8y m\u00e5te \u00e5 finne det ut p\u00e5, fortalte hun \u00e6rlig til avisen i mai i fjor.\u00a0<\/p>\n","protected":false},"excerpt":{"rendered":"Cruz Beckham og Jackie Apostel: Beckham-s\u00f8nnen har n\u00e5 sluppet to nye l\u00e5ter &#8211; den ene med sv\u00e6rt eksplisitte&hellip;\n","protected":false},"author":2,"featured_media":69301,"comment_status":"","ping_status":"","sticky":false,"template":"","format":"standard","meta":{"footnotes":""},"categories":[58],"tags":[8716,71,479,2543,221,30,28,29,72],"class_list":{"0":"post-69300","1":"post","2":"type-post","3":"status-publish","4":"format-standard","5":"has-post-thumbnail","7":"category-underholdning","8":"tag-cruz-beckham","9":"tag-entertainment","10":"tag-kjendis","11":"tag-kjendisdesken","12":"tag-musikk","13":"tag-no","14":"tag-norge","15":"tag-norway","16":"tag-underholdning"},"share_on_mastodon":{"url":"https:\/\/pubeurope.com\/@no\/115431313581183900","error":""},"_links":{"self":[{"href":"https:\/\/www.europesays.com\/no\/wp-json\/wp\/v2\/posts\/69300","targetHints":{"allow":["GET"]}}],"collection":[{"href":"https:\/\/www.europesays.com\/no\/wp-json\/wp\/v2\/posts"}],"about":[{"href":"https:\/\/www.europesays.com\/no\/wp-json\/wp\/v2\/types\/post"}],"author":[{"embeddable":true,"href":"https:\/\/www.europesays.com\/no\/wp-json\/wp\/v2\/users\/2"}],"replies":[{"embeddable":true,"href":"https:\/\/www.europesays.com\/no\/wp-json\/wp\/v2\/comments?post=69300"}],"version-history":[{"count":0,"href":"https:\/\/www.europesays.com\/no\/wp-json\/wp\/v2\/posts\/69300\/revisions"}],"wp:featuredmedia":[{"embeddable":true,"href":"https:\/\/www.europesays.com\/no\/wp-json\/wp\/v2\/media\/69301"}],"wp:attachment":[{"href":"https:\/\/www.europesays.com\/no\/wp-json\/wp\/v2\/media?parent=69300"}],"wp:term":[{"taxonomy":"category","embeddable":true,"href":"https:\/\/www.europesays.com\/no\/wp-json\/wp\/v2\/categories?post=69300"},{"taxonomy":"post_tag","embeddable":true,"href":"https:\/\/www.europesays.com\/no\/wp-json\/wp\/v2\/tags?post=69300"}],"curies":[{"name":"wp","href":"https:\/\/api.w.org\/{rel}","templated":true}]}}