{"id":69379,"date":"2025-10-25T01:12:12","date_gmt":"2025-10-25T01:12:12","guid":{"rendered":"https:\/\/www.europesays.com\/no\/69379\/"},"modified":"2025-10-25T01:12:12","modified_gmt":"2025-10-25T01:12:12","slug":"hvis-netanyahu-fs-up-avtalen-kommer-donald-trump-til-a-f-ham","status":"publish","type":"post","link":"https:\/\/www.europesays.com\/no\/69379\/","title":{"rendered":"\u2013 Hvis Netanyahu f***s up avtalen, kommer Donald Trump til \u00e5 f*** ham"},"content":{"rendered":"<p><strong>Det hvite hus skal v\u00e6re stadig mer frustrert over Israels handlinger etter v\u00e5penhvilen i Gaza. I sentrum st\u00e5r statsminister Benjamin Netanyahu \u2013 som if\u00f8lge amerikanske kilder risikerer \u00e5 havne i \u00e5pen konflikt med president Donald Trump.<\/strong><\/p>\n<p>If\u00f8lge <a href=\"https:\/\/www.politico.com\/news\/2025\/10\/23\/frustrations-boil-over-as-vance-delivers-firm-message-to-netanyahu-00621213\" rel=\"nofollow noopener\" target=\"_blank\">Politico<\/a> og <a href=\"https:\/\/www.jpost.com\/israel-news\/article-871463\" rel=\"nofollow noopener\" target=\"_blank\">Jerusalem Post<\/a> har irritasjonen i Washington vokst etter Israels motangrep p\u00e5 Gaza s\u00f8ndag og etter at et forslag om \u00e5 annektere deler av Vestbredden ble reist i Knesset.<\/p>\n<p>USAs visepresident JD Vance leverte onsdag et \u00abfast budskap\u00bb fra president Trump til Netanyahu under m\u00f8tet i Jerusalem.<\/p>\n<p>\u2013 USA forventet en begrenset respons etter at to israelske soldater ble drept av Hamas-terrorister. I stedet f\u00f8rte angrepene til over 40 sivile d\u00f8dsfall, if\u00f8lge Gaza-myndighetene, sa en amerikansk tjenestemann til Politico.<\/p>\n<p>En amerikansk kilde fortalte en arabisk alliert at Israel var \u00abute av kontroll\u00bb.<\/p>\n<p>Trump har i et intervju med Time Magazine advart Netanyahu direkte mot \u00e5 annektere Vestbredden.<\/p>\n<p>\u2013 Hvis Israel annekterer Vestbredden, mister de all amerikansk st\u00f8tte, sa Trump.<\/p>\n<p>Flere sentrale personer i administrasjonen \u2013 spesialutsendingene Steve Witkoff og Jared Kushner, utenriksminister Marco Rubio og visepresident JD Vance \u2013 har alle tidligere tatt avstand fra planer om annektering.<\/p>\n<p>En tjenestemann i Det hvite hus bekreftet overfor Politico at de offentlige uttalelsene \u00abreflekterer presidentens syn\u00bb.<\/p>\n<p>Etter avstemningen i Knesset torsdag, publiserte Netanyahus kontor en uttalelse p\u00e5 engelsk der statsministeren tok avstand fra forslaget.<\/p>\n<p>\u2013 De to lovforslagene ble fremmet av opposisjonsmedlemmer. Dette var et bevisst politisk provokasjonsfors\u00f8k ment \u00e5 skape konflikt under visepresident Vances bes\u00f8k, het det i uttalelsen.<\/p>\n<p>Likud-representant Ofir Katz uttalte senere at Netanyahu personlig hadde bedt ham om \u00e5 ikke fremme forslagene videre \u00abinntil videre\u00bb.<\/p>\n<p>If\u00f8lge den israelske TV-kanalen N12 (sitert av Jerusalem Post) skal bekymringen i Washington v\u00e6re betydelig. En senior amerikansk tjenestemann blir sitert p\u00e5 f\u00f8lgende:<\/p>\n<p>\u2013 Netanyahu balanserer p\u00e5 en sv\u00e6rt tynn linje overfor president Trump. Hvis han fortsetter slik, vil han til slutt \u00f8delegge avtalen \u2013 og hvis han \u00f8delegger avtalen, vil Donald Trump \u00f8delegge ham.<\/p>\n<p>Ordrette p\u00e5 engelsk: \u00abIf Netanyahu f***s up the agreement, Donald Trump will f*** him\u00bb<\/p>\n<p>Samtidig fortsetter den amerikanske regjeringen \u00e5 sende topprepresentanter til Israel for \u00e5 overv\u00e5ke gjennomf\u00f8ringen av f\u00f8rste fase i den USA-meglede Gaza-avtalen.<\/p>\n<p>Visepresident JD Vance avsluttet sitt bes\u00f8k torsdag, og ble umiddelbart etterfulgt av utenriksminister Marco Rubio.<\/p>\n<p>Trump uttalte til Time Magazine at Gaza-avtalen \u00abforhindret Netanyahu fra \u00e5 fortsette krigen i flere \u00e5r framover\u00bb.<\/p>\n","protected":false},"excerpt":{"rendered":"Det hvite hus skal v\u00e6re stadig mer frustrert over Israels handlinger etter v\u00e5penhvilen i Gaza. I sentrum st\u00e5r&hellip;\n","protected":false},"author":2,"featured_media":69380,"comment_status":"","ping_status":"","sticky":false,"template":"","format":"standard","meta":{"footnotes":""},"categories":[5],"tags":[54,20,21,55,24,25,566,15,19,22,23,17,18,13,30,28,29,14,16,26,27],"class_list":{"0":"post-69379","1":"post","2":"type-post","3":"status-publish","4":"format-standard","5":"has-post-thumbnail","7":"category-overskrifter","8":"tag-benjamin-netanyahu","9":"tag-breaking-news","10":"tag-breakingnews","11":"tag-donald-trump","12":"tag-featured-news","13":"tag-featurednews","14":"tag-hamas","15":"tag-headlines","16":"tag-hovedoppslag","17":"tag-latest-news","18":"tag-latestnews","19":"tag-main-news","20":"tag-mainnews","21":"tag-news","22":"tag-no","23":"tag-norge","24":"tag-norway","25":"tag-nyheter","26":"tag-overskrifter","27":"tag-top-stories","28":"tag-topstories"},"share_on_mastodon":{"url":"https:\/\/pubeurope.com\/@no\/115432151002736041","error":""},"_links":{"self":[{"href":"https:\/\/www.europesays.com\/no\/wp-json\/wp\/v2\/posts\/69379","targetHints":{"allow":["GET"]}}],"collection":[{"href":"https:\/\/www.europesays.com\/no\/wp-json\/wp\/v2\/posts"}],"about":[{"href":"https:\/\/www.europesays.com\/no\/wp-json\/wp\/v2\/types\/post"}],"author":[{"embeddable":true,"href":"https:\/\/www.europesays.com\/no\/wp-json\/wp\/v2\/users\/2"}],"replies":[{"embeddable":true,"href":"https:\/\/www.europesays.com\/no\/wp-json\/wp\/v2\/comments?post=69379"}],"version-history":[{"count":0,"href":"https:\/\/www.europesays.com\/no\/wp-json\/wp\/v2\/posts\/69379\/revisions"}],"wp:featuredmedia":[{"embeddable":true,"href":"https:\/\/www.europesays.com\/no\/wp-json\/wp\/v2\/media\/69380"}],"wp:attachment":[{"href":"https:\/\/www.europesays.com\/no\/wp-json\/wp\/v2\/media?parent=69379"}],"wp:term":[{"taxonomy":"category","embeddable":true,"href":"https:\/\/www.europesays.com\/no\/wp-json\/wp\/v2\/categories?post=69379"},{"taxonomy":"post_tag","embeddable":true,"href":"https:\/\/www.europesays.com\/no\/wp-json\/wp\/v2\/tags?post=69379"}],"curies":[{"name":"wp","href":"https:\/\/api.w.org\/{rel}","templated":true}]}}