{"id":69406,"date":"2025-10-25T02:46:06","date_gmt":"2025-10-25T02:46:06","guid":{"rendered":"https:\/\/www.europesays.com\/no\/69406\/"},"modified":"2025-10-25T02:46:06","modified_gmt":"2025-10-25T02:46:06","slug":"kong-charles-og-pave-leo-i-historisk-mote-i-vatikanet","status":"publish","type":"post","link":"https:\/\/www.europesays.com\/no\/69406\/","title":{"rendered":"Kong Charles og pave Leo i historisk m\u00f8te i Vatikanet"},"content":{"rendered":"<p class=\"kicker \" style=\"\">Kong Charles og dronning Camilla:<\/p>\n<p>  &#8211; Fint med alt som er samlende, sier kongehusekspert Caroline Vagle.<\/p>\n<p>\n    RELIGIONER M\u00d8TES: Kong Charles og pave Leo skal be sammen i dag, og er dermed historiske. En britisk monark har nemlig ikke bedd offentlig med en konge siden 1500-tallet. Foto: NTB\n  <\/p>\n<p>Kong Charles (76) og dronning Camilla (78) er n\u00e5 i gang med sitt historiske bes\u00f8k i Vatikanet. For dem som lurer p\u00e5 hvorfor dette er historisk, s\u00e5 er det ganske enkelt.<\/p>\n<p>    <a itemprop=\"url\" href=\"https:\/\/www.seher.no\/kongelig\/var-min-klippe\/83761546\" rel=\"nofollow noopener\" target=\"_blank\"><\/p>\n<p>      <img loading=\"lazy\" decoding=\"async\" src=\"https:\/\/www.europesays.com\/no\/wp-content\/uploads\/2025\/10\/83761536.webp\" width=\"147\" height=\"98\" title=\"- Var min klippe\" alt=\"\" class=\"lazyload\" style=\"--aspect-ratio-image: 1.50; \"\/><\/p>\n<p>        &#8211; Var min klippe<\/p>\n<p>    <\/a><\/p>\n<p>For hele 500 \u00e5r siden br\u00f8t britiske kong Henrik VIII med Vatikanet, fordi den dav\u00e6rende paven ikke ville innvilge ham skilsmisse. Som f\u00f8lge av pavens avgj\u00f8relse besluttet kongen at b\u00e5de han, og alle etterf\u00f8lgende monarken, skulle v\u00e6r overhode for Den engelske kirke.<\/p>\n<p>        HEMMELIG: Kronprinsessens lungerehabilitering skal ha hatt en ensom start, n\u00e5r kronprinsen ikke kunne v\u00e6re til stede. Foto: NTB \/ Det kongelige hoff \/ Se og H\u00f8r \/\/ Reporter: H\u00e5vard Bj\u00f8rnerem<\/p>\n<p>Den seansen som gj\u00f8r at dette er historisk er at kong Charles skal be med pave Leo XIV (70), noe som ikke har skjedd siden 1500-tallet. Selve m\u00f8tet med paven fant sted i det apostoliske palass torsdag, f\u00f8r kongen senere deltok p\u00e5 en \u00f8kumenisk gudstjeneste i Det sixtinske kapell.<\/p>\n<p>          <img loading=\"lazy\" decoding=\"async\" src=\"https:\/\/www.europesays.com\/no\/wp-content\/uploads\/2025\/10\/83761602.webp\" width=\"686\" height=\"460\" title=\"VATIKANET: Dronning Camilla og kong Charles ankom Vatikanet onsdag denne uken, men store deler av programmet foreg\u00e5r torsdag. Her er de sammen med pave Leo. Foto: NTB\" alt=\"\" class=\"\" style=\"--aspect-ratio-image: 1.49; \"\/><\/p>\n<p>\n          VATIKANET: Dronning Camilla og kong Charles ankom Vatikanet onsdag denne uken, men store deler av programmet foreg\u00e5r torsdag. Her er de sammen med pave Leo. Foto: NTB\n      <\/p>\n<p>At gudstjenesten er \u00f8kumenisk betyr at det dreier seg om samarbeid og fellesskap mellom ulike kristne kirkesamfunn, ofte gjennom felles b\u00f8nn &#8211; eller som i dette tilfellet, en gudstjeneste.<\/p>\n<p>&#8211; En urolig tid\t<\/p>\n<p>\u00c5 gjennomf\u00f8re det p\u00e5 denne m\u00e5ten f\u00f8ltes nok riktig for b\u00e5de kong Charles, som overhodet av Den engelske kirke, og pave Leo, som er overhodet av Den katolske kirke.<\/p>\n<p>    <a itemprop=\"url\" href=\"https:\/\/www.seher.no\/kongelig\/en-svimlende-pris\/83755319\" rel=\"nofollow noopener\" target=\"_blank\"><\/p>\n<p>      <img loading=\"lazy\" decoding=\"async\" src=\"https:\/\/www.europesays.com\/no\/wp-content\/uploads\/2025\/10\/1761360360_925_83756135.webp\" width=\"147\" height=\"98\" title=\"- Absolutt en favoritt\" alt=\"\" class=\"lazyload\" style=\"--aspect-ratio-image: 1.50; \"\/><\/p>\n<p>        &#8211; Absolutt en favoritt<\/p>\n<p>    <\/a><\/p>\n<p class=\"font-weight-bold m-font-weight-bold\" data-lab-font_weight=\"font-weight-bold\">&#8211; Et historisk m\u00f8te! For f\u00f8rste gang siden kong Henrik VIII br\u00f8t med Vatikanet for 500 \u00e5r siden, skal en britisk monark be offentlig med paven. Temaet for bes\u00f8ket er kristen enhet og felles ansvar for milj\u00f8et, og jeg tenker at i en urolig tid er det fint med alt som er samlende, sier Se og H\u00f8rs kongehusekspert Caroline Vagle.<\/p>\n<p>          <img loading=\"lazy\" decoding=\"async\" src=\"https:\/\/www.europesays.com\/no\/wp-content\/uploads\/2025\/10\/83761584.webp\" width=\"686\" height=\"460\" title=\"BLIDT M\u00d8TE: B\u00e5de kong Charles og pave Leo smilte blid da de traff hverandre. Foto: NTB\" alt=\"\" class=\"\" style=\"--aspect-ratio-image: 1.49; \"\/><\/p>\n<p>\n          BLIDT M\u00d8TE: B\u00e5de kong Charles og pave Leo smilte blid da de traff hverandre. Foto: NTB\n      <\/p>\n<p>Da konge og paven traff hverandre var det to sv\u00e6rt blide menn som h\u00e5ndhilste.<\/p>\n<p>&#8211; Deres hellighet, det er en forn\u00f8yelse \u00e5 treffe dem, om jeg f\u00e5r si det, sa Charles til paven, som svarte:<\/p>\n<p>&#8211; God morgen, og velkommen!<\/p>\n<p>&#8211; Nydelig \u00e5 v\u00e6re her, sa dronning Camilla.<\/p>\n<p>        IKKE ET ORD: Et helt spesielt oppdrag fikk kronprinsesse Mette-Marit til \u00e5 gj\u00f8re et unntak n\u00e5r hun er under behandling. Video: H\u00e5vard Bj\u00f8rnerem<\/p>\n<p>Utvekslet gaver\t<\/p>\n<p>Under m\u00f8tet i det apostoliske palass ble det ogs\u00e5 utvekslet gaver, if\u00f8lge britiske <a href=\"https:\/\/www.hellomagazine.com\/royalty\/862922\/royal-family-live-king-charles-and-queen-camilla-to-begin-vatican-visit\/\" rel=\"nofollow noopener\" target=\"_blank\">Hello! Magazine<\/a>. Kong Charles ga paven et fotografi av seg selv og dronningen, som var satt i en s\u00f8lvramme, og et ikon av St. Edvard Bekjenneren. Han er en britiske konge fra det 11. \u00e5rhundre, som er skytshelgen for konger og vanskelige ekteskap.<\/p>\n<p>          <img loading=\"lazy\" decoding=\"async\" src=\"https:\/\/www.europesays.com\/no\/wp-content\/uploads\/2025\/10\/83761590.webp\" width=\"686\" height=\"460\" title=\"GAVENE: Her kan man se gavene som paven og de kongelige utvekslet. Foto: NTB\" alt=\"\" class=\"\" style=\"--aspect-ratio-image: 1.49; \"\/><\/p>\n<p>\n          GAVENE: Her kan man se gavene som paven og de kongelige utvekslet. Foto: NTB\n      <\/p>\n<p>&#8211; Dette er et lite tegn p\u00e5 min aktelse og takknemlighet, sa kong Charles da han overrakte gaven til pave Leo.<\/p>\n<p>Pavens gave til de kongelige var en sm\u00e5skala versjon av mosaikken av Kristus Pantokrator, som befinner seg i den normanniske katedralen i Cefalu p\u00e5 Sicilia.<\/p>\n<p>    <a itemprop=\"url\" href=\"https:\/\/www.seher.no\/kongelig\/besokte-pappa-midt-i-krisen\/83754141\" rel=\"nofollow noopener\" target=\"_blank\"><\/p>\n<p>      <img loading=\"lazy\" decoding=\"async\" src=\"https:\/\/www.europesays.com\/no\/wp-content\/uploads\/2025\/10\/1761360364_345_83754024.webp\" width=\"980\" height=\"441\" title=\"Bes\u00f8kte pappa midt i krisen\" alt=\"\" class=\"lazyload\" style=\"--aspect-ratio-image: 2.22; \"\/><\/p>\n<p>        Bes\u00f8kte pappa midt i krisen<\/p>\n<p>    <\/a><\/p>\n<p>Det historiske m\u00f8tet\t<\/p>\n<p>Selve gudstjenesten, som jo er \u00e5rsaken til at m\u00f8tet omtales som historisk, fant som nevnt sted i Det sixtinske kapell. Dette er trolig blant verdens mest kjente kapeller, mye p\u00e5 grunn av det intrikate mesterverket kunstneren Michelangelo har laget i kapellets tak.<\/p>\n<p>          <img loading=\"lazy\" decoding=\"async\" src=\"https:\/\/www.europesays.com\/no\/wp-content\/uploads\/2025\/10\/83762032.webp\" width=\"686\" height=\"460\" title=\"STORSL\u00c5TT: Det var mange kardinaler til stede under den historiske b\u00f8nnen. Erkebiskopen av York og paven ledet an, mens kongeparet st\u00e5r p\u00e5 h\u00f8yre siden av dem. Foto: NTB\" alt=\"\" class=\"\" style=\"--aspect-ratio-image: 1.49; \"\/><\/p>\n<p>\n          STORSL\u00c5TT: Det var mange kardinaler til stede under den historiske b\u00f8nnen. Erkebiskopen av York og paven ledet an, mens kongeparet st\u00e5r p\u00e5 h\u00f8yre siden av dem. Foto: NTB\n      <\/p>\n<p>Da de deltok i sin felles b\u00f8nn ble den f\u00f8rt an av pave Leo og erkebiskopen av York, den h\u00f8y\u00e6rverdige Stephen Cottrell &#8211; rett under Michelangelos mesterverk.<\/p>\n<p>        \u00c5PNER OPP: &#8211; Durek var min klippe gjennom hele hendelsen, sier M\u00e4rtha Louise om tiden etter Ari Behns d\u00f8dsfall i et intervju med SVTs Carina Bergfeldt. Video: SVT <\/p>\n<p>&#8211; Gud v\u00e5r far, du har skapt himmelen og jorden. Du skapte oss i ditt bilde. L\u00e6r oss \u00e5 se din h\u00e5nd i alle dine gjerninger og din likhet i alle dine barn, sa pave Leo i sin b\u00f8nn.<\/p>\n<p>Kong Charles responderte med;\u00a0<\/p>\n<p>&#8211; Amen.<\/p>\n","protected":false},"excerpt":{"rendered":"Kong Charles og dronning Camilla: &#8211; Fint med alt som er samlende, sier kongehusekspert Caroline Vagle. RELIGIONER M\u00d8TES:&hellip;\n","protected":false},"author":2,"featured_media":69407,"comment_status":"","ping_status":"","sticky":false,"template":"","format":"standard","meta":{"footnotes":""},"categories":[12],"tags":[20,21,3868,4104,24,25,15,3994,76,22,23,13,30,28,29,14,16,1367,26,27,9594,42,43,44,45],"class_list":{"0":"post-69406","1":"post","2":"type-post","3":"status-publish","4":"format-standard","5":"has-post-thumbnail","7":"category-verden","8":"tag-breaking-news","9":"tag-breakingnews","10":"tag-dronning-camilla","11":"tag-eksklusivt","12":"tag-featured-news","13":"tag-featurednews","14":"tag-headlines","15":"tag-kong-charles","16":"tag-kongelig","17":"tag-latest-news","18":"tag-latestnews","19":"tag-news","20":"tag-no","21":"tag-norge","22":"tag-norway","23":"tag-nyheter","24":"tag-overskrifter","25":"tag-pave-leo","26":"tag-top-stories","27":"tag-topstories","28":"tag-vatikanet","29":"tag-verden","30":"tag-world","31":"tag-world-news","32":"tag-worldnews"},"share_on_mastodon":{"url":"https:\/\/pubeurope.com\/@no\/115432520709863681","error":""},"_links":{"self":[{"href":"https:\/\/www.europesays.com\/no\/wp-json\/wp\/v2\/posts\/69406","targetHints":{"allow":["GET"]}}],"collection":[{"href":"https:\/\/www.europesays.com\/no\/wp-json\/wp\/v2\/posts"}],"about":[{"href":"https:\/\/www.europesays.com\/no\/wp-json\/wp\/v2\/types\/post"}],"author":[{"embeddable":true,"href":"https:\/\/www.europesays.com\/no\/wp-json\/wp\/v2\/users\/2"}],"replies":[{"embeddable":true,"href":"https:\/\/www.europesays.com\/no\/wp-json\/wp\/v2\/comments?post=69406"}],"version-history":[{"count":0,"href":"https:\/\/www.europesays.com\/no\/wp-json\/wp\/v2\/posts\/69406\/revisions"}],"wp:featuredmedia":[{"embeddable":true,"href":"https:\/\/www.europesays.com\/no\/wp-json\/wp\/v2\/media\/69407"}],"wp:attachment":[{"href":"https:\/\/www.europesays.com\/no\/wp-json\/wp\/v2\/media?parent=69406"}],"wp:term":[{"taxonomy":"category","embeddable":true,"href":"https:\/\/www.europesays.com\/no\/wp-json\/wp\/v2\/categories?post=69406"},{"taxonomy":"post_tag","embeddable":true,"href":"https:\/\/www.europesays.com\/no\/wp-json\/wp\/v2\/tags?post=69406"}],"curies":[{"name":"wp","href":"https:\/\/api.w.org\/{rel}","templated":true}]}}