{"id":69524,"date":"2025-10-25T08:07:10","date_gmt":"2025-10-25T08:07:10","guid":{"rendered":"https:\/\/www.europesays.com\/no\/69524\/"},"modified":"2025-10-25T08:07:10","modified_gmt":"2025-10-25T08:07:10","slug":"haugesund-nyheter-funnet-dod-etter-brann-i-haugesund","status":"publish","type":"post","link":"https:\/\/www.europesays.com\/no\/69524\/","title":{"rendered":"Haugesund, Nyheter | Funnet d\u00f8d etter brann i Haugesund"},"content":{"rendered":"\n<p><b>HAUGESUND: <\/b>En beboer mistet livet da det begynte \u00e5 brenne i leilighet en omsorgsbolig p\u00e5 Udland i Haugesund natt til l\u00f8rdag.<\/p>\n<p>N\u00f8detatene ble varslet om brannen klokken 1.20 og tre kvarter senere, klokken 2.05 opplyste politiet at brannen var slukket.<\/p>\n<p>If\u00f8lge operasjonsleder Helene Strand i S\u00f8rvest politidistrikt var det f\u00f8rst uvisst om det var folk i leiligheten som brant, men r\u00f8ykdykkere fra brannvesenet fant en d\u00f8d person i leiligheten der brannen startet.<\/p>\n<p>   <img decoding=\"async\" width=\"4032\" height=\"3024\" fetchpriority=\"low\"  loading=\"lazy\"  src=\"https:\/\/www.europesays.com\/no\/wp-content\/uploads\/2025\/10\/IMG_7380+%281%29.jpg\" alt=\"\" class=\"brick-c-cFOWSL\" style=\"--brick-image-ratio: 4032 \/ 3024;\"\/><\/p>\n<p>      SPERRET AV: Politiet har sperret av et omr\u00e5de p\u00e5 Udland etter brannen natt til l\u00f8rdag.<br \/>\n      Foto: Morten Asbj\u00f8rnsen\n    <\/p>\n<p><b>\u2013 Avd\u00f8de er ikke identifisert, men vi har varslet en av de p\u00e5r\u00f8rende til personen vi antar det er, forteller Strand til NTB.<\/b><\/p>\n<p>15 personer ble evakuert, de har ikke kunne flytte hjem i natt p\u00e5 grunn av r\u00f8ykutviklingen. Det skal kun ha v\u00e6rt brann i en leilighet.<\/p>\n<p>L\u00f8rdag morgen er ikke \u00e5rsaken til brannen kjent.<\/p>\n<p>Oppdateres.<\/p>\n","protected":false},"excerpt":{"rendered":"HAUGESUND: En beboer mistet livet da det begynte \u00e5 brenne i leilighet en omsorgsbolig p\u00e5 Udland i Haugesund&hellip;\n","protected":false},"author":2,"featured_media":69525,"comment_status":"","ping_status":"","sticky":false,"template":"","format":"standard","meta":{"footnotes":""},"categories":[10],"tags":[36,20,21,24,25,1337,15,22,23,13,30,28,29,447,14,16,1510,26,27],"class_list":{"0":"post-69524","1":"post","2":"type-post","3":"status-publish","4":"format-standard","5":"has-post-thumbnail","7":"category-norge","8":"tag-art","9":"tag-breaking-news","10":"tag-breakingnews","11":"tag-featured-news","12":"tag-featurednews","13":"tag-haugesund","14":"tag-headlines","15":"tag-latest-news","16":"tag-latestnews","17":"tag-news","18":"tag-no","19":"tag-norge","20":"tag-norway","21":"tag-nyhet","22":"tag-nyheter","23":"tag-overskrifter","24":"tag-story","25":"tag-top-stories","26":"tag-topstories"},"share_on_mastodon":{"url":"https:\/\/pubeurope.com\/@no\/115433782982935948","error":""},"_links":{"self":[{"href":"https:\/\/www.europesays.com\/no\/wp-json\/wp\/v2\/posts\/69524","targetHints":{"allow":["GET"]}}],"collection":[{"href":"https:\/\/www.europesays.com\/no\/wp-json\/wp\/v2\/posts"}],"about":[{"href":"https:\/\/www.europesays.com\/no\/wp-json\/wp\/v2\/types\/post"}],"author":[{"embeddable":true,"href":"https:\/\/www.europesays.com\/no\/wp-json\/wp\/v2\/users\/2"}],"replies":[{"embeddable":true,"href":"https:\/\/www.europesays.com\/no\/wp-json\/wp\/v2\/comments?post=69524"}],"version-history":[{"count":0,"href":"https:\/\/www.europesays.com\/no\/wp-json\/wp\/v2\/posts\/69524\/revisions"}],"wp:featuredmedia":[{"embeddable":true,"href":"https:\/\/www.europesays.com\/no\/wp-json\/wp\/v2\/media\/69525"}],"wp:attachment":[{"href":"https:\/\/www.europesays.com\/no\/wp-json\/wp\/v2\/media?parent=69524"}],"wp:term":[{"taxonomy":"category","embeddable":true,"href":"https:\/\/www.europesays.com\/no\/wp-json\/wp\/v2\/categories?post=69524"},{"taxonomy":"post_tag","embeddable":true,"href":"https:\/\/www.europesays.com\/no\/wp-json\/wp\/v2\/tags?post=69524"}],"curies":[{"name":"wp","href":"https:\/\/api.w.org\/{rel}","templated":true}]}}