{"id":69566,"date":"2025-10-25T08:57:20","date_gmt":"2025-10-25T08:57:20","guid":{"rendered":"https:\/\/www.europesays.com\/no\/69566\/"},"modified":"2025-10-25T08:57:20","modified_gmt":"2025-10-25T08:57:20","slug":"kong-harald-og-dronning-sonja-inviterer-til-middag-pa-slottet","status":"publish","type":"post","link":"https:\/\/www.europesays.com\/no\/69566\/","title":{"rendered":"Kong Harald og dronning Sonja inviterer til middag p\u00e5 Slottet"},"content":{"rendered":"<p class=\"kicker \" style=\"\">Stortingsmiddag p\u00e5 Slottet:<\/p>\n<p>  I kveld inviterer Slottet til den tradisjonsrike middagen. Se alle bildene her!<\/p>\n<p> Torsdag kveld var stortingsrepresentantene samlet p\u00e5 Slottet i anledning den \u00e5rlige stortingsmiddagen. Det er den 107. i rekken etter at Kong Haakon VII innf\u00f8rte middagen som en fast tradisjon. <\/p>\n<p>    <a itemprop=\"url\" href=\"https:\/\/www.seher.no\/kongelig\/en-svimlende-pris\/83755319\" rel=\"nofollow noopener\" target=\"_blank\"><\/p>\n<p>      <img loading=\"lazy\" decoding=\"async\" src=\"https:\/\/www.europesays.com\/no\/wp-content\/uploads\/2025\/10\/1761382606_80_83756135.webp\" width=\"980\" height=\"441\" title=\"- Absolutt en favoritt\" alt=\"\" class=\"lazyload\" style=\"--aspect-ratio-image: 2.22; \"\/><\/p>\n<p>        &#8211; Absolutt en favoritt<\/p>\n<p>    <\/a><\/p>\n<p>Tradisjonen tro var kong Harald (88) og dronning Sonja (88) kveldens vertskap for middagen for stortingsrepresentanter, regjeringsmedlemmer og andre representanter for det offisielle Norge.\u00a0<\/p>\n<p>          <img loading=\"lazy\" decoding=\"async\" src=\"https:\/\/www.europesays.com\/no\/wp-content\/uploads\/2025\/10\/83763595.webp\" width=\"686\" height=\"584\" title=\"FARGERIK: Dronning Sonja og Kong Harald p\u00e5 vei inn til stortingsmiddagen p\u00e5 Slottet. Foto: Terje Bendiksby \/ NTB\" alt=\"\" class=\"\" style=\"--aspect-ratio-image: 1.17; \"\/><\/p>\n<p>\n          FARGERIK: Dronning Sonja og Kong Harald p\u00e5 vei inn til stortingsmiddagen p\u00e5 Slottet. Foto: Terje Bendiksby \/ NTB\n      <\/p>\n<p>Kronprins Haakon (52) og kronprinsesse Mette-Marit (52) var ogs\u00e5 til stede.\u00a0<\/p>\n<p>          <img loading=\"lazy\" decoding=\"async\" src=\"https:\/\/www.europesays.com\/no\/wp-content\/uploads\/2025\/10\/83763602.webp\" width=\"686\" height=\"707\" title=\"R\u00d8DT: Kronprinsesse Mette-Marit og Kronprins Haakon har ogs\u00e5 ankommet middagen. Foto: Terje Bendiksby \/ NTB\" alt=\"\" class=\"\" style=\"--aspect-ratio-image: 0.97; \"\/><\/p>\n<p>\n          R\u00d8DT: Kronprinsesse Mette-Marit og Kronprins Haakon har ogs\u00e5 ankommet middagen. Foto: Terje Bendiksby \/ NTB\n      <\/p>\n<p>          <img loading=\"lazy\" decoding=\"async\" src=\"https:\/\/www.europesays.com\/no\/wp-content\/uploads\/2025\/10\/83763790.webp\" width=\"686\" height=\"597\" title=\"FLOTT: Prinsesse Astrid p\u00e5 vei inn til stortingsmiddagen. Foto: Terje Bendiksby \/ NTB\" alt=\"\" class=\"\" style=\"--aspect-ratio-image: 1.15; \"\/><\/p>\n<p>\n          FLOTT: Prinsesse Astrid p\u00e5 vei inn til stortingsmiddagen. Foto: Terje Bendiksby \/ NTB\n      <\/p>\n<p>Fikk salen til \u00e5 le\u00a0\t<\/p>\n<p>Da kongen holdt sin tale, gikk han rett til temaet som har opptatt mange denne h\u00f8sten: Den mye omtalte Netflix-dokumentaren \u00abRebel Royals\u00bb om og med prinsesse M\u00e4rtha Louise (54) og Durek Verrett (50).<\/p>\n<p>    <a itemprop=\"url\" href=\"https:\/\/www.seher.no\/kongelig\/krysset-mammas-siste-grense\/83755346\" rel=\"nofollow noopener\" target=\"_blank\"><\/p>\n<p>      <img loading=\"lazy\" decoding=\"async\" src=\"https:\/\/www.europesays.com\/no\/wp-content\/uploads\/2025\/10\/1761382609_177_83009676.webp\" width=\"980\" height=\"441\" title=\"Krysset mammas siste grense\" alt=\"\" class=\"lazyload\" style=\"--aspect-ratio-image: 2.22; \"\/><\/p>\n<p>        Krysset mammas siste grense<\/p>\n<p>    <\/a><\/p>\n<p class=\"font-weight-bold m-font-weight-bold\" data-lab-font_weight=\"font-weight-bold\">&#8211; Vi har registrert en viss oppmerksomhet rundt en film i h\u00f8st, og vi har vurdert en oppf\u00f8lger. Og synes kanskje at \u00abkongen minutt for minutt\u00bb er den beste s\u00e5 langt. Jeg kan ikke love at den\u00a0blir s\u00e5 sv\u00e6rt rebelsk, men jeg tror likevel den kan n\u00e5 mange siden den ogs\u00e5 kan fungere som lett s\u00f8vndyssende, sa han til latter fra salen.<\/p>\n<p class=\"font-weight-light m-font-weight-light italic m-italic\" data-lab-font_weight=\"font-weight-light\" data-lab-italic=\"italic\">Se video av talen \u00f8verst i saken!\u00a0<\/p>\n<p>          <img loading=\"lazy\" decoding=\"async\" src=\"https:\/\/www.europesays.com\/no\/wp-content\/uploads\/2025\/10\/83763636.webp\" width=\"686\" height=\"632\" title=\"TALER: Kong Harald sp\u00f8kte om Netflix-dokumentaren i begynnelsen av talen under kveldens Stortingsmiddag. Foto: Terje Bendiksby \/ NTB\" alt=\"\" class=\"\" style=\"--aspect-ratio-image: 1.09; \"\/><\/p>\n<p>\n          TALER: Kong Harald sp\u00f8kte om Netflix-dokumentaren i begynnelsen av talen under kveldens Stortingsmiddag. Foto: Terje Bendiksby \/ NTB\n      <\/p>\n<p>Kongen hadde ogs\u00e5 flere morsomheter p\u00e5 lur, og kom blant annet med nyttige r\u00e5d til de stortingsrepresentantene som ikke hadde v\u00e6rt p\u00e5 stortingsmiddag tidligere.<\/p>\n<p>&#8211; Jeg har h\u00f8rt at nye representanter f\u00e5r litt tvilsomme r\u00e5d om skikk og bruk f\u00f8r denne kvelden. Her kommer tre r\u00e5d fra meg: Ikke ta alt for god fisk, sjekk mer enn en kilde og ikke drikk av skyllebollene, sa han videre.<\/p>\n<p>    Dette er menyen:<\/p>\n<ul>\n<li>Potetlompe med r\u00f8kt \u00f8rret. Sikrogn, pepperrotr\u00f8mme, agurk og syltet r\u00f8dl\u00f8k<\/li>\n<\/ul>\n<ul>\n<li>Norsk wagyu. Med estragonmajones og kantarell- og soppchips<\/li>\n<\/ul>\n<ul>\n<li>Elg fra Sikkilsdalen. Med potet, gresskarpur\u00e9 og savoyk\u00e5l Grillet purrel\u00f8k Sennep-, morkel- og sitronsjy<\/li>\n<\/ul>\n<ul>\n<li>Villplomme fra Bygd\u00f8 Kongsg\u00e5rd. Med surdeigsis.<\/li>\n<\/ul>\n<p>      Vis mer<br \/>\n      Vis mindre<\/p>\n<p> Kongen gratulerte ogs\u00e5 alle de oppm\u00f8tte politikerne med vel gjennomf\u00f8rt stortingsvalg &#8211; og kom med et aldri s\u00e5 lite stikk til\u00a0Jens Stoltenberg (66). <\/p>\n<p> &#8211; Vi registrerer imidlertid at det i valgets hete kan oppst\u00e5 forvirring om hva man identifiserer seg som &#8211; som statsminister eller finansminister, sa kongen og <a href=\"https:\/\/www.dagbladet.no\/video\/jens-tabbe-jeg-er-statsminister\/UphuLaxp\" rel=\"nofollow noopener\" target=\"_blank\">refererte til en aldri s\u00e5 liten tabbe dagen etter valget.<\/a> <\/p>\n<p>          <img loading=\"lazy\" decoding=\"async\" src=\"https:\/\/www.europesays.com\/no\/wp-content\/uploads\/2025\/10\/83763848.webp\" width=\"686\" height=\"501\" title=\"LATTER FRA SALEN: Kongen vitser fikk gjestene til \u00e5 le under Stortingsmiddagen. Foto: Terje Bendiksby \/ NTB\" alt=\"\" class=\"\" style=\"--aspect-ratio-image: 1.37; \"\/><\/p>\n<p>\n          LATTER FRA SALEN: Kongen vitser fikk gjestene til \u00e5 le under Stortingsmiddagen. Foto: Terje Bendiksby \/ NTB\n      <\/p>\n<p>Skremt over angrep p\u00e5 demokratiet\u00a0\t<\/p>\n<p>Selv om kongen fant rom for flere lune vitser i en lett og ledig tale, viet han ogs\u00e5 en del tid p\u00e5 \u00e5 snakke om mer alvorlige temaer. Demokratiet er kanskje ikke perfekt, som det meste annet i livet, slo kongen fast.<\/p>\n<p>&#8211; Likevel er det nesten litt uvirkelig &#8211; ja, skremmende &#8211; for oss som lever i det norske folkestyret at demokratiet som styreform ser ut til \u00e5 bli undergravet og mister tilslutning, verden over, fortsatte han.<\/p>\n<p>          <img loading=\"lazy\" decoding=\"async\" src=\"https:\/\/www.europesays.com\/no\/wp-content\/uploads\/2025\/10\/83763855.webp\" width=\"686\" height=\"529\" title=\"TALTE: Stortingsrepresentant Masud Gharahkani talte ogs\u00e5 under middagen, der han s\u00e5 potensial for en mulig oppf\u00f8lger til Netflix-dokumentaren: \u00abParliamentarian Rebels\u00bb med Sylvi Listhaug og Trygve Slagsvold Vedum i hovedrollene. Foto: Terje Bendiksby \/ NTB\" alt=\"\" class=\"\" style=\"--aspect-ratio-image: 1.30; \"\/><\/p>\n<p>\n          TALTE: Stortingsrepresentant Masud Gharahkani talte ogs\u00e5 under middagen, der han s\u00e5 potensial for en mulig oppf\u00f8lger til Netflix-dokumentaren: \u00abParliamentarian Rebels\u00bb med Sylvi Listhaug og Trygve Slagsvold Vedum i hovedrollene. Foto: Terje Bendiksby \/ NTB\n      <\/p>\n<p>I et kraftfullt innlegg understreket han at vi i Norge &#8211; uansett om man er uenige om det meste &#8211; kan v\u00e6re enige om at vi \u00f8nsker et demokratisk styresett.<\/p>\n<p>&#8211; Vi \u00f8nsker at makten skal utg\u00e5 fra folket, og at alle borgerne skal v\u00e6re like for loven.<\/p>\n<p>    <a itemprop=\"url\" href=\"https:\/\/www.seher.no\/kongelig\/var-min-klippe\/83761546\" rel=\"nofollow noopener\" target=\"_blank\"><\/p>\n<p>      <img loading=\"lazy\" decoding=\"async\" src=\"https:\/\/www.europesays.com\/no\/wp-content\/uploads\/2025\/10\/1761382617_662_83761570.webp\" width=\"147\" height=\"98\" title=\"- Var min klippe\" alt=\"\" class=\"lazyload\" style=\"--aspect-ratio-image: 1.50; \"\/><\/p>\n<p>        &#8211; Var min klippe<\/p>\n<p>    <\/a><\/p>\n<p>&#8211; Vi mener at alle skal kunne ytre seg uten frykt &#8211; innen rettsstatens rammer, og den frie pressen skal kunne sikre \u00e5penhet og kontroll med de av oss som har makt og posisjoner. Flertallet skal styre, men minoriteters rettigheter skal beskyttes, sa kong Harald.<\/p>\n<p>        HEMMELIG: Kronprinsessens lungerehabilitering skal ha hatt en ensom start, n\u00e5r kronprinsen ikke kunne v\u00e6re til stede. Foto: NTB \/ Det kongelige hoff \/ Se og H\u00f8r \/\/ Reporter: H\u00e5vard Bj\u00f8rnerem<\/p>\n<p>Trosset sykdommen\u00a0\t<\/p>\n<p> Siden 1906 har stortingsmiddagen v\u00e6rt en \u00e5rlig begivenhet, og hvert \u00e5r deltar de kongelige familiemedlemmene. <\/p>\n<p>Ved fjor\u00e5rets Stortingsmiddag var\u00a0<a href=\"https:\/\/www.dagbladet.no\/kjendis\/fikk-salen-til-a-bryte-ut-i-latter\/82129953\" rel=\"nofollow noopener\" target=\"_blank\">kronprinsessen sykmeldt<\/a>\u00a0og forhindret fra \u00e5 delta. Grunnen var bivirkninger knyttet til behandlingen for lungesykdommen,\u00a0lungefibrose.\u00a0<\/p>\n<p>        \u00c5PNER OPP: &#8211; Durek var min klippe gjennom hele hendelsen, sier M\u00e4rtha Louise om tiden etter Ari Behns d\u00f8dsfall i et intervju med SVTs Carina Bergfeldt. Video: SVT <\/p>\n<p>I september ble det kjent at Mette-Marit nok en gang skulle gjennom en ny behandling for den kroniske sykdommen, men at hun kunne komme til \u00e5 dukke opp p\u00e5 noen offisielle oppdrag, deriblant Stortingsmiddagen.\u00a0<\/p>\n<p>I 2023 var det selveste kong Harald som manglet fra middagen. Da var han sykmeldt etter \u00e5 ha f\u00e5tt p\u00e5vist corona. Dette var f\u00f8rste gang kongen ikke deltok p\u00e5 middagen.<\/p>\n<p class=\"font-weight-bold m-font-weight-bold\" data-lab-font_weight=\"font-weight-bold\">Se alle bildene fra kvelden her:<\/p>\n<p>          <img loading=\"lazy\" decoding=\"async\" src=\"https:\/\/www.europesays.com\/no\/wp-content\/uploads\/2025\/10\/83763681.webp\" width=\"686\" height=\"844\" title=\"Statsminister Jonas Gahr St\u00f8re. Foto: Terje Bendiksby \/ NTB\" alt=\"\" class=\"\" style=\"--aspect-ratio-image: 0.81; \"\/><\/p>\n<p>\n          Statsminister Jonas Gahr St\u00f8re. Foto: Terje Bendiksby \/ NTB\n      <\/p>\n<p>          <img loading=\"lazy\" decoding=\"async\" src=\"https:\/\/www.europesays.com\/no\/wp-content\/uploads\/2025\/10\/83763667.webp\" width=\"686\" height=\"762\" title=\"Erna Solberg (H). Foto: Terje Bendiksby \/ NTB\" alt=\"\" class=\"\" style=\"--aspect-ratio-image: 0.90; \"\/><\/p>\n<p>\n          Erna Solberg (H). Foto: Terje Bendiksby \/ NTB\n      <\/p>\n<p>          <img loading=\"lazy\" decoding=\"async\" src=\"https:\/\/www.europesays.com\/no\/wp-content\/uploads\/2025\/10\/83763583.webp\" width=\"686\" height=\"837\" title=\"Forsknings- og h\u00f8yere utdannigsminister Sigrun Gjerl\u00f8w Aasland og energiminister Terje Lien Aasland. Foto: Terje Bendiksby \/ NTB\" alt=\"\" class=\"\" style=\"--aspect-ratio-image: 0.82; \"\/><\/p>\n<p>\n          Forsknings- og h\u00f8yere utdannigsminister Sigrun Gjerl\u00f8w Aasland og energiminister Terje Lien Aasland. Foto: Terje Bendiksby \/ NTB\n      <\/p>\n<p>          <img loading=\"lazy\" decoding=\"async\" src=\"https:\/\/www.europesays.com\/no\/wp-content\/uploads\/2025\/10\/83763572.webp\" width=\"686\" height=\"810\" title=\"Sylvi Listhaug (Frp) og Simen Velle (Frp). Foto: Terje Bendiksby \/ NTB\" alt=\"\" class=\"\" style=\"--aspect-ratio-image: 0.85; \"\/><\/p>\n<p>\n          Sylvi Listhaug (Frp) og Simen Velle (Frp). Foto: Terje Bendiksby \/ NTB\n      <\/p>\n<p>          <img loading=\"lazy\" decoding=\"async\" src=\"https:\/\/www.europesays.com\/no\/wp-content\/uploads\/2025\/10\/83763532.webp\" width=\"686\" height=\"735\" title=\"Justris- og beredskapsminister Astri Aas-Hansen (Ap) Foto: Terje Bendiksby \/ NTB\" alt=\"\" class=\"\" style=\"--aspect-ratio-image: 0.93; \"\/><\/p>\n<p>\n          Justris- og beredskapsminister Astri Aas-Hansen (Ap) Foto: Terje Bendiksby \/ NTB\n      <\/p>\n<p>          <img loading=\"lazy\" decoding=\"async\" src=\"https:\/\/www.europesays.com\/no\/wp-content\/uploads\/2025\/10\/83763788.webp\" width=\"686\" height=\"741\" title=\"Landbruksminister Nils Kristen Sandtr\u00f8en. Foto: Terje Bendiksby \/ NTB\" alt=\"\" class=\"\" style=\"--aspect-ratio-image: 0.93; \"\/><\/p>\n<p>\n          Landbruksminister Nils Kristen Sandtr\u00f8en. Foto: Terje Bendiksby \/ NTB\n      <\/p>\n<p>          <img loading=\"lazy\" decoding=\"async\" src=\"https:\/\/www.europesays.com\/no\/wp-content\/uploads\/2025\/10\/83763793.webp\" width=\"686\" height=\"584\" title=\"Tonje Brenna (Ap) og finansminister Jens Stoltenberg. Foto: Terje Pedersen \/ NTB\" alt=\"\" class=\"\" style=\"--aspect-ratio-image: 1.17; \"\/><\/p>\n<p>\n          Tonje Brenna (Ap) og finansminister Jens Stoltenberg. Foto: Terje Pedersen \/ NTB\n      <\/p>\n<p>          <img loading=\"lazy\" decoding=\"async\" src=\"https:\/\/www.europesays.com\/no\/wp-content\/uploads\/2025\/10\/83763798.webp\" width=\"686\" height=\"570\" title=\"Masud Gharahkani. Foto: Terje Bendiksby \/ NTB\" alt=\"\" class=\"\" style=\"--aspect-ratio-image: 1.20; \"\/><\/p>\n<p>\n          Masud Gharahkani. Foto: Terje Bendiksby \/ NTB\n      <\/p>\n<p>          <img loading=\"lazy\" decoding=\"async\" src=\"https:\/\/www.europesays.com\/no\/wp-content\/uploads\/2025\/10\/83763534.webp\" width=\"686\" height=\"673\" title=\"Eli Tuva Moflang (Ap) og utenriksminister Espen Barth EIde. Foto: Terje Bendiksby \/ NTB\" alt=\"\" class=\"\" style=\"--aspect-ratio-image: 1.02; \"\/><\/p>\n<p>\n          Eli Tuva Moflang (Ap) og utenriksminister Espen Barth EIde. Foto: Terje Bendiksby \/ NTB\n      <\/p>\n<p>          <img loading=\"lazy\" decoding=\"async\" src=\"https:\/\/www.europesays.com\/no\/wp-content\/uploads\/2025\/10\/83763806.webp\" width=\"686\" height=\"728\" title=\"SVs leder Kirsti Bergst\u00f8 og Arbeiderpartiets Bj\u00f8rnar Skj\u00e6ran. Foto: Terje Bendiksby \/ NTB\" alt=\"\" class=\"\" style=\"--aspect-ratio-image: 0.94; \"\/><\/p>\n<p>\n          SVs leder Kirsti Bergst\u00f8 og Arbeiderpartiets Bj\u00f8rnar Skj\u00e6ran. Foto: Terje Bendiksby \/ NTB\n      <\/p>\n<p>          <img loading=\"lazy\" decoding=\"async\" src=\"https:\/\/www.europesays.com\/no\/wp-content\/uploads\/2025\/10\/83763812.webp\" width=\"686\" height=\"652\" title=\"SVs Marian Hussein og SPs Trygve Slagsvold Vedum. Foto: Terje Bendiksby \/ NTB\" alt=\"\" class=\"\" style=\"--aspect-ratio-image: 1.05; \"\/><\/p>\n<p>\n          SVs Marian Hussein og SPs Trygve Slagsvold Vedum. Foto: Terje Bendiksby \/ NTB\n      <\/p>\n<p>          <img loading=\"lazy\" decoding=\"async\" src=\"https:\/\/www.europesays.com\/no\/wp-content\/uploads\/2025\/10\/83763814.webp\" width=\"686\" height=\"666\" title=\"Liv Thon Gustavsen og Hans Andreas LImi. Foto: Terje Bendiksby \/ NTB\" alt=\"\" class=\"\" style=\"--aspect-ratio-image: 1.03; \"\/><\/p>\n<p>\n          Liv Thon Gustavsen og Hans Andreas LImi. Foto: Terje Bendiksby \/ NTB\n      <\/p>\n<p>          <img loading=\"lazy\" decoding=\"async\" src=\"https:\/\/www.europesays.com\/no\/wp-content\/uploads\/2025\/10\/83763816.webp\" width=\"686\" height=\"803\" title=\"Helse- og omsorgsminister Jan Christian Vestre. Foto: Terje Bendiksby \/ Instagram\" alt=\"\" class=\"\" style=\"--aspect-ratio-image: 0.85; \"\/><\/p>\n<p>\n          Helse- og omsorgsminister Jan Christian Vestre. Foto: Terje Bendiksby \/ Instagram\n      <\/p>\n<p>          <img loading=\"lazy\" decoding=\"async\" src=\"https:\/\/www.europesays.com\/no\/wp-content\/uploads\/2025\/10\/83763818.webp\" width=\"686\" height=\"680\" title=\"Marthe Hammer (Sv) og Bj\u00f8rn Arlid Gram (Sp). Foto: Terje Bendiksby \/ NTB\" alt=\"\" class=\"\" style=\"--aspect-ratio-image: 1.01; \"\/><\/p>\n<p>\n          Marthe Hammer (Sv) og Bj\u00f8rn Arlid Gram (Sp). Foto: Terje Bendiksby \/ NTB\n      <\/p>\n<p>          <img loading=\"lazy\" decoding=\"async\" src=\"https:\/\/www.europesays.com\/no\/wp-content\/uploads\/2025\/10\/83763822.webp\" width=\"686\" height=\"796\" title=\"Anne Irene Molberg (H) og Henrik Asheim (H). Foto: Terje Bendiksby \/ NTB\" alt=\"\" class=\"\" style=\"--aspect-ratio-image: 0.86; \"\/><\/p>\n<p>\n          Anne Irene Molberg (H) og Henrik Asheim (H). Foto: Terje Bendiksby \/ NTB\n      <\/p>\n<p>          <img loading=\"lazy\" decoding=\"async\" src=\"https:\/\/www.europesays.com\/no\/wp-content\/uploads\/2025\/10\/83763826.webp\" width=\"686\" height=\"680\" title=\"Ine Marie Eriksen S\u00f8reide (H) og Trond Helleland (H). Foto: Terje Bendiksby \/ Instagram\" alt=\"\" class=\"\" style=\"--aspect-ratio-image: 1.01; \"\/><\/p>\n<p>\n          Ine Marie Eriksen S\u00f8reide (H) og Trond Helleland (H). Foto: Terje Bendiksby \/ Instagram\n      <\/p>\n<p>          <img loading=\"lazy\" decoding=\"async\" src=\"https:\/\/www.europesays.com\/no\/wp-content\/uploads\/2025\/10\/83763828.webp\" width=\"686\" height=\"680\" title=\"Forsvarsminister Tore O Sandvik (Ap) og Trond Giske (Ap). Foto: Terje Bendiksby \/ NTB\" alt=\"\" class=\"\" style=\"--aspect-ratio-image: 1.01; \"\/><\/p>\n<p>\n          Forsvarsminister Tore O Sandvik (Ap) og Trond Giske (Ap). Foto: Terje Bendiksby \/ NTB\n      <\/p>\n<p>          <img loading=\"lazy\" decoding=\"async\" src=\"https:\/\/www.europesays.com\/no\/wp-content\/uploads\/2025\/10\/83763831.webp\" width=\"686\" height=\"652\" title=\"Amalie Gunnufsen (H) og Haagen Poppe (H). Foto: Terje Bendiksby \/ NTB\" alt=\"\" class=\"\" style=\"--aspect-ratio-image: 1.05; \"\/><\/p>\n<p>\n          Amalie Gunnufsen (H) og Haagen Poppe (H). Foto: Terje Bendiksby \/ NTB\n      <\/p>\n<p>          <img loading=\"lazy\" decoding=\"async\" src=\"https:\/\/www.europesays.com\/no\/wp-content\/uploads\/2025\/10\/83763833.webp\" width=\"686\" height=\"659\" title=\"Marit Kristine Vea (V)og Abid Raja (V). Foto: Terje Bendiksby \/ Instagram\" alt=\"\" class=\"\" style=\"--aspect-ratio-image: 1.04; \"\/><\/p>\n<p>\n          Marit Kristine Vea (V)og Abid Raja (V). Foto: Terje Bendiksby \/ Instagram\n      <\/p>\n<p>.<\/p>\n","protected":false},"excerpt":{"rendered":"Stortingsmiddag p\u00e5 Slottet: I kveld inviterer Slottet til den tradisjonsrike middagen. Se alle bildene her! Torsdag kveld var&hellip;\n","protected":false},"author":2,"featured_media":69567,"comment_status":"","ping_status":"","sticky":false,"template":"","format":"standard","meta":{"footnotes":""},"categories":[5],"tags":[20,21,1560,24,25,15,19,479,2543,2590,76,1764,2293,22,23,17,18,13,30,28,29,14,16,9803,26,27],"class_list":{"0":"post-69566","1":"post","2":"type-post","3":"status-publish","4":"format-standard","5":"has-post-thumbnail","7":"category-overskrifter","8":"tag-breaking-news","9":"tag-breakingnews","10":"tag-dronning-sonja","11":"tag-featured-news","12":"tag-featurednews","13":"tag-headlines","14":"tag-hovedoppslag","15":"tag-kjendis","16":"tag-kjendisdesken","17":"tag-kong-harald","18":"tag-kongelig","19":"tag-kronprins-haakon","20":"tag-kronprinsesse-mette-marit","21":"tag-latest-news","22":"tag-latestnews","23":"tag-main-news","24":"tag-mainnews","25":"tag-news","26":"tag-no","27":"tag-norge","28":"tag-norway","29":"tag-nyheter","30":"tag-overskrifter","31":"tag-stortingsmiddag","32":"tag-top-stories","33":"tag-topstories"},"share_on_mastodon":{"url":"https:\/\/pubeurope.com\/@no\/115433979731206876","error":""},"_links":{"self":[{"href":"https:\/\/www.europesays.com\/no\/wp-json\/wp\/v2\/posts\/69566","targetHints":{"allow":["GET"]}}],"collection":[{"href":"https:\/\/www.europesays.com\/no\/wp-json\/wp\/v2\/posts"}],"about":[{"href":"https:\/\/www.europesays.com\/no\/wp-json\/wp\/v2\/types\/post"}],"author":[{"embeddable":true,"href":"https:\/\/www.europesays.com\/no\/wp-json\/wp\/v2\/users\/2"}],"replies":[{"embeddable":true,"href":"https:\/\/www.europesays.com\/no\/wp-json\/wp\/v2\/comments?post=69566"}],"version-history":[{"count":0,"href":"https:\/\/www.europesays.com\/no\/wp-json\/wp\/v2\/posts\/69566\/revisions"}],"wp:featuredmedia":[{"embeddable":true,"href":"https:\/\/www.europesays.com\/no\/wp-json\/wp\/v2\/media\/69567"}],"wp:attachment":[{"href":"https:\/\/www.europesays.com\/no\/wp-json\/wp\/v2\/media?parent=69566"}],"wp:term":[{"taxonomy":"category","embeddable":true,"href":"https:\/\/www.europesays.com\/no\/wp-json\/wp\/v2\/categories?post=69566"},{"taxonomy":"post_tag","embeddable":true,"href":"https:\/\/www.europesays.com\/no\/wp-json\/wp\/v2\/tags?post=69566"}],"curies":[{"name":"wp","href":"https:\/\/api.w.org\/{rel}","templated":true}]}}