{"id":69691,"date":"2025-10-25T12:00:54","date_gmt":"2025-10-25T12:00:54","guid":{"rendered":"https:\/\/www.europesays.com\/no\/69691\/"},"modified":"2025-10-25T12:00:54","modified_gmt":"2025-10-25T12:00:54","slug":"de-har-et-unikt-band","status":"publish","type":"post","link":"https:\/\/www.europesays.com\/no\/69691\/","title":{"rendered":"&#8211; De har et unikt b\u00e5nd"},"content":{"rendered":"<p class=\"kicker \" style=\"\">Elisabeth Asserson Ingebrigtsen:\u00a0<\/p>\n<p>  Elisabeth Asserson Ingebrigtsen tar til t\u00e5rene om hvordan Jakob h\u00e5ndterer pappa-livet.<\/p>\n<p>\n    FAR OG DATTER: Jakob Ingebrigtsen og kona Elisabeth fikk datteren Filippa (1) i fjor sommer. Elisabeth forteller at ektemannen tar farsrollen seri\u00f8st, og at hun er stolt av ham. Foto: Instagram \/ @jakobing\n  <\/p>\n<p>N\u00e5r Jakob Ingebrigtsen (24)\u00a0 kommer hjem fra l\u00f8pebanen, er det \u00e9n liten person som f\u00e5r all oppmerksomheten.<\/p>\n<p>    <a itemprop=\"url\" href=\"https:\/\/www.seher.no\/kjendis\/avslorer-jeg-gruer-meg\/83757577\" rel=\"nofollow noopener\" target=\"_blank\"><\/p>\n<p>      <img loading=\"lazy\" decoding=\"async\" src=\"https:\/\/www.europesays.com\/no\/wp-content\/uploads\/2025\/10\/83758036.webp\" width=\"980\" height=\"441\" title=\"Avsl\u00f8rer: - Jeg gruer meg\" alt=\"\" class=\"lazyload\" style=\"--aspect-ratio-image: 2.22; \"\/><\/p>\n<p>        Avsl\u00f8rer: &#8211; Jeg gruer meg<\/p>\n<p>    <\/a><\/p>\n<p>&#8211; Jeg blir r\u00f8rt med en gang n\u00e5r vi tar det opp her n\u00e5. Det er det n\u00e6rv\u00e6ret n\u00e5r han er hjemme, og de to har et helt unikt b\u00e5nd. Det er veldig koselig, sier Elisabeth Ingebrigtsen (24) til <a href=\"https:\/\/www.nrk.no\/sport\/elisabeth-ingebrigtsen-blir-rort-til-tarer-av-jakob-ingebrigtsen_-_-har-hjelpt-veldig-a-fa-filippa-1.17623558\" rel=\"nofollow noopener\" target=\"_blank\">NRK<\/a>\u00a0om hvordan ektemannen h\u00e5ndterer farsrollen.\u00a0<\/p>\n<p>I dag har sesong to av dokumentarserien \u00abBorn to Run\u00bb premiere p\u00e5 Prime Video.\u00a0<\/p>\n<p>          <img loading=\"lazy\" decoding=\"async\" src=\"https:\/\/www.europesays.com\/no\/wp-content\/uploads\/2025\/10\/83758040.webp\" width=\"686\" height=\"508\" title=\"BR\u00d8DRE: Filip Ingebrigtsen, Astrid Mangen Ingebrigtsen, Henrik Ingebrigtsen, Liva B\u00f8rkja Ingebrigtsen , Elisabeth Asserson Ingebrigtsen og Jakob Ingebrigtsen i forbindelse med sesong to av \u00abBorn to Run\u00bb. Foto: Terje Pedersen \/ NTB\" alt=\"\" class=\"\" style=\"--aspect-ratio-image: 1.35; \"\/><\/p>\n<p>\n          BR\u00d8DRE: Filip Ingebrigtsen, Astrid Mangen Ingebrigtsen, Henrik Ingebrigtsen, Liva B\u00f8rkja Ingebrigtsen , Elisabeth Asserson Ingebrigtsen og Jakob Ingebrigtsen i forbindelse med sesong to av \u00abBorn to Run\u00bb. Foto: Terje Pedersen \/ NTB\n      <\/p>\n<p>Serien f\u00f8lger Jakob og resten av familien tett, og denne gangen st\u00e5r b\u00e5de den ferske farsrollen for datteren Filippa (1) og den <a href=\"https:\/\/www.seher.no\/kjendis\/na-er-det-snart-over\/83076296\" rel=\"nofollow noopener\" target=\"_blank\">mye omtalte rettssaken<\/a> mot faren Gjert Ingebrigtsen (59) sentralt.<\/p>\n<p>Den f\u00f8rste sesongen, som kom i fjor, viste br\u00f8drene Jakob, Henrik (34) og Filip (32) i oppladningen til OL i Paris, og ga et n\u00e6rt innblikk i hvordan familien h\u00e5ndterte livet etter at Gjert tr\u00e5dte ut av laget.\u00a0<\/p>\n<p>        INGEBRIGTSEN: En ny sesong av \u00abBorn to run\u00bb kommer, og her f\u00e5r man et innblikk i hvordan det var for br\u00f8drene Ingebrigtsen under rettssaken mot deres far. Video: Prime Video<\/p>\n<p>N\u00e5 retter kameraene seg mot tiden etter mesterskapet, hvor familien st\u00e5r i sentrum av medienes s\u00f8kelys under retssaken.\u00a0<\/p>\n<p class=\"font-weight-bold m-font-weight-bold\" data-lab-font_weight=\"font-weight-bold\">&#8211; M\u00e5let med TV-serien er \u00e5 vise et bilde av det vi gj\u00f8r. I \u00e5r har det v\u00e6rt preget av den saken p\u00e5 en helt annen m\u00e5te enn i fjor. Utgangspunktet er veldig likt som i fjor: Vi vil gi et innblikk i hvem vi er, hva vi st\u00e5r i, hva vi jobber med og livene vi lever, sa Jakob til <a href=\"https:\/\/www.vg.no\/sport\/i\/RzP16d\/ingebrigtsen-broedrene-aapner-om-rettssaken-kostet-ekstremt-mye\" rel=\"nofollow noopener\" target=\"_blank\">VG<\/a>\u00a0tidligere denne uken.\u00a0<\/p>\n<p>          <img loading=\"lazy\" decoding=\"async\" src=\"https:\/\/www.europesays.com\/no\/wp-content\/uploads\/2025\/10\/83411816.webp\" width=\"980\" height=\"559\" title=\"ST\u00d8TTESPILLER: Tone Ingebrigtsen har v\u00e6rt ved ektemannens side b\u00e5de p\u00e5 friidrettsbanen og i rettssalen. Her avbildet sammen med Gjert Ingebrigtsen under VM i Doha. Foto: Lise \u00c5serud \/ NTB\" alt=\"\" class=\"\" style=\"--aspect-ratio-image: 1.75; \"\/><\/p>\n<p>\n          ST\u00d8TTESPILLER: Tone Ingebrigtsen har v\u00e6rt ved ektemannens side b\u00e5de p\u00e5 friidrettsbanen og i rettssalen. Her avbildet sammen med Gjert Ingebrigtsen under VM i Doha. Foto: Lise \u00c5serud \/ NTB\n      <\/p>\n<p>Han legger ikke skjul p\u00e5 at rettssaken mot faren kaster lange skygger over \u00e5ret, men ogs\u00e5 at han vil beskytte de som st\u00e5r ham n\u00e6rmest.<\/p>\n<p>I et klipp fra serien ser man mamma Elisabeth med t\u00e5rer i \u00f8ynene n\u00e5r hun snakker om ektemannen som pappa.\u00a0<\/p>\n<p>Hun beskriver en mann som har endret seg etter at han ble far.\u00a0<\/p>\n<p>        SLOTTET, OSLO: Salen br\u00f8t ut i latter flere ganger da Hans Majestet Kong Harald V innledet sin tale under Stortingsmiddagen p\u00e5 Slottet torsdag 23. oktober. Video: TV 2<\/p>\n<p>&#8211; Det som gj\u00f8r meg mest stolt, har endret seg. F\u00f8r var det hvordan han klarte \u00e5 gj\u00f8re det han skal, uavhengig av hva som skjer rundt. Men det som gj\u00f8r meg mest stolt n\u00e5, tror jeg, er hvordan han er som far, sier hun i et klipp fra serien.\u00a0<\/p>\n<p>          <img loading=\"lazy\" decoding=\"async\" src=\"https:\/\/www.europesays.com\/no\/wp-content\/uploads\/2025\/10\/83593054.webp\" width=\"686\" height=\"460\" title=\"EKTEFOLK: Jakob Ingebrigtsen og Elisabeth Asserson Ingebrigtsen har v\u00e6rt kj\u00e6rester siden de var ten\u00e5ringer. De giftet seg i 2023. Foto: Beate Oma Dahle \/ NTB\" alt=\"\" class=\"\" style=\"--aspect-ratio-image: 1.49; \"\/><\/p>\n<p>\n          EKTEFOLK: Jakob Ingebrigtsen og Elisabeth Asserson Ingebrigtsen har v\u00e6rt kj\u00e6rester siden de var ten\u00e5ringer. De giftet seg i 2023. Foto: Beate Oma Dahle \/ NTB\n      <\/p>\n<p>Elisabeth forteller at Jakob b\u00e6rer med seg mye fra barndommen, og at det ikke alltid har v\u00e6rt enkelt for ham \u00e5 slippe folk inn.<\/p>\n<p>&#8211; Det er vanskelig \u00e5 stole p\u00e5 folk. Men det har hjulpet veldig \u00e5 f\u00e5 Filippa. Det at han, holdt jeg p\u00e5 \u00e5 si, kan motbevise at man blir s\u00e5nn som man har vokst opp selv, sier hun.<\/p>\n","protected":false},"excerpt":{"rendered":"Elisabeth Asserson Ingebrigtsen:\u00a0 Elisabeth Asserson Ingebrigtsen tar til t\u00e5rene om hvordan Jakob h\u00e5ndterer pappa-livet. FAR OG DATTER: Jakob&hellip;\n","protected":false},"author":2,"featured_media":69692,"comment_status":"","ping_status":"","sticky":false,"template":"","format":"standard","meta":{"footnotes":""},"categories":[59],"tags":[5729,422,479,2543,30,28,29,83,82],"class_list":{"0":"post-69691","1":"post","2":"type-post","3":"status-publish","4":"format-standard","5":"has-post-thumbnail","7":"category-sport","8":"tag-elisabeth-asserson-ingebrigtsen","9":"tag-jakob-ingebrigtsen","10":"tag-kjendis","11":"tag-kjendisdesken","12":"tag-no","13":"tag-norge","14":"tag-norway","15":"tag-sport","16":"tag-sports"},"share_on_mastodon":{"url":"https:\/\/pubeurope.com\/@no\/115434702939254375","error":""},"_links":{"self":[{"href":"https:\/\/www.europesays.com\/no\/wp-json\/wp\/v2\/posts\/69691","targetHints":{"allow":["GET"]}}],"collection":[{"href":"https:\/\/www.europesays.com\/no\/wp-json\/wp\/v2\/posts"}],"about":[{"href":"https:\/\/www.europesays.com\/no\/wp-json\/wp\/v2\/types\/post"}],"author":[{"embeddable":true,"href":"https:\/\/www.europesays.com\/no\/wp-json\/wp\/v2\/users\/2"}],"replies":[{"embeddable":true,"href":"https:\/\/www.europesays.com\/no\/wp-json\/wp\/v2\/comments?post=69691"}],"version-history":[{"count":0,"href":"https:\/\/www.europesays.com\/no\/wp-json\/wp\/v2\/posts\/69691\/revisions"}],"wp:featuredmedia":[{"embeddable":true,"href":"https:\/\/www.europesays.com\/no\/wp-json\/wp\/v2\/media\/69692"}],"wp:attachment":[{"href":"https:\/\/www.europesays.com\/no\/wp-json\/wp\/v2\/media?parent=69691"}],"wp:term":[{"taxonomy":"category","embeddable":true,"href":"https:\/\/www.europesays.com\/no\/wp-json\/wp\/v2\/categories?post=69691"},{"taxonomy":"post_tag","embeddable":true,"href":"https:\/\/www.europesays.com\/no\/wp-json\/wp\/v2\/tags?post=69691"}],"curies":[{"name":"wp","href":"https:\/\/api.w.org\/{rel}","templated":true}]}}