{"id":6999,"date":"2025-08-13T14:08:13","date_gmt":"2025-08-13T14:08:13","guid":{"rendered":"https:\/\/www.europesays.com\/no\/6999\/"},"modified":"2025-08-13T14:08:13","modified_gmt":"2025-08-13T14:08:13","slug":"sarpsborg-08-fotball-sondre-overgang-bekreftet-har-gjort-absolutt-alt-for-a-beholde-ham","status":"publish","type":"post","link":"https:\/\/www.europesays.com\/no\/6999\/","title":{"rendered":"Sarpsborg 08, Fotball | Sondre-overgang bekreftet: \u2013 Har gjort absolutt alt for \u00e5 beholde ham"},"content":{"rendered":"\n<p>Sarpsborg 08s andre gigantsalg p\u00e5 ett \u00e5r ble bekreftet av FC Twente onsdag.<\/p>\n<p>\u00d8rjas\u00e6ter reiste til Nederland mandag ettermiddag, og etter \u00e5 ha gjennomf\u00f8rt den medisinske testen signerte han en langtidskontrakt med klubben som sikret seg en sterk 6. plass i Eresdivisie forrige sesong.<\/p>\n<p>Dermed m\u00e5tte til slutt Sarpsborg 08 gi slipp p\u00e5 et av de st\u00f8rste talentene klubben har hatt noensinne. Sportssjef Hampus Andersson skulle gjerne beholdt juvelen minst en halv sesong til, slik at han kunne spilt cupfinalen mot Lillestr\u00f8m p\u00e5 Ullevaal stadion l\u00f8rdag 6. desember.<\/p>\n<p>Fikk bedre betingelser<\/p>\n<p>\u2013 Vi har gjort absolutt alt vi kan for \u00e5 beholde Sondre. Tidligere i \u00e5r forlenget vi kontrakten hans for \u00e5 gi ham bedre betingelser, og i sommer har vi hatt mange samtaler med ham om framtiden, men Sondre selv har hatt et veldig stort \u00f8nske om \u00e5 ta neste steg i karrieren. Da m\u00e5tte vi la ham g\u00e5 selv om det er en spiller vi verdsetter h\u00f8yt. Vi kom til et punkt der vi ikke kunne st\u00e5 imot lenger, og da har vi gjort alt vi kan for \u00e5 maksimere prisen, sier sportssjefen til Sarpsborg Arbeiderblad.<\/p>\n<p>Og legger til:<\/p>\n<p>\u2013 Jeg sitter igjen med en spesiell f\u00f8lelse etter dette salget. Egentlig burde hele klubben v\u00e6rt fryktelig stolte og glade, og feiret denne overgangen. Men vi har v\u00e6rt veldig tydelige p\u00e5 at vi ikke vil bli svakere sportslig, og dette salget vil gj\u00f8re oss litt d\u00e5rligere p\u00e5 kort sikt. Samtidig gir det oss muskler til \u00e5 styrke hele troppen. Dette er et enormt salg av Sarpsborg 08, men vi var ikke sugne p\u00e5 \u00e5 selge n\u00e5, sier Andersson.<\/p>\n<p>Nytt gigantsalg<\/p>\n<p>Etter det SA erfarer er det snakk om en totalramme p\u00e5 i underkant av 100 millioner kroner for Sarpsborg 08 hvis alle punkter i kontrakten innfris. Hele 70 millioner kroner skal utbetales med det samme, mens resten kommer i rater framover.<\/p>\n<p>\u2013 Jeg kan ikke kommentere summer, men jeg kan bekrefte at det er et av klubbens st\u00f8rste salg. Summen ligger omtrent der det har g\u00e5tt rykter om i media, sier sportssjefen.<\/p>\n<p>S08 fikk en totalpakke p\u00e5 over 100 millioner kroner da Henrik Meister ble solgt til Rennes i august i fjor.<\/p>\n<p>Andersson bekrefter at Sarpsborg 08 har sikret seg en god videresalgsklausul, noe som er ekstra viktig n\u00e5r spilleren g\u00e5r til en klubb der sportslig suksess kan medf\u00f8re at han blir solgt til en enda st\u00f8rre og bedre klubb senere.<\/p>\n<p>\u2013 B\u00e5de Sondre og vi har v\u00e6rt tydelige p\u00e5 hvilken klubb han skal velge. Sondre har v\u00e6rt opptatt av \u00e5 komme til en klubb som er mye lik Sarpsborg, mens vi har v\u00e6rt opptatt av \u00e5 finne en klubb der han kan ta et mellomsteg for \u00e5 utvikle seg f\u00f8r han tar steget til en storklubb. I Twente vil han f\u00e5 spilletid, trives og v\u00e6re seg selv, og da er jeg helt overbevist om at han vil lykkes. Da vil ogs\u00e5 vi tjene gode penger ved et videresalg i framtiden, sier sportssjefen.<\/p>\n<p>      Ny kantspiller<\/p>\n<p>\u2013 Hva gj\u00f8r dere med pengene fra salget?<\/p>\n<p>\u2013 Salget gir oss handlingsrom til \u00e5 styrke troppen. Vi \u00f8nsker \u00e5 hente spillere som gj\u00f8r laget v\u00e5rt bedre med en gang. Vi skal ha en ny venstre kantspiller som erstatter for Sondre. I tillegg vil vi sannsynligvis hente ytterligere en eller to spillere, sier han.<\/p>\n<p>Han bekrefter at klubben jakter spillere som kan utgj\u00f8re en forskjell.<\/p>\n<p>\u2013 Vi har mye talent i troppen fra f\u00f8r, og n\u00e5 skal vi ha spillere som gj\u00f8r oss bedre. Jeg h\u00e5per at en eller to spillere kommer til oss allerede denne uken, slik at de kan spille p\u00e5 s\u00f8ndag, sier han.<\/p>\n<p>Andersson \u00f8nsker ikke \u00e5 kommentere hvilke spillere de jobber med \u00e5 sikre seg.<\/p>\n<p>            Deadline Day i sommer<\/p>\n<p>Her er en oversikt over n\u00e5r overgangsvinduet \u00e5pner og stenger i noen av de st\u00f8rste ligaene.<\/p>\n<p>USA: 24. juli &#8211; 22. august<\/p>\n<p>Skottland: 12. juni &#8211; 30. august<\/p>\n<p>Sverige: 8. juli &#8211; 30. august<\/p>\n<p>England: 16. juni &#8211; 1. september<\/p>\n<p>Danmark: 16. juni &#8211; 1. september<\/p>\n<p>Nederland: 16. juni &#8211; 1. september<\/p>\n<p>Spania: 1. juli &#8211; 1. september<\/p>\n<p>Frankrike: 1. juli &#8211; 1. september<\/p>\n<p>Italia: 1. juli &#8211; 1. september<\/p>\n<p>Tyskland: 1. juli &#8211; 1. september<\/p>\n<p><b>Norge: 11. juli &#8211; 2. september<\/b><\/p>\n<p>Belgia: 15. juni &#8211; 6. september<\/p>\n<p>Tyrkia: 30. juni &#8211; 12. september<\/p>\n<p>Portugal: 1. juli &#8211; 15. september<\/p>\n<p>Kilde: Transfermarkt.com<\/p>\n<p>Sarpsborg 08 har ikke v\u00e6rt veldig aktive p\u00e5 overgangsmarkedet i sommer.<\/p>\n<p>\u2013 Folk m\u00e5 ha forst\u00e5else for at det er et veldig vanskelig marked for tiden. Vi har kun kj\u00f8pt Sondre S\u00f8rli (fra Bod\u00f8\/Glimt) og hentet Heine Brustad p\u00e5 l\u00e5n (San Diego) s\u00e5 langt i sommer, men det er ikke fordi vi ikke har pr\u00f8vd \u00e5 hente nye spillere. Vi har pr\u00f8vd hver eneste dag siden f\u00f8r overgangsvinduet \u00e5pnet, sier han.<\/p>\n<p>Og fortsetter:<\/p>\n<p>\u2013 Vi har lagt lista h\u00f8yt n\u00e5r vi skal styrke laget umiddelbart, men det er veldig vrient \u00e5 finne spillere som vi er sikre p\u00e5 vil heve laget med en gang. Gode spillere er blitt veldig dyre, og hvis de er s\u00e5 bra at de vil heve oss umiddelbart, er det flere klubber enn Sarpsborg som \u00f8nsker vedkommende. Det er et veldig vrient marked. Vi m\u00e5 ogs\u00e5 ta hensyn til v\u00e5r l\u00f8nnsstruktur, selv om vi tar sm\u00e5 steg p\u00e5 det hele veien, sier han.<\/p>\n<p>      \u2013 Ingen bank<\/p>\n<p>\u2013 Hva betyr et nytt gigantsalg som dette for Sarpsborg 08?<\/p>\n<p>\u2013 Det er god klubbdrift og bidrar til \u00e5 sikre klubbens eksistens i mange \u00e5r framover. N\u00e5 er det min jobb, sammen med mange andre i klubben, \u00e5 klare og utnytte dette til \u00e5 f\u00e5 enda bedre sportslige resultater framover. Vi er ingen bank. Vi jobber i en fotballklubb, og \u00e5 selge spillere skal bidra til \u00e5 gj\u00f8re klubben og laget bedre. Vi har hele tiden v\u00e6rt tydelige p\u00e5 at vi \u00f8nsker \u00e5 styrke laget i sommer, og det er fortsatt m\u00e5let v\u00e5rt, sier Andersson til Sarpsborg Arbeiderblad.<\/p>\n<p>   <img decoding=\"async\" width=\"4500\" height=\"3000\" fetchpriority=\"low\"  loading=\"lazy\"  src=\"https:\/\/www.europesays.com\/no\/wp-content\/uploads\/2025\/08\/TAN_2887_lr.JPG\" alt=\"\" class=\"brick-c-cFOWSL\" style=\"--brick-image-ratio: 4500 \/ 3000;\"\/><\/p>\n<p>    Sondre \u00d8rjas\u00e6ter har driblet sin siste forsvarsspiller i norsk eliteserie p\u00e5 en stund.<br \/>\n    Foto: Thomas Andersen\n  <\/p>\n<p>\u00d8rjas\u00e6ter er p\u00e5 plass i Nederland og f\u00f8ler seg klar for et nytt eventyr i sin karriere.<\/p>\n<p>\u2013 Det f\u00f8les bra \u00e5 v\u00e6re her. Jeg har allerede f\u00e5tt mange gode inntrykk av FC Twente. Jeg hadde h\u00f8rt mye om klubben og supporterne p\u00e5 forh\u00e5nd. Jeg gleder meg til \u00e5 spille her p\u00e5 dette fantastiske stadionet foran s\u00e5 mange supportere i en slik atmosf\u00e6re. Dette er ogs\u00e5 en stor overgang for meg, det f\u00f8rste steget i karrieren min i utlandet. N\u00e5r du f\u00e5r en mulighet som denne, og timingen og klubben er riktig, m\u00e5 du gripe den og satse, sier \u00d8rjas\u00e6ter til FC Twentes hjemmeside.<\/p>\n<p>  <a href=\"https:\/\/www.sa.no\/5-46-1867297\" class=\"related-teaser has-image default-story-teaser article--c-eRUmMG article--c-eRUmMG-jKCPdD-design-default\" rel=\"nofollow noopener\" target=\"_blank\"><\/p>\n<p>    <img decoding=\"async\" loading=\"lazy\"  src=\"https:\/\/www.europesays.com\/no\/wp-content\/uploads\/2025\/08\/1755094092_872_GREGERSEN.jpeg\" alt=\"\" class=\"brick-c-cFOWSL\" style=\"\"\/><\/p>\n<p>\n            Les ogs\u00e5<\/p>\n<p>              L\u00e5ner ut midtbanespiller til eliteseriekonkurrent\n        <\/p>\n<p>  <\/a><\/p>\n<p>  <a href=\"https:\/\/www.sa.no\/5-46-1866840\" class=\"related-teaser has-image default-story-teaser article--c-eRUmMG article--c-eRUmMG-jKCPdD-design-default\" rel=\"nofollow noopener\" target=\"_blank\"><\/p>\n<p>    <img decoding=\"async\" loading=\"lazy\"  src=\"https:\/\/www.europesays.com\/no\/wp-content\/uploads\/2025\/08\/1755094092_859_TAN_3165_lr.JPG\" alt=\"\" class=\"brick-c-cFOWSL\" style=\"\"\/><\/p>\n<p>\n            Les ogs\u00e5<\/p>\n<p>              \u00d8rjas\u00e6ter presenteres som Twente-spiller tirsdag\n        <\/p>\n<p>  <\/a><\/p>\n<p>  <a href=\"https:\/\/www.sa.no\/5-46-1866799\" class=\"related-teaser has-image default-story-teaser article--c-eRUmMG article--c-eRUmMG-jKCPdD-design-default\" rel=\"nofollow noopener\" target=\"_blank\"><\/p>\n<p>    <img decoding=\"async\" loading=\"lazy\"  src=\"https:\/\/www.europesays.com\/no\/wp-content\/uploads\/2025\/08\/Sondre+3.jpg\" alt=\"\" class=\"brick-c-cFOWSL\" style=\"\"\/><\/p>\n<p>\n            Les ogs\u00e5<\/p>\n<p>              Sarpsborg 08 bekrefter: \u2013 Enighet med ny klubb om \u00d8rjas\u00e6ter\n        <\/p>\n<p>  <\/a><\/p>\n","protected":false},"excerpt":{"rendered":"Sarpsborg 08s andre gigantsalg p\u00e5 ett \u00e5r ble bekreftet av FC Twente onsdag. \u00d8rjas\u00e6ter reiste til Nederland mandag&hellip;\n","protected":false},"author":2,"featured_media":7000,"comment_status":"","ping_status":"","sticky":false,"template":"","format":"standard","meta":{"footnotes":""},"categories":[59],"tags":[36,92,594,30,28,29,133,1464,83,82,1510],"class_list":{"0":"post-6999","1":"post","2":"type-post","3":"status-publish","4":"format-standard","5":"has-post-thumbnail","7":"category-sport","8":"tag-art","9":"tag-fotball","10":"tag-hampus-andersson","11":"tag-no","12":"tag-norge","13":"tag-norway","14":"tag-sarpsborg-08","15":"tag-sondre-orjasaeter","16":"tag-sport","17":"tag-sports","18":"tag-story"},"share_on_mastodon":{"url":"","error":""},"_links":{"self":[{"href":"https:\/\/www.europesays.com\/no\/wp-json\/wp\/v2\/posts\/6999","targetHints":{"allow":["GET"]}}],"collection":[{"href":"https:\/\/www.europesays.com\/no\/wp-json\/wp\/v2\/posts"}],"about":[{"href":"https:\/\/www.europesays.com\/no\/wp-json\/wp\/v2\/types\/post"}],"author":[{"embeddable":true,"href":"https:\/\/www.europesays.com\/no\/wp-json\/wp\/v2\/users\/2"}],"replies":[{"embeddable":true,"href":"https:\/\/www.europesays.com\/no\/wp-json\/wp\/v2\/comments?post=6999"}],"version-history":[{"count":0,"href":"https:\/\/www.europesays.com\/no\/wp-json\/wp\/v2\/posts\/6999\/revisions"}],"wp:featuredmedia":[{"embeddable":true,"href":"https:\/\/www.europesays.com\/no\/wp-json\/wp\/v2\/media\/7000"}],"wp:attachment":[{"href":"https:\/\/www.europesays.com\/no\/wp-json\/wp\/v2\/media?parent=6999"}],"wp:term":[{"taxonomy":"category","embeddable":true,"href":"https:\/\/www.europesays.com\/no\/wp-json\/wp\/v2\/categories?post=6999"},{"taxonomy":"post_tag","embeddable":true,"href":"https:\/\/www.europesays.com\/no\/wp-json\/wp\/v2\/tags?post=6999"}],"curies":[{"name":"wp","href":"https:\/\/api.w.org\/{rel}","templated":true}]}}