{"id":70007,"date":"2025-10-25T19:37:01","date_gmt":"2025-10-25T19:37:01","guid":{"rendered":"https:\/\/www.europesays.com\/no\/70007\/"},"modified":"2025-10-25T19:37:01","modified_gmt":"2025-10-25T19:37:01","slug":"kultur-steinkjer-avslorer-artistene-i-tv-sending-hos-tronder-avisa","status":"publish","type":"post","link":"https:\/\/www.europesays.com\/no\/70007\/","title":{"rendered":"Kultur, Steinkjer | Avsl\u00f8rer artistene i TV-sending hos Tr\u00f8nder-Avisa"},"content":{"rendered":"\n<p><b>STEINKJER<\/b>: I en egen sending m\u00f8ter festivalsjef Svein Bj\u00f8rge opp i Tr\u00f8nder-Avisas lokaler for \u00e5 avsl\u00f8re hvilke artister som kommer til Steinkjerfestivalen siste helg i juni neste sommer, fra 25. til 27. juni.<\/p>\n<p>\u2013 Like bra som jubileums\u00e5ret<\/p>\n<p>\u2013 Neste \u00e5rs artistrekke er n\u00e5 komplett, og 25 navn blir presentert p\u00e5 lanseringen, sier Bj\u00f8rge.<\/p>\n<p>Etter et heidundrende jubileums\u00e5r i \u00e5r, forteller han at det alltid vil v\u00e6re et vanskelig utgangspunkt \u00e5 f\u00f8lge opp, siden man har lagt en slik topp bak seg. Men det mener han \u00e5 ha lyktes med.<\/p>\n<p>\u2013 Vi har f\u00e5tt til et like bra program, synes jeg, selv med litt mindre midler. Jeg er veldig stolt av det som n\u00e5 skal presenteres for neste sommer, sier Bj\u00f8rge.<\/p>\n<p>Han lover at det som alltid blir en bra blanding; noen av de aller st\u00f8rste norske artistene kommer, mange i mellomsjiktet og i tillegg artister brorparten neppe har h\u00f8rt om f\u00f8r, men f\u00e5r muligheten til \u00e5 oppdage nettopp p\u00e5 Steinkjerfestivalen.<\/p>\n<p><b>SE SENDINGEN HER:<\/b><\/p>\n<p>  <a href=\"https:\/\/www.t-a.no\/5-116-2243330\" class=\"related-teaser has-image default-story-teaser article--c-eRUmMG article--c-eRUmMG-jKCPdD-design-default\" rel=\"nofollow noopener\" target=\"_blank\"><\/p>\n<p>    <img decoding=\"async\" loading=\"lazy\"  src=\"https:\/\/www.europesays.com\/no\/wp-content\/uploads\/2025\/10\/JAbj_rge-artistslipp03.jpg\" alt=\"\" class=\"brick-c-cFOWSL\" style=\"\"\/><\/p>\n<p>\n            Les ogs\u00e5<\/p>\n<p>              L\u00d8RDAG KL. 20.30: Se avsl\u00f8ringen av neste \u00e5rs artister\n        <\/p>\n<p>  <\/a><br \/>\n  Vil overraske<\/p>\n<p>\u2013 Det er s\u00e5nn Steinkjerfestivalen skal v\u00e6re. Og vi skal treffe folk fra 15 til 70 \u00e5r \u2013 det tror jeg vi gj\u00f8r ogs\u00e5 neste \u00e5r.<\/p>\n<p>Han bebuder dessuten overraskelser:<\/p>\n<p>\u2013 Det er et par artister som vil komme som store overraskelser, \u00e9n av dem med voldsom wow-faktor, og som noen neppe kunne forestilt seg her, sier han lurt.<\/p>\n<p>Sl\u00e6ppf\u00e6st<\/p>\n<p>Sendingen g\u00e5r ut p\u00e5 t-a.no l\u00f8rdag kveld klokken 20.30, og ledes av Tr\u00f8nder-Avisas journalist Gaute Ulvik Haugan. Denne skal ogs\u00e5 vises p\u00e5 storskjerm i Klubbscenen i samfunnshuset p\u00e5 festivalens egen \u00abSl\u00e6ppf\u00e6st\u00bb. Det skjer p\u00e5 samme oppskrift som i fjor: hit kommer Bingolandslaget med Festivalbingo f\u00f8r offentliggj\u00f8ringen, og deretter fortsetter festkvelden n\u00e5r Sjuende Far i Huset g\u00e5r p\u00e5 scenen.<\/p>\n","protected":false},"excerpt":{"rendered":"STEINKJER: I en egen sending m\u00f8ter festivalsjef Svein Bj\u00f8rge opp i Tr\u00f8nder-Avisas lokaler for \u00e5 avsl\u00f8re hvilke artister&hellip;\n","protected":false},"author":2,"featured_media":70008,"comment_status":"","ping_status":"","sticky":false,"template":"","format":"standard","meta":{"footnotes":""},"categories":[58],"tags":[36,71,410,30,28,29,984,9835,1510,72],"class_list":{"0":"post-70007","1":"post","2":"type-post","3":"status-publish","4":"format-standard","5":"has-post-thumbnail","7":"category-underholdning","8":"tag-art","9":"tag-entertainment","10":"tag-kultur","11":"tag-no","12":"tag-norge","13":"tag-norway","14":"tag-steinkjer","15":"tag-steinkjerfestivalen","16":"tag-story","17":"tag-underholdning"},"share_on_mastodon":{"url":"","error":""},"_links":{"self":[{"href":"https:\/\/www.europesays.com\/no\/wp-json\/wp\/v2\/posts\/70007","targetHints":{"allow":["GET"]}}],"collection":[{"href":"https:\/\/www.europesays.com\/no\/wp-json\/wp\/v2\/posts"}],"about":[{"href":"https:\/\/www.europesays.com\/no\/wp-json\/wp\/v2\/types\/post"}],"author":[{"embeddable":true,"href":"https:\/\/www.europesays.com\/no\/wp-json\/wp\/v2\/users\/2"}],"replies":[{"embeddable":true,"href":"https:\/\/www.europesays.com\/no\/wp-json\/wp\/v2\/comments?post=70007"}],"version-history":[{"count":0,"href":"https:\/\/www.europesays.com\/no\/wp-json\/wp\/v2\/posts\/70007\/revisions"}],"wp:featuredmedia":[{"embeddable":true,"href":"https:\/\/www.europesays.com\/no\/wp-json\/wp\/v2\/media\/70008"}],"wp:attachment":[{"href":"https:\/\/www.europesays.com\/no\/wp-json\/wp\/v2\/media?parent=70007"}],"wp:term":[{"taxonomy":"category","embeddable":true,"href":"https:\/\/www.europesays.com\/no\/wp-json\/wp\/v2\/categories?post=70007"},{"taxonomy":"post_tag","embeddable":true,"href":"https:\/\/www.europesays.com\/no\/wp-json\/wp\/v2\/tags?post=70007"}],"curies":[{"name":"wp","href":"https:\/\/api.w.org\/{rel}","templated":true}]}}