{"id":70124,"date":"2025-10-25T22:32:40","date_gmt":"2025-10-25T22:32:40","guid":{"rendered":"https:\/\/www.europesays.com\/no\/70124\/"},"modified":"2025-10-25T22:32:40","modified_gmt":"2025-10-25T22:32:40","slug":"ekspert-om-haaland-den-dodeligste-avslutteren-i-sin-generasjon","status":"publish","type":"post","link":"https:\/\/www.europesays.com\/no\/70124\/","title":{"rendered":"Ekspert om Haaland: \u2013 Den d\u00f8deligste avslutteren i sin generasjon"},"content":{"rendered":"<p> Tidligere Liverpool-spiller Carragher, n\u00e5 en av Storbritannias mest profilerte fotballeksperter, har <a href=\"https:\/\/www.telegraph.co.uk\/football\/2025\/10\/24\/erling-haaland-the-most-lethal-finisher-of-this-generation\/\" rel=\"noopener nofollow\" target=\"_blank\">viet sin faste l\u00f8rdagsspalte i The Telegraph<\/a> til en Haaland-hyllest av helt sjeldent kaliber.<\/p>\n<p>\u00abHan er den mest d\u00f8delige avslutteren i sin generasjon, og det er derfor han allerede er verdig sammenligning med tidligere legender\u00bb, skriver Carragher.<\/p>\n<p>Legenden peker p\u00e5 at Haaland fortsatt har langt igjen til Premier League-rekorden til legendariske Alan Shearer i antall scorede m\u00e5l (260). Nordmannen st\u00e5r n\u00e5 med 96 fulltreffere.<\/p>\n<p>Likevel mener Carragher at sammenligningen med legender som Shearer, Harry Kane, Ian Rush, Thierry Henry, Sergio Ag\u00fcero og Jimmy Greaves er relevant.<\/p>\n<p>\u00abHaaland er allerede i Rush- og Henry-kategorien n\u00e5r det gjelder m\u00e5lproduksjon p\u00e5 grunn av tittelsamlingen han har, som garantert vil bli st\u00f8rre\u00bb, skriver Carragher.<\/p>\n<p>Han peker p\u00e5 mange spisser, som Harry Kane, har levert enorme scoringstall uten at det har resultert i titler. Det samme er ikke tilfellet for Haaland.<\/p>\n<p>\u00abGuardiola kalte en gang Tottenham \u00abHarry Kane-laget\u00bb. Hvis City vinner tittelen denne sesongen, vil han kanskje se ironien i at hans eget lag vil bli husket som Erling Haalands lag\u00bb, skriver Carragher.<\/p>\n<p>Avslutningsvis gj\u00f8r han ogs\u00e5 et poeng av at Haaland er i ferd med \u00e5 skyte Norge til et etterlengtet VM-sluttspill i USA, Canada og Mexico neste sommer.<\/p>\n<p>\u00abDe (Norge) vil v\u00e6re et lag man b\u00f8r unng\u00e5 \u00e5 m\u00f8te i USA p\u00e5 grunn av spissen de har\u00bb, skriver Carragher.<\/p>\n<p>Manchester City m\u00f8ter Aston Villa p\u00e5 bortebane s\u00f8ndag.<\/p>\n","protected":false},"excerpt":{"rendered":"Tidligere Liverpool-spiller Carragher, n\u00e5 en av Storbritannias mest profilerte fotballeksperter, har viet sin faste l\u00f8rdagsspalte i The Telegraph&hellip;\n","protected":false},"author":2,"featured_media":70125,"comment_status":"","ping_status":"","sticky":false,"template":"","format":"standard","meta":{"footnotes":""},"categories":[59],"tags":[967,30,28,29,83,82],"class_list":{"0":"post-70124","1":"post","2":"type-post","3":"status-publish","4":"format-standard","5":"has-post-thumbnail","7":"category-sport","8":"tag-artikler-fra-ntb","9":"tag-no","10":"tag-norge","11":"tag-norway","12":"tag-sport","13":"tag-sports"},"share_on_mastodon":{"url":"https:\/\/pubeurope.com\/@no\/115437184160061349","error":""},"_links":{"self":[{"href":"https:\/\/www.europesays.com\/no\/wp-json\/wp\/v2\/posts\/70124","targetHints":{"allow":["GET"]}}],"collection":[{"href":"https:\/\/www.europesays.com\/no\/wp-json\/wp\/v2\/posts"}],"about":[{"href":"https:\/\/www.europesays.com\/no\/wp-json\/wp\/v2\/types\/post"}],"author":[{"embeddable":true,"href":"https:\/\/www.europesays.com\/no\/wp-json\/wp\/v2\/users\/2"}],"replies":[{"embeddable":true,"href":"https:\/\/www.europesays.com\/no\/wp-json\/wp\/v2\/comments?post=70124"}],"version-history":[{"count":0,"href":"https:\/\/www.europesays.com\/no\/wp-json\/wp\/v2\/posts\/70124\/revisions"}],"wp:featuredmedia":[{"embeddable":true,"href":"https:\/\/www.europesays.com\/no\/wp-json\/wp\/v2\/media\/70125"}],"wp:attachment":[{"href":"https:\/\/www.europesays.com\/no\/wp-json\/wp\/v2\/media?parent=70124"}],"wp:term":[{"taxonomy":"category","embeddable":true,"href":"https:\/\/www.europesays.com\/no\/wp-json\/wp\/v2\/categories?post=70124"},{"taxonomy":"post_tag","embeddable":true,"href":"https:\/\/www.europesays.com\/no\/wp-json\/wp\/v2\/tags?post=70124"}],"curies":[{"name":"wp","href":"https:\/\/api.w.org\/{rel}","templated":true}]}}