{"id":70215,"date":"2025-10-26T04:56:07","date_gmt":"2025-10-26T04:56:07","guid":{"rendered":"https:\/\/www.europesays.com\/no\/70215\/"},"modified":"2025-10-26T04:56:07","modified_gmt":"2025-10-26T04:56:07","slug":"senja-kommune-forbereder-seg-pa-krise-det-sikkerhetspolitiske-alvoret-har-okt-folkebladet-no","status":"publish","type":"post","link":"https:\/\/www.europesays.com\/no\/70215\/","title":{"rendered":"(+) Senja kommune forbereder seg p\u00e5 krise: \u2013 Det sikkerhetspolitiske alvoret har \u00f8kt &#8211; folkebladet.no"},"content":{"rendered":"<ol>\n<li><a href=\"https:\/\/news.google.com\/rss\/articles\/CBMiwAFBVV95cUxOR2RNWWJfZldCMUVzcUpfV3Z6ZVE1TmwxdmJ0bDVEbkRmQjJ2a1lMVFlUdzI3TWJlNzlWWXdpSnZoektsMVliNDVjR1NXSEdva21yXzRJdkVlWkpUelFsdU1ZYlV4SmZTanJTRXIxaXpGaUhMQ1VrampsZE92YndWaUsxT1dES19IVTRUNGtnMm5pWm9BVHk5bUIwemNVU1NNZkV3MlY1NWhETWtTMjVFaTNnWHdjeURaVl94R1VBaks?oc=5\" target=\"_blank\" rel=\"nofollow noopener\">(+) Senja kommune forbereder seg p\u00e5 krise: \u2013 Det sikkerhetspolitiske alvoret har \u00f8kt<\/a>&nbsp;&nbsp;folkebladet.no<\/li>\n<li><a href=\"https:\/\/news.google.com\/rss\/articles\/CBMiggFBVV95cUxQZkpBTUo4NXNXVXVqX0gwdy1aOGZYWmdWWlVybFM4ZGgxVS0wR1Z6VGh5WGY2dG1RaXZUTzQwdlJ3VEx1ZXR1XzhHS25DOVozbU9SMUtHSUV5WndVZVB2NUhYMmJUSWYxWHJla1lTVFAwT3ltaTdObUlHOW4wb25XX2hB?oc=5\" target=\"_blank\" rel=\"nofollow noopener\">Nasjonalt kick-off i Molde p\u00e5 mandag<\/a>&nbsp;&nbsp;rbnett.no<\/li>\n<li><a href=\"https:\/\/news.google.com\/rss\/articles\/CBMiiAFBVV95cUxPYWtqYTVJdjIzdktPSm1oLThpam9GYWpxRDhsazNoOV8yaWFEZk93Yk9BczNrNllTVTIwcU9wemhmbW1vMDdJandUZlZKeG1IdmNOaXc0S2hWS3AyS0dSYVNKRE1ZR1FCaEJlcTZwbmNvSTdGVzZqLUZiOVpUWl9KVGFUOTZYNk1o?oc=5\" target=\"_blank\" rel=\"nofollow noopener\">\u2013 Kven kan du varme n\u00e5r straumen g\u00e5r?<\/a>&nbsp;&nbsp;fjordingen.no<\/li>\n<li><a href=\"https:\/\/news.google.com\/rss\/articles\/CBMigwFBVV95cUxPd0MzeEx0MG05NVlQVlFrbHBJQW5tOHNoTENoQ1VSekpFVENwd2dsSmlkeUhiYmlEQmdWMjl2Rkd2cjVsWGZZckl1Mm9laGRKdDlMWmxRcWlSRnNzS1E1dXA0MlZ0dGJrRTg0bWQxMFprRWJRS3hMbmJvNkRlNktRcFE4WQ?oc=5\" target=\"_blank\" rel=\"nofollow noopener\">Hvem kan du varme n\u00e5r str\u00f8mmen g\u00e5r?<\/a>&nbsp;&nbsp;avisa-st.no<\/li>\n<li><a href=\"https:\/\/news.google.com\/rss\/articles\/CBMijAFBVV95cUxNbkpsMlN5MXZUeVdjeUd0UUc5S2hKeG1PRWt3OURqN1djUWE0RzhVUENFc045dmVDUnZESnZHN2xCeXRja0lERFBEUUczb2FiR1E5aWJrajItdmsyd2FpU0tncHZYWGMta21wOFdkZ19ySmRhSmIwSTIyVjFRNmdjNXpIUEFMdldrSGZ0NQ?oc=5\" target=\"_blank\" rel=\"nofollow noopener\">Statsforvaltaren | N\u00e5r krisa treff \u2013 kven hjelper deg, og kven hjelper du?<\/a>&nbsp;&nbsp;Tidens Krav<\/li>\n<\/ol>\n","protected":false},"excerpt":{"rendered":"(+) Senja kommune forbereder seg p\u00e5 krise: \u2013 Det sikkerhetspolitiske alvoret har \u00f8kt&nbsp;&nbsp;folkebladet.no Nasjonalt kick-off i Molde p\u00e5&hellip;\n","protected":false},"author":2,"featured_media":70216,"comment_status":"","ping_status":"","sticky":false,"template":"","format":"standard","meta":{"footnotes":""},"categories":[10],"tags":[3851,20,21,2170,2622,9855,7933,24,25,3043,15,7245,22,23,13,30,28,29,14,16,2169,9856,1219,9857,4192,26,27],"class_list":{"0":"post-70215","1":"post","2":"type-post","3":"status-publish","4":"format-standard","5":"has-post-thumbnail","7":"category-norge","8":"tag-beredskap","9":"tag-breaking-news","10":"tag-breakingnews","11":"tag-direktoratet-for-samfunnssikkerhet-og-beredskap","12":"tag-drikkevann","13":"tag-egenberedskap","14":"tag-ekstremvaer","15":"tag-featured-news","16":"tag-featurednews","17":"tag-finnsnes","18":"tag-headlines","19":"tag-krise","20":"tag-latest-news","21":"tag-latestnews","22":"tag-news","23":"tag-no","24":"tag-norge","25":"tag-norway","26":"tag-nyheter","27":"tag-overskrifter","28":"tag-samfunnssikkerhet","29":"tag-senja-kommune","30":"tag-sikkerhet","31":"tag-sivilforsvaret","32":"tag-tilfluktsrom","33":"tag-top-stories","34":"tag-topstories"},"share_on_mastodon":{"url":"https:\/\/pubeurope.com\/@no\/115438694079311298","error":""},"_links":{"self":[{"href":"https:\/\/www.europesays.com\/no\/wp-json\/wp\/v2\/posts\/70215","targetHints":{"allow":["GET"]}}],"collection":[{"href":"https:\/\/www.europesays.com\/no\/wp-json\/wp\/v2\/posts"}],"about":[{"href":"https:\/\/www.europesays.com\/no\/wp-json\/wp\/v2\/types\/post"}],"author":[{"embeddable":true,"href":"https:\/\/www.europesays.com\/no\/wp-json\/wp\/v2\/users\/2"}],"replies":[{"embeddable":true,"href":"https:\/\/www.europesays.com\/no\/wp-json\/wp\/v2\/comments?post=70215"}],"version-history":[{"count":0,"href":"https:\/\/www.europesays.com\/no\/wp-json\/wp\/v2\/posts\/70215\/revisions"}],"wp:featuredmedia":[{"embeddable":true,"href":"https:\/\/www.europesays.com\/no\/wp-json\/wp\/v2\/media\/70216"}],"wp:attachment":[{"href":"https:\/\/www.europesays.com\/no\/wp-json\/wp\/v2\/media?parent=70215"}],"wp:term":[{"taxonomy":"category","embeddable":true,"href":"https:\/\/www.europesays.com\/no\/wp-json\/wp\/v2\/categories?post=70215"},{"taxonomy":"post_tag","embeddable":true,"href":"https:\/\/www.europesays.com\/no\/wp-json\/wp\/v2\/tags?post=70215"}],"curies":[{"name":"wp","href":"https:\/\/api.w.org\/{rel}","templated":true}]}}