{"id":70220,"date":"2025-10-26T05:31:10","date_gmt":"2025-10-26T05:31:10","guid":{"rendered":"https:\/\/www.europesays.com\/no\/70220\/"},"modified":"2025-10-26T05:31:10","modified_gmt":"2025-10-26T05:31:10","slug":"erna-solberg-om-jens-stoltenberg-ikke-en-deltidsjobb","status":"publish","type":"post","link":"https:\/\/www.europesays.com\/no\/70220\/","title":{"rendered":"Erna Solberg om Jens Stoltenberg: \u2013 Ikke en deltidsjobb"},"content":{"rendered":"\n<p class=\"_lead_o9xde_2 _lead_xtcu6_50 layout-component text-serif-m layout-normal text-serif-l layout-component layout-wide layout-padded _wide_17hqh_1 layout-padded\">Erna Solberg fillerister finansminister og forfatter Jens Stoltenberg \u2013 og statsministeren i samme slengen.<\/p>\n<p><img alt=\" Foto: H\u00e5kon Mosvold Larsen \/ NTB\" class=\"_image_qp4xg_65 layout-component layout-wide\" data-fullscreen- data-track-element-type=\"Article image fullscreen\" data-track-name=\"ImageFullscreen\" fetchpriority=\"high\" decoding=\"sync\" loading=\"eager\" height=\"3471\" itemprop=\"image\"  src=\"https:\/\/www.europesays.com\/no\/wp-content\/uploads\/2025\/10\/16bbb3b9-8273-4111-a8b5-9fde67af3cae\"  style=\"object-position:0% 0%\" width=\"5207\"\/> Foto: H\u00e5kon Mosvold Larsen \/ NTB<\/p>\n<ul aria-hidden=\"true\" class=\"_images_18f0k_111\">\n<li><a class=\"_link_18f0k_116\" href=\"https:\/\/www.vg.no\/forfatter\/bjoern-haugan\" style=\"z-index:1\" title=\"Bj\u00f8rn Haugan\" rel=\"nofollow noopener\" target=\"_blank\"><img alt=\"Bilde av Bj\u00f8rn Haugan\" class=\"_image_18f0k_93\" fetchpriority=\"low\" loading=\"lazy\" decoding=\"async\" itemprop=\"image\"  src=\"https:\/\/www.europesays.com\/no\/wp-content\/uploads\/2025\/10\/1761456669_455_6e157728-9e48-4dce-80f0-802581687058\"  width=\"480\"\/><\/a><\/li>\n<\/ul>\n<p> Oppdatert s\u00f8ndag 26. oktober kl. 06:12    <\/p>\n<ul class=\"_list_o9xde_3 _list_64s2r_85 _unordered_o9xde_106 text-sans-m\">\n<li class=\"_item_o9xde_30\">Erna Solberg kritiserer finansminister Jens Stoltenberg for \u00e5 prioritere bokturn\u00e9 i Europa midt i budsjettstormen.<\/li>\n<li class=\"_item_o9xde_30\">Flere statsr\u00e5der og statsministeren har m\u00e5ttet forsvare seg mot anklager om l\u00f8ftebrudd.<\/li>\n<li class=\"_item_o9xde_30\">Solberg mener finansminister-rollen krever full tilstedev\u00e6relse og ansvar.<\/li>\n<li class=\"_item_o9xde_30\">Hun angriper ogs\u00e5 statsministeren.<\/li>\n<\/ul>\n<p>Vis mer <\/p>\n<p class=\"_paragraph_o9xde_4 _paragraph_xtcu6_10 layout-component text-serif-m layout-normal text-serif-m layout-padded\">Solberg raser mot Stoltenbergs bokturn\u00e9. Hun kaller det en oppsiktsvekkende prioritering.<\/p>\n<p class=\"_paragraph_o9xde_4 _paragraph_xtcu6_10 layout-component text-serif-m layout-normal text-serif-m layout-padded\">Stoltenberg har fors\u00f8kt \u00e5 forklare og f\u00e5 folk til \u00e5 forst\u00e5 at det var mulig \u00e5 v\u00e6re p\u00e5 turne i Europa for \u00e5 promotere sin nye bok, samtidig som det var storm her hjemme om statsbudsjettet han har lagt frem:<\/p>\n<p class=\"_paragraph_o9xde_4 _paragraph_xtcu6_10 layout-component text-serif-m layout-normal text-serif-m layout-padded\">En<a href=\"https:\/\/www.vg.no\/nyheter\/i\/73EbOw\/minister-etter-loeftebrudd-jeg-skammer-meg-ikke\" data-track-element-type=\"Link\" data-track-id=\"link:73EbOw\" class=\"_link_o9xde_39\" rel=\"nofollow noopener\" target=\"_blank\"> rekke statsr\u00e5der <\/a>og<a href=\"https:\/\/www.vg.no\/nyheter\/i\/3Ml489\/jonas-gahr-stoere-etter-loeftebrudd-vi-kan-ikke-staa-i-denne-situasjonen\" data-track-element-type=\"Link\" data-track-id=\"link:3Ml489\" class=\"_link_o9xde_39\" rel=\"nofollow noopener\" target=\"_blank\"> statsministeren selv <\/a>har m\u00e5ttet forsvare seg mot anklager om l\u00f8gn og l\u00f8ftebrudd knyttet til gratis ferger og kutt i studiel\u00e5n.<\/p>\n<p class=\"_paragraph_o9xde_4 _paragraph_xtcu6_10 layout-component text-serif-m layout-normal text-serif-m layout-padded\">Som <a href=\"https:\/\/www.vg.no\/nyheter\/i\/GyzMz4\/ap-ledelsen-i-nytt-moete-tause-paa-vei-inn\" data-track-element-type=\"Link\" data-track-id=\"link:GyzMz4\" class=\"_link_o9xde_39\" rel=\"nofollow noopener\" target=\"_blank\">regjeringen m\u00e5tte g\u00e5 tilbake p\u00e5<\/a>.<\/p>\n<p>Messe<\/p>\n<p class=\"_paragraph_o9xde_4 _paragraph_xtcu6_10 layout-component text-serif-m layout-normal text-serif-m layout-padded\">Det skjedde mens Stoltenberg hadde tatt seg ferie og reiste rundt i Nord-Europa p\u00e5 bokturn\u00e9:<\/p>\n<p class=\"_paragraph_o9xde_4 _paragraph_xtcu6_10 layout-component text-serif-m layout-normal text-serif-m layout-padded\">F\u00f8rst p\u00e5 bokmesse i Frankfurt i Tyskland, s\u00e5 til London og Stockholm, hvor han blant annet var gjest i TV-programmet til Fredrik Skavlan.<\/p>\n<p><img alt=\"Boksignering i Stockholm.  Foto: Magnus Hjalmarson Neideman \/ Svenska Dagbladet\" class=\"_image_qp4xg_65 layout-component layout-normal\" data-fullscreen- data-track-element-type=\"Article image fullscreen\" data-track-name=\"ImageFullscreen\" decoding=\"async\" loading=\"lazy\" height=\"2592\" itemprop=\"image\"  src=\"https:\/\/www.europesays.com\/no\/wp-content\/uploads\/2025\/10\/d6ffa24f-8493-4502-b385-1906fbe6b029\"  style=\"object-position:0% 0%\" width=\"3888\"\/>Boksignering i Stockholm.  Foto: Magnus Hjalmarson Neideman \/ Svenska Dagbladet<\/p>\n<p class=\"_paragraph_o9xde_4 _paragraph_xtcu6_10 layout-component text-serif-m layout-normal text-serif-m layout-padded\">Da VG torsdag skrev om et brev Stoltenberg har sendt til sin statsminister, hvor han forsikret at arbeidet med boken<a href=\"https:\/\/www.vg.no\/nyheter\/i\/yELl9a\/stoltenberg-avviser-at-bokturne-i-utlandet-har-paavirket-hans-rolle-som-finansminister\" data-track-element-type=\"Link\" data-track-id=\"link:yELl9a\" class=\"_link_o9xde_39\" rel=\"nofollow noopener\" target=\"_blank\"> ikke ville g\u00e5 ut over hans jobb<\/a> som finansminister, forsvarte Stoltenbergs statssekret\u00e6r Sissel Kruse Larsen sin sjef slik:<\/p>\n<p><img decoding=\"async\" alt=\"Bilde av \" class=\"_image_ygndg_42\" height=\"28\" itemprop=\"image\" loading=\"lazy\"  src=\"https:\/\/www.europesays.com\/no\/wp-content\/uploads\/2025\/10\/05ede9f6-2d62-4ff6-9649-ecaf6711d985\"  width=\"40\"\/><strong class=\"_name_ygndg_51 title-serif-xs\"\/><\/p>\n<p class=\"_paragraph_o9xde_4 text-sans-m _description_ygndg_56\">Kruse Larsen<\/p>\n<p class=\"_paragraph_o9xde_4 _paragraph_xtcu6_10 layout-component text-serif-m layout-normal text-serif-m layout-padded\">\u2013 Finansministeren har deltatt i regjeringens arbeid med statsbudsjettet siden fremleggelsen, ogs\u00e5 da han var p\u00e5 reise.<\/p>\n<p>\u2013 Oppsiktsvekkende<\/p>\n<p class=\"_paragraph_o9xde_4 _paragraph_xtcu6_10 layout-component text-serif-m layout-normal text-serif-m layout-padded\">Det f\u00e5r H\u00f8yre avtroppende partileder, <a href=\"https:\/\/www.vg.no\/tag\/erna-solberg?utm_source=vg-article&amp;utm_medium=auto-tagger&amp;utm_campaign=KMQado\" class=\"_link_o9xde_39\" rel=\"nofollow noopener\" target=\"_blank\">Erna Solberg<\/a>, til \u00e5 reagere \u2013 ganske kraftig.<\/p>\n<p class=\"_paragraph_o9xde_4 _paragraph_xtcu6_10 layout-component text-serif-m layout-normal text-serif-m layout-padded\">\u2013 For meg fremst\u00e5r det som en helt oppsiktsvekkende prioritering, at Jens Stoltenberg har v\u00e6rt i europeiske storbyer for \u00e5 bli bokbadet den siste uken, mens alle andre har m\u00e5ttet rydde i rotet hans her hjemme, sier hun.<\/p>\n<p class=\"_paragraph_o9xde_4 _paragraph_xtcu6_10 layout-component text-serif-m layout-normal text-serif-m layout-padded\">Det er ikke bare Stoltenberg hun angriper. Den tidligere statsministeren gir f\u00f8lgende klare melding til den sittende statsministeren:<\/p>\n<p><img alt=\"Foto: Ole Berg-Rusten \/ NTB\" class=\"_image_qp4xg_65 layout-component layout-normal\" data-fullscreen- data-track-element-type=\"Article image fullscreen\" data-track-name=\"ImageFullscreen\" decoding=\"async\" loading=\"lazy\" height=\"3692\" itemprop=\"image\"  src=\"https:\/\/www.europesays.com\/no\/wp-content\/uploads\/2025\/10\/92133411-3bf7-470d-ad7d-c91b8e1a9ee5\"  style=\"object-position:0% 0%\" width=\"5041\"\/>Foto: Ole Berg-Rusten \/ NTB<\/p>\n<p class=\"_paragraph_o9xde_4 _paragraph_xtcu6_10 layout-component text-serif-m layout-normal text-serif-m layout-padded\"><strong class=\"_strong_o9xde_25\">\u2013 Jeg ville ikke tolerert dette fra min finansminister, dersom jeg var statsminister, sier hun til VG.<\/strong><\/p>\n<p class=\"_paragraph_o9xde_4 _paragraph_xtcu6_10 layout-component text-serif-m layout-normal text-serif-m layout-padded\">Til slutt gj\u00f8r hun det klart overfor finansministeren at han ikke har en deltidsjobb:<\/p>\n<p class=\"_paragraph_o9xde_4 _paragraph_xtcu6_10 layout-component text-serif-m layout-normal text-serif-m layout-padded\">\u2013 N\u00e5r du sitter med ansvaret for landets \u00f8konomi, s\u00e5 kommer det med et s\u00e6rlig ansvar. Du m\u00e5 v\u00e6re til stede, forsvare politikken og besvare sp\u00f8rsm\u00e5l. \u00c5 v\u00e6re finansminister i Norge er ikke en deltidsjobb.<\/p>\n<p>\u2013 Det sa jeg ja til<\/p>\n<p class=\"_paragraph_o9xde_4 _paragraph_xtcu6_10 layout-component text-serif-m layout-normal text-serif-m layout-padded\">St\u00f8re gir en redegj\u00f8relse som svar:<\/p>\n<p class=\"_paragraph_o9xde_4 _paragraph_xtcu6_10 layout-component text-serif-m layout-normal text-serif-m layout-padded\">\u2013 Da jeg spurte Jens Stoltenberg om han ville bli finansminister tidlig i februar i \u00e5r, fortalte han at han hadde noen avtaler knyttet til at han skulle gi ut bok om sine ti \u00e5r i Nato. Det sa jeg ja til at han kunne gjennomf\u00f8re.<\/p>\n<p><img alt=\"Foto: Fredrik Solstad \/ VG\" class=\"_image_qp4xg_65 layout-component layout-normal\" data-fullscreen- data-track-element-type=\"Article image fullscreen\" data-track-name=\"ImageFullscreen\" decoding=\"async\" loading=\"lazy\" height=\"3806\" itemprop=\"image\"  src=\"https:\/\/www.europesays.com\/no\/wp-content\/uploads\/2025\/10\/0ce9359c-af4c-451e-9e5d-cb62836aef87\"  style=\"object-position:0% 0%\" width=\"4760\"\/>Foto: Fredrik Solstad \/ VG<\/p>\n<p class=\"_paragraph_o9xde_4 _paragraph_xtcu6_10 layout-component text-serif-m layout-normal text-serif-m layout-padded\">\u2013 Etter at han tiltr\u00e5dte, har han p\u00e5 en ryddig m\u00e5te s\u00f8kt og f\u00e5tt samtykke til \u00e5 lansere boken sin p\u00e5 fritiden.<\/p>\n<p class=\"_paragraph_o9xde_4 _paragraph_xtcu6_10 layout-component text-serif-m layout-normal text-serif-m layout-padded\">Han viser ogs\u00e5 til at finansministeren var i Stortinget for \u00e5 legge frem budsjettet 15. oktober og deltok i debatten om budsjettet etter fremleggelsen.<\/p>\n<p class=\"_paragraph_o9xde_4 _paragraph_xtcu6_10 layout-component text-serif-m layout-normal text-serif-m layout-padded\">\u2013 Budsjettet ligger n\u00e5 til behandling i Stortinget, og finansministeren leder arbeidet med budsjettforhandlingene fra regjeringens side.<\/p>\n<p>\u2013 Viktig jobb<\/p>\n<p class=\"_paragraph_o9xde_4 _paragraph_xtcu6_10 layout-component text-serif-m layout-normal text-serif-m layout-padded\">Han forsvarer forfatteren Stoltenberg slik:<\/p>\n<p class=\"_paragraph_o9xde_4 _paragraph_xtcu6_10 layout-component text-serif-m layout-normal text-serif-m layout-padded\">\u2013 Jens Stoltenberg har gjort en viktig jobb for Norge og v\u00e5re allierte i sin tid i Nato. Boken f\u00e5r frem dette, og jeg mener det er positivt at dette blir kjent ogs\u00e5 i andre land blant annet ved at Jens Stoltenberg har presentasjoner og deltar i debatter utenfor Norge der det er interesse for disse sp\u00f8rsm\u00e5lene.<\/p>\n<p class=\"_paragraph_o9xde_4 _paragraph_xtcu6_10 layout-component text-serif-m layout-normal text-serif-m layout-padded\">Stoltenberg gjentar svaret hans statssekret\u00e6r ga torsdag:<\/p>\n<p class=\"_paragraph_o9xde_4 _paragraph_xtcu6_10 layout-component text-serif-m layout-normal text-serif-m layout-padded\">\u2013 Jeg har deltatt i arbeidet med statsbudsjettet siden fremleggelsen, ogs\u00e5 da jeg var p\u00e5 reise.<\/p>\n","protected":false},"excerpt":{"rendered":"Erna Solberg fillerister finansminister og forfatter Jens Stoltenberg \u2013 og statsministeren i samme slengen. Foto: H\u00e5kon Mosvold Larsen&hellip;\n","protected":false},"author":2,"featured_media":70221,"comment_status":"","ping_status":"","sticky":false,"template":"","format":"standard","meta":{"footnotes":""},"categories":[10],"tags":[20,21,327,24,25,15,240,22,23,13,30,28,29,14,16,568,26,27],"class_list":{"0":"post-70220","1":"post","2":"type-post","3":"status-publish","4":"format-standard","5":"has-post-thumbnail","7":"category-norge","8":"tag-breaking-news","9":"tag-breakingnews","10":"tag-erna-solberg","11":"tag-featured-news","12":"tag-featurednews","13":"tag-headlines","14":"tag-jens-stoltenberg","15":"tag-latest-news","16":"tag-latestnews","17":"tag-news","18":"tag-no","19":"tag-norge","20":"tag-norway","21":"tag-nyheter","22":"tag-overskrifter","23":"tag-store-regjeringen","24":"tag-top-stories","25":"tag-topstories"},"share_on_mastodon":{"url":"https:\/\/pubeurope.com\/@no\/115438831880540894","error":""},"_links":{"self":[{"href":"https:\/\/www.europesays.com\/no\/wp-json\/wp\/v2\/posts\/70220","targetHints":{"allow":["GET"]}}],"collection":[{"href":"https:\/\/www.europesays.com\/no\/wp-json\/wp\/v2\/posts"}],"about":[{"href":"https:\/\/www.europesays.com\/no\/wp-json\/wp\/v2\/types\/post"}],"author":[{"embeddable":true,"href":"https:\/\/www.europesays.com\/no\/wp-json\/wp\/v2\/users\/2"}],"replies":[{"embeddable":true,"href":"https:\/\/www.europesays.com\/no\/wp-json\/wp\/v2\/comments?post=70220"}],"version-history":[{"count":0,"href":"https:\/\/www.europesays.com\/no\/wp-json\/wp\/v2\/posts\/70220\/revisions"}],"wp:featuredmedia":[{"embeddable":true,"href":"https:\/\/www.europesays.com\/no\/wp-json\/wp\/v2\/media\/70221"}],"wp:attachment":[{"href":"https:\/\/www.europesays.com\/no\/wp-json\/wp\/v2\/media?parent=70220"}],"wp:term":[{"taxonomy":"category","embeddable":true,"href":"https:\/\/www.europesays.com\/no\/wp-json\/wp\/v2\/categories?post=70220"},{"taxonomy":"post_tag","embeddable":true,"href":"https:\/\/www.europesays.com\/no\/wp-json\/wp\/v2\/tags?post=70220"}],"curies":[{"name":"wp","href":"https:\/\/api.w.org\/{rel}","templated":true}]}}