{"id":70234,"date":"2025-10-26T05:59:09","date_gmt":"2025-10-26T05:59:09","guid":{"rendered":"https:\/\/www.europesays.com\/no\/70234\/"},"modified":"2025-10-26T05:59:09","modified_gmt":"2025-10-26T05:59:09","slug":"nrk-har-glemt-a-stille-klokken","status":"publish","type":"post","link":"https:\/\/www.europesays.com\/no\/70234\/","title":{"rendered":"NRK har glemt \u00e5 stille klokken"},"content":{"rendered":"\n<p class=\"_lead_o9xde_2 _lead_xtcu6_50 layout-component text-serif-m layout-normal text-serif-l layout-component layout-wide layout-padded _wide_17hqh_1 layout-padded\">God morgen, da er klokken 07.35. Eller &#8230;?<\/p>\n<p><img alt=\"P\u00e5 selveste hovedkanalen til NRK er klokken s\u00f8ndag morgen \u00e9n time feil. \" class=\"_image_qp4xg_65 layout-component layout-wide\" data-fullscreen- data-track-element-type=\"Article image fullscreen\" data-track-name=\"ImageFullscreen\" fetchpriority=\"high\" decoding=\"sync\" loading=\"eager\" height=\"930\" itemprop=\"image\"  src=\"https:\/\/www.europesays.com\/no\/wp-content\/uploads\/2025\/10\/ffbd7bfd-8a5f-4574-9e6c-9ef40f4b3f43\"  style=\"object-position:0% 0%\" width=\"1651\"\/>P\u00e5 selveste hovedkanalen til NRK er klokken s\u00f8ndag morgen \u00e9n time feil. <\/p>\n<ul aria-hidden=\"true\" class=\"_images_18f0k_111\">\n<li><a class=\"_link_18f0k_116\" href=\"https:\/\/www.vg.no\/forfatter\/hege-varsi\" style=\"z-index:1\" title=\"Hege Varsi\" rel=\"nofollow noopener\" target=\"_blank\"><img alt=\"Bilde av Hege Varsi\" class=\"_image_18f0k_93\" fetchpriority=\"low\" loading=\"lazy\" decoding=\"async\" itemprop=\"image\"  src=\"https:\/\/www.europesays.com\/no\/wp-content\/uploads\/2025\/10\/1761458348_359_d48c09ee-ae08-4a71-8e5b-8db7c6b4f37d\"  width=\"480\"\/><\/a><\/li>\n<\/ul>\n<p> Oppdatert s\u00f8ndag 26. oktober kl. 06:58     <\/p>\n<p class=\"_paragraph_o9xde_4 _paragraph_xtcu6_10 layout-component text-serif-m layout-normal text-serif-m layout-padded\">Flere observante VG-lesere melder s\u00f8ndag morgen om at ikke alle har f\u00e5tt med seg at Norge i natt har g\u00e5tt over til vintertid, og alts\u00e5 har <a href=\"https:\/\/www.vg.no\/nyheter\/i\/LMv9d9\/vintertid-naa-skal-du-stille-klokka\" data-track-element-type=\"Link\" data-track-id=\"link:LMv9d9\" class=\"_link_o9xde_39\" rel=\"nofollow noopener\" target=\"_blank\">stilt klokken \u00e9n time tilbake<\/a>. <\/p>\n<p class=\"_paragraph_o9xde_4 _paragraph_xtcu6_10 layout-component text-serif-m layout-normal text-serif-m layout-padded\">Og jaggu, hos statskanalen er klokken fortsatt p\u00e5 sommertid p\u00e5 TV-skjermen &#8211; like over 07.30 der, alts\u00e5. <\/p>\n<p class=\"_paragraph_o9xde_4 _paragraph_xtcu6_10 layout-component text-serif-m layout-normal text-serif-m layout-padded\">Det kan v\u00e6re forvirrende \u00e5 huske p\u00e5 hvilken vei man skal stille klokken, men en huskeregel er at klokken alltid skrus mot \u00e5rets sommer.<\/p>\n<ul class=\"_list_o9xde_3 _list_xtcu6_9 _unordered_o9xde_106 layout-component text-serif-m layout-normal text-serif-m layout-padded\">\n<li class=\"_item_o9xde_30\">Om v\u00e5ren skrus klokken frem, mot sommeren.<\/li>\n<li class=\"_item_o9xde_30\">Om h\u00f8sten skrus den tilbake, ogs\u00e5 mot sommeren.<\/li>\n<\/ul>\n<p class=\"_paragraph_o9xde_4 _paragraph_xtcu6_10 layout-component text-serif-m layout-normal text-serif-m layout-padded\">Om noen, deriblant <a href=\"https:\/\/www.vg.no\/tag\/nrk?utm_source=vg-article&amp;utm_medium=auto-tagger&amp;utm_campaign=bm3oP3\" class=\"_link_o9xde_39\" rel=\"nofollow noopener\" target=\"_blank\">NRK<\/a>, fortsatt skulle v\u00e6re usikre p\u00e5 hvordan dette henger sammen, s\u00e5 tenk<\/p>\n<p class=\"_paragraph_o9xde_4 _paragraph_xtcu6_10 layout-component text-serif-m layout-normal text-serif-m layout-padded\"> <strong class=\"_strong_o9xde_25\">\u00abSpring forward, fall back\u00bb<\/strong><\/p>\n<p class=\"_paragraph_o9xde_4 _paragraph_xtcu6_10 layout-component text-serif-m layout-normal text-serif-m layout-padded\">Dette ordtaket er blitt veldig popul\u00e6rt i engelsktalende land. P\u00e5 v\u00e5ren, alts\u00e5 \u00abspring\u00bb, skal klokken frem. Og p\u00e5 h\u00f8sten, eller \u00abfall\u00bb, skal den tilbake.<\/p>\n<p class=\"_paragraph_o9xde_4 _paragraph_xtcu6_10 layout-component text-serif-m layout-normal text-serif-m layout-padded\"><a href=\"https:\/\/www.vg.no\/nyheter\/i\/XbABzo\/stille-klokka-naar-stilles-klokka-vintertid-og-sommertid\" data-track-element-type=\"Link\" data-track-id=\"link:XbABzo\" class=\"_link_o9xde_39\" rel=\"nofollow noopener\" target=\"_blank\">Neste gang vi stiler klokken<\/a>\u00a0blir natten mellom l\u00f8rdag 28 mars og s\u00f8ndag 29. mars 2026.<\/p>\n<p class=\"_paragraph_o9xde_4 _paragraph_xtcu6_10 layout-component text-serif-m layout-normal text-serif-m layout-padded\">VG hiver seg rundt for \u00e5 f\u00e5 en kommentar fra NRK, som viser seg \u00e5 bli vanskelig.<\/p>\n<p class=\"_paragraph_o9xde_4 _paragraph_xtcu6_10 layout-component text-serif-m layout-normal text-serif-m layout-padded\">Pressetelefonen er naturligvis stengt 06.30 p\u00e5 morgenen.<\/p>\n<p class=\"_paragraph_o9xde_4 _paragraph_xtcu6_10 layout-component text-serif-m layout-normal text-serif-m layout-padded\">En journalist i NRK som VG f\u00e5r tak i, sysler forst\u00e5elig nok med faktiske nyheter.<\/p>\n<p class=\"_paragraph_o9xde_4 _paragraph_xtcu6_10 layout-component text-serif-m layout-normal text-serif-m layout-padded\">Men han gir oss to hint om hvem som kanskje kan gi en forklaring p\u00e5 hva som har skjedd, og VG pr\u00f8ver dermed \u00e5 ringe \u00abHovedkontrollen\u00bb, som ikke vet hva som har skjedd, og \u00abMCR\u00bb som ikke er \u00e5 f\u00e5 tak i.<\/p>\n<p class=\"_paragraph_o9xde_4 _paragraph_xtcu6_10 layout-component text-serif-m layout-normal text-serif-m layout-padded\"><strong class=\"_strong_o9xde_25\">Men 06.49 tar det hele en ny vending: Klokka forsvinner.<\/strong><\/p>\n<p><img alt=\"Foto: Skjermbilde \/ NRK\" class=\"_image_qp4xg_65 layout-component layout-normal\" data-fullscreen- data-track-element-type=\"Article image fullscreen\" data-track-name=\"ImageFullscreen\" decoding=\"async\" loading=\"lazy\" height=\"857\" itemprop=\"image\"  src=\"https:\/\/www.europesays.com\/no\/wp-content\/uploads\/2025\/10\/9d1aaef4-71f3-4092-af89-1fb60f588cfd\"  style=\"object-position:0% 0%\" width=\"1532\"\/>Foto: Skjermbilde \/ NRK<\/p>\n<p class=\"_paragraph_o9xde_4 _paragraph_xtcu6_10 layout-component text-serif-m layout-normal text-serif-m layout-padded\">VG pr\u00f8ver \u00e5 ringe samme telefonnummer inn til NRK-desken som tidligere.<\/p>\n<p class=\"_paragraph_o9xde_4 _paragraph_xtcu6_10 layout-component text-serif-m layout-normal text-serif-m layout-padded\">\u2013 Hvis det faktisk skjer andre ting som skjer s\u00e5 h\u00e5per jeg du bare ligger p\u00e5, men: Klokka er jo n\u00e5 helt borte, kan du si noe som helst om hva som skjer?<\/p>\n<p class=\"_paragraph_o9xde_4 _paragraph_xtcu6_10 layout-component text-serif-m layout-normal text-serif-m layout-padded\">\u2013 Alts\u00e5, jeg er bare en journalist, akkurat som deg.<\/p>\n<p class=\"_paragraph_o9xde_4 _paragraph_xtcu6_10 layout-component text-serif-m layout-normal text-serif-m layout-padded\"><strong class=\"_strong_o9xde_25\">\u2013 Jeg aner ikke hva som har skjedd. <\/strong><\/p>\n","protected":false},"excerpt":{"rendered":"God morgen, da er klokken 07.35. Eller &#8230;? P\u00e5 selveste hovedkanalen til NRK er klokken s\u00f8ndag morgen \u00e9n&hellip;\n","protected":false},"author":2,"featured_media":70235,"comment_status":"","ping_status":"","sticky":false,"template":"","format":"standard","meta":{"footnotes":""},"categories":[10],"tags":[20,21,24,25,15,22,23,13,30,28,29,787,14,16,9725,26,27,9726],"class_list":{"0":"post-70234","1":"post","2":"type-post","3":"status-publish","4":"format-standard","5":"has-post-thumbnail","7":"category-norge","8":"tag-breaking-news","9":"tag-breakingnews","10":"tag-featured-news","11":"tag-featurednews","12":"tag-headlines","13":"tag-latest-news","14":"tag-latestnews","15":"tag-news","16":"tag-no","17":"tag-norge","18":"tag-norway","19":"tag-nrk","20":"tag-nyheter","21":"tag-overskrifter","22":"tag-sommertid","23":"tag-top-stories","24":"tag-topstories","25":"tag-vintertid"},"share_on_mastodon":{"url":"https:\/\/pubeurope.com\/@no\/115438942027001667","error":""},"_links":{"self":[{"href":"https:\/\/www.europesays.com\/no\/wp-json\/wp\/v2\/posts\/70234","targetHints":{"allow":["GET"]}}],"collection":[{"href":"https:\/\/www.europesays.com\/no\/wp-json\/wp\/v2\/posts"}],"about":[{"href":"https:\/\/www.europesays.com\/no\/wp-json\/wp\/v2\/types\/post"}],"author":[{"embeddable":true,"href":"https:\/\/www.europesays.com\/no\/wp-json\/wp\/v2\/users\/2"}],"replies":[{"embeddable":true,"href":"https:\/\/www.europesays.com\/no\/wp-json\/wp\/v2\/comments?post=70234"}],"version-history":[{"count":0,"href":"https:\/\/www.europesays.com\/no\/wp-json\/wp\/v2\/posts\/70234\/revisions"}],"wp:featuredmedia":[{"embeddable":true,"href":"https:\/\/www.europesays.com\/no\/wp-json\/wp\/v2\/media\/70235"}],"wp:attachment":[{"href":"https:\/\/www.europesays.com\/no\/wp-json\/wp\/v2\/media?parent=70234"}],"wp:term":[{"taxonomy":"category","embeddable":true,"href":"https:\/\/www.europesays.com\/no\/wp-json\/wp\/v2\/categories?post=70234"},{"taxonomy":"post_tag","embeddable":true,"href":"https:\/\/www.europesays.com\/no\/wp-json\/wp\/v2\/tags?post=70234"}],"curies":[{"name":"wp","href":"https:\/\/api.w.org\/{rel}","templated":true}]}}