{"id":70315,"date":"2025-10-26T09:04:07","date_gmt":"2025-10-26T09:04:07","guid":{"rendered":"https:\/\/www.europesays.com\/no\/70315\/"},"modified":"2025-10-26T09:04:07","modified_gmt":"2025-10-26T09:04:07","slug":"svenske-smadret-europarekorden-pa-halvmaraton-etter-superlop","status":"publish","type":"post","link":"https:\/\/www.europesays.com\/no\/70315\/","title":{"rendered":"Svenske smadret europarekorden p\u00e5 halvmaraton etter superl\u00f8p"},"content":{"rendered":"\n<p class=\"_paragraph_o9xde_4 _paragraph_xtcu6_10 layout-component text-serif-m layout-normal text-serif-m layout-padded\">Svenske Andreas Almgren l\u00f8p Valencia halvmaraton p\u00e5 imponerende 58 minutter og 41 sekunder. Det holdt til ny europeisk rekord p\u00e5 distansen. <\/p>\n<p class=\"_paragraph_o9xde_4 _paragraph_xtcu6_10 layout-component text-serif-m layout-normal text-serif-m layout-padded\">Rekorden var tidligere p\u00e5 59,13, satt av sveitsiske Julien Wanders fra 2019. I fjor var Almgren n\u00e6re \u00e5 ta rekorden i Barcelona, i hans debutl\u00f8p p\u00e5 distansen, men endte i m\u00e5l p\u00e5 59,23. <\/p>\n<p class=\"_paragraph_o9xde_4 _paragraph_xtcu6_10 layout-component text-serif-m layout-normal text-serif-m layout-padded\">Almgren l\u00f8p inn i m\u00e5l til fjerdeplass. Etiopiske Yomif Kejelcha vant med tiden 58.02. Kejelcha var tidligere innehaver av verdensrekorden p\u00e5 distansen, men den ble sl\u00e5tt i februar i \u00e5r av <a href=\"https:\/\/www.vg.no\/sport\/i\/B04kvG\/ugandisk-friidrettsstjerne-sjokkerte-med-vill-verdensrekord-paa-halvmaraton\" data-track-element-type=\"Link\" data-track-id=\"link:B04kvG\" class=\"_link_o9xde_39\" rel=\"nofollow noopener\" target=\"_blank\">Jacob Kiplimo med tiden 56 minutter og 41 sekunder under et gatel\u00f8p i Barcelona.<\/a><\/p>\n<p class=\"_paragraph_o9xde_4 _paragraph_xtcu6_10 layout-component text-serif-m layout-normal text-serif-m layout-padded\">F\u00f8r l\u00f8pet var Almgren tydelig p\u00e5 at han var revansjesugen p\u00e5 \u00e5 ta den europeiske rekorden. <\/p>\n<p class=\"_paragraph_o9xde_4 _paragraph_xtcu6_10 layout-component text-serif-m layout-normal text-serif-m layout-padded\">\u2013 Jeg vil ha en form for oppreisning i Valencia, sa han if\u00f8lge European Athletics. <\/p>\n<p class=\"_paragraph_o9xde_4 _paragraph_xtcu6_10 layout-component text-serif-m layout-normal text-serif-m layout-padded\">Den nye rekorden er den tredje rekorden Almgren har tatt etter en forrykende sesong. <\/p>\n<p class=\"_paragraph_o9xde_4 _paragraph_xtcu6_10 layout-component text-serif-m layout-normal text-serif-m layout-padded\">Tidligere i \u00e5r slo Almgren den europeiske rekorden p\u00e5 10 kilometer med tiden <strong class=\"_strong_o9xde_25\">26,53<\/strong>, ogs\u00e5 i Valencia, og tok ogs\u00e5 rekorden p\u00e5 5000 meter med <strong class=\"_strong_o9xde_25\">12.44,27<\/strong> i Stockholm i Diamond League.<\/p>\n","protected":false},"excerpt":{"rendered":"Svenske Andreas Almgren l\u00f8p Valencia halvmaraton p\u00e5 imponerende 58 minutter og 41 sekunder. Det holdt til ny europeisk&hellip;\n","protected":false},"author":2,"featured_media":70316,"comment_status":"","ping_status":"","sticky":false,"template":"","format":"standard","meta":{"footnotes":""},"categories":[59],"tags":[423,2706,30,28,29,83,82],"class_list":{"0":"post-70315","1":"post","2":"type-post","3":"status-publish","4":"format-standard","5":"has-post-thumbnail","7":"category-sport","8":"tag-friidrett","9":"tag-halvmaraton","10":"tag-no","11":"tag-norge","12":"tag-norway","13":"tag-sport","14":"tag-sports"},"share_on_mastodon":{"url":"https:\/\/pubeurope.com\/@no\/115439669942046904","error":""},"_links":{"self":[{"href":"https:\/\/www.europesays.com\/no\/wp-json\/wp\/v2\/posts\/70315","targetHints":{"allow":["GET"]}}],"collection":[{"href":"https:\/\/www.europesays.com\/no\/wp-json\/wp\/v2\/posts"}],"about":[{"href":"https:\/\/www.europesays.com\/no\/wp-json\/wp\/v2\/types\/post"}],"author":[{"embeddable":true,"href":"https:\/\/www.europesays.com\/no\/wp-json\/wp\/v2\/users\/2"}],"replies":[{"embeddable":true,"href":"https:\/\/www.europesays.com\/no\/wp-json\/wp\/v2\/comments?post=70315"}],"version-history":[{"count":0,"href":"https:\/\/www.europesays.com\/no\/wp-json\/wp\/v2\/posts\/70315\/revisions"}],"wp:featuredmedia":[{"embeddable":true,"href":"https:\/\/www.europesays.com\/no\/wp-json\/wp\/v2\/media\/70316"}],"wp:attachment":[{"href":"https:\/\/www.europesays.com\/no\/wp-json\/wp\/v2\/media?parent=70315"}],"wp:term":[{"taxonomy":"category","embeddable":true,"href":"https:\/\/www.europesays.com\/no\/wp-json\/wp\/v2\/categories?post=70315"},{"taxonomy":"post_tag","embeddable":true,"href":"https:\/\/www.europesays.com\/no\/wp-json\/wp\/v2\/tags?post=70315"}],"curies":[{"name":"wp","href":"https:\/\/api.w.org\/{rel}","templated":true}]}}