{"id":70328,"date":"2025-10-26T09:16:12","date_gmt":"2025-10-26T09:16:12","guid":{"rendered":"https:\/\/www.europesays.com\/no\/70328\/"},"modified":"2025-10-26T09:16:12","modified_gmt":"2025-10-26T09:16:12","slug":"vold-voldshendelse-ukjent-skadeomfang-etter-voldshendelse-pa-byen","status":"publish","type":"post","link":"https:\/\/www.europesays.com\/no\/70328\/","title":{"rendered":"Vold, Voldshendelse | Ukjent skadeomfang etter voldshendelse p\u00e5 byen"},"content":{"rendered":"\n<p>Politiet rykket natt til s\u00f8ndag ut til utsiden av et utested p\u00e5 Finnsnes etter melding flere voldshendelser. Det viste seg \u00e5 v\u00e6re to ulike tilfeller. <\/p>\n<p>I den ene er skadeomfanget for en mann ukjent, opplyser politiet. Han m\u00e5tte tas med av ambulanse etter \u00e5 ha blitt sl\u00e5tt ned utenfor utestedet. <\/p>\n<p>En person er mistenkt for \u00e5 ha st\u00e5tt bak voldshendelsen. Den skadde mannen ble tatt med til legevakta.<\/p>\n<p>I den andre hendelsen var det to menn som sl\u00e5ss. Begge anmeldes for ordensforstyrrelse. <\/p>\n<p>\u00abDet gjenst\u00e5r en god del etterforskning i sakene for \u00e5 f\u00e5 en oversikt over hvorfor hendelsene har oppst\u00e5tt.\u00bb, opplyser Troms politidistrikt. <\/p>\n<p>Br\u00e5k<\/p>\n<p>Det var ikke bare p\u00e5 Finnsnes politiet hadde mye \u00e5 gj\u00f8re natt til s\u00f8ndag. I Troms\u00f8 kom det like etter klokka 02.00 inn melding om et masseslagsm\u00e5l i sentrum. <\/p>\n<p>Politiet rykket ut med flere patruljer, men hendelsen viste seg \u00e5 v\u00e6re mindre alvorlig enn f\u00f8rst antatt. <\/p>\n<p>\u00abPolitiet har kontroll p\u00e5 to personer som har v\u00e6rt i konfrontasjon med hverandre. Meldingen innledningsvis var mer alvorlig enn det viste seg. Det har kun v\u00e6r verbal konfrontasjon. Det har v\u00e6rt mange personer til stede. Politiet har dimittert partene\u00bb, opplyser Troms politidistrikt. <\/p>\n<p>Tidligere p\u00e5 kvelden m\u00e5tte politiet i Troms\u00f8 ta h\u00e5nd om en beruset mann i 20-\u00e5rene. Han hadde da v\u00e6rt aggressiv og plaget gjester p\u00e5 et utested, if\u00f8lge en vekter. <\/p>\n<p>\u00abVektere hadde fors\u00f8kt \u00e5 f\u00e5 mannen til \u00e5 forlate utestedet. Mannen forulempet en tjenestemann i forbindelse med innbringelsen. Politiet oppretter sak p\u00e5 forholdet\u00bb, opplyser politiet. <\/p>\n<p>\u2013 Ut\u00f8vde vold mot politiet<\/p>\n<p>Tidligere p\u00e5 kvelden var politiet p\u00e5 Finnsnes p\u00e5 utrykning. De m\u00e5tte ta h\u00e5nd om en ung mann som hadde utagert p\u00e5 en fest. <\/p>\n<p>Han var ikke spesielt forn\u00f8yd med kontakten med politiet. <\/p>\n<p>\u00abI forbindelse med innbringelse ut\u00f8vde mannen vold mot politiet. Mannen blir anmeldt for ordensforstyrrelse, samt vold mot politiet\u00bb, melder Troms politidistrikt. <\/p>\n<p>Tidlig p\u00e5 morgenkvisten har politiet ogs\u00e5 h\u00e5ndtert en utforkj\u00f8ring i Kv\u00e6fjord. <\/p>\n<p>To personer er mistenkt for promillekj\u00f8ring, opplyser politiet. <\/p>\n","protected":false},"excerpt":{"rendered":"Politiet rykket natt til s\u00f8ndag ut til utsiden av et utested p\u00e5 Finnsnes etter melding flere voldshendelser. Det&hellip;\n","protected":false},"author":2,"featured_media":2176,"comment_status":"","ping_status":"","sticky":false,"template":"","format":"standard","meta":{"footnotes":""},"categories":[10],"tags":[36,20,21,9867,24,25,3043,15,22,23,13,30,28,29,14,16,1510,26,27,263,3119,493,1062],"class_list":{"0":"post-70328","1":"post","2":"type-post","3":"status-publish","4":"format-standard","5":"has-post-thumbnail","7":"category-norge","8":"tag-art","9":"tag-breaking-news","10":"tag-breakingnews","11":"tag-byen","12":"tag-featured-news","13":"tag-featurednews","14":"tag-finnsnes","15":"tag-headlines","16":"tag-latest-news","17":"tag-latestnews","18":"tag-news","19":"tag-no","20":"tag-norge","21":"tag-norway","22":"tag-nyheter","23":"tag-overskrifter","24":"tag-story","25":"tag-top-stories","26":"tag-topstories","27":"tag-tromso","28":"tag-uteliv","29":"tag-vold","30":"tag-voldshendelse"},"share_on_mastodon":{"url":"https:\/\/pubeurope.com\/@no\/115439716526577265","error":""},"_links":{"self":[{"href":"https:\/\/www.europesays.com\/no\/wp-json\/wp\/v2\/posts\/70328","targetHints":{"allow":["GET"]}}],"collection":[{"href":"https:\/\/www.europesays.com\/no\/wp-json\/wp\/v2\/posts"}],"about":[{"href":"https:\/\/www.europesays.com\/no\/wp-json\/wp\/v2\/types\/post"}],"author":[{"embeddable":true,"href":"https:\/\/www.europesays.com\/no\/wp-json\/wp\/v2\/users\/2"}],"replies":[{"embeddable":true,"href":"https:\/\/www.europesays.com\/no\/wp-json\/wp\/v2\/comments?post=70328"}],"version-history":[{"count":0,"href":"https:\/\/www.europesays.com\/no\/wp-json\/wp\/v2\/posts\/70328\/revisions"}],"wp:featuredmedia":[{"embeddable":true,"href":"https:\/\/www.europesays.com\/no\/wp-json\/wp\/v2\/media\/2176"}],"wp:attachment":[{"href":"https:\/\/www.europesays.com\/no\/wp-json\/wp\/v2\/media?parent=70328"}],"wp:term":[{"taxonomy":"category","embeddable":true,"href":"https:\/\/www.europesays.com\/no\/wp-json\/wp\/v2\/categories?post=70328"},{"taxonomy":"post_tag","embeddable":true,"href":"https:\/\/www.europesays.com\/no\/wp-json\/wp\/v2\/tags?post=70328"}],"curies":[{"name":"wp","href":"https:\/\/api.w.org\/{rel}","templated":true}]}}