{"id":70333,"date":"2025-10-26T09:20:16","date_gmt":"2025-10-26T09:20:16","guid":{"rendered":"https:\/\/www.europesays.com\/no\/70333\/"},"modified":"2025-10-26T09:20:16","modified_gmt":"2025-10-26T09:20:16","slug":"jeg-matte-ofre-omdommet-mitt","status":"publish","type":"post","link":"https:\/\/www.europesays.com\/no\/70333\/","title":{"rendered":"&#8211; Jeg m\u00e5tte ofre omd\u00f8mmet mitt"},"content":{"rendered":"<p>Fredag ettermiddag ble intervjuet med M\u00e4rtha Louise og Durek Verrett sluppet p\u00e5 SVT.<\/p>\n<p>I talkshowet \u00abCarina Bergfeldt\u00bb stiller ekteparet opp for \u00e5 \u00abfortelle sin historie\u00bb.\u00a0<\/p>\n<p>\u2013 Latterliggjort<\/p>\n<p>Allerede torsdag fikk norsk presse tilgang til deler av intervjuet, hvor de snakker om prinsessens eksmann, Ari Behns d\u00f8d, <a href=\"https:\/\/www.tv2.no\/video\/underholdning\/svarer-pa-kritkkken\/RnCocg7mlx-20311237\" target=\"_blank\" rel=\"nofollow noopener\">prinsessetittelen<\/a>, om \u00e5\u00a0<a href=\"https:\/\/www.tv2.no\/video\/nyheter\/snakker-ut-om-sykdommen\/1WjFTni1YM-20311125\" target=\"_blank\" rel=\"nofollow noopener\">leve med nyresvik<\/a>t, og\u00a0<a href=\"https:\/\/www.tv2.no\/video\/nyheter\/jeg-ante-ikke-hva-rasisme-var\/1WjFTni1YM-20311123\" target=\"_blank\" rel=\"nofollow noopener\">rasisme<\/a>.<\/p>\n<p>Paret f\u00e5r ogs\u00e5 sp\u00f8rsm\u00e5l fra programlederen om hva de har m\u00e5ttet ofre for kj\u00e6rligheten.\u00a0<\/p>\n<p>Verrett tar til ordet:<\/p>\n<p> \u2013 Mitt omd\u00f8mme. Jeg brukte mange \u00e5r p\u00e5 \u00e5 reise verden rundt, bygge et omd\u00f8mme blant veldig fremst\u00e5ende folk i samfunnet. S\u00e5 ble alt svertet, latterliggjort og vitset med av folk som bare vrir p\u00e5 alt jeg sier. <\/p>\n<p>M\u00e4rtha Louise deler at hun har m\u00e5ttet trappe ned sin offisielle rolle.<\/p>\n<p>\u2013 Jeg fokuserer p\u00e5 hva som er best for familien og slekten. Det er mitt fokus. Jeg driver min virksomhet.<\/p>\n<p>\u2013 Ikke noe nytt<\/p>\n<p>TV 2s kongehusekspert, Ole-J\u00f8rgen Schuldsrud-Hansen, har sett intervjuet og han er ikke overbegeistret.<\/p>\n<p>\u2013 Det var ikke noe nytt, men de skal ha for at de gj\u00f8r gode figurer, sier han til TV 2.<\/p>\n<p>\u2013 Selv om man p\u00e5 en m\u00e5te kan bli irritert over at prinsessen snakker til svensk presse n\u00e5r hun har sagt at hun ikke vil snakke med norsk.<\/p>\n<p>        <img class=\"image__img lazyload\" itemprop=\"image\" title=\"Foto: Ditlev Eidsmo \/ TV 2\" alt=\"TV 2S KONEHUSEKSPERT: Ole J\u00f8rgen Schulsrud-Hansen. Foto: Ditlev Eidsmo \/ TV 2\" width=\"978\" height=\"551\" bad-src=\"https:\/\/www.europesays.com\/no\/wp-content\/uploads\/2025\/10\/16529996.webp\" fetchpriority=\"auto\" \/><\/p>\n<p>      TV 2S KONEHUSEKSPERT: Ole J\u00f8rgen Schulsrud-Hansen.<br \/>\n         Foto: Ditlev Eidsmo \/ TV 2<\/p>\n<p>Kontroverser<\/p>\n<p>Det er f\u00f8rste gang ekteparet stiller til intervju siden den omstridte Netflix-dokumentaren \u00abRebel Royals: An Unlikely Love Story\u00bb ble sluppet tidligere i h\u00f8st.\u00a0<\/p>\n<p>Noe som skapte mye oppmerksomhet var at Verrett rettet <a href=\"https:\/\/www.tv2.no\/underholdning\/reagerer-sterkt-pa-dureks-uttalelser-om-kongeparet-dette-svarer-slottet\/18099987\/\" target=\"_blank\" rel=\"nofollow noopener\">rasisimeanklager mot det norske kongehuset.<\/a><\/p>\n<p>P\u00e5 SVT forteller Verrett at han f\u00f8ler seg misforst\u00e5tt av pressen, noe kongehusekspert Schulsrud-Hansen mener er vanskelig \u00e5 vri seg unna.\u00a0<\/p>\n<p>\u2013 Men samtidig tror jeg ogs\u00e5 det er viktig at vi i Norge f\u00e5r beskjed om underbevisst rasisme.\u00a0<\/p>\n<p>Schulsrud-Hansen tror selv at det finnes en del av det, og peker p\u00e5 kommentarfelt som ang\u00e5r Verrett.<\/p>\n<p>Noe som ogs\u00e5 har skapt furore fra dokumentaren, er at M\u00e4rtha Louises prinsessetittel ble brukt minst 34 ganger.<\/p>\n<p>        <img class=\"image__img lazyload\" itemprop=\"image\" title=\"Foto: Netflix\" alt=\"DOKUMENTAR: M\u00e4rtha Louises og Durek Verretts dokumentar skapte overskrifter verden over. Foto: Netflix\" width=\"978\" height=\"551\" bad-src=\"https:\/\/www.europesays.com\/no\/wp-content\/uploads\/2025\/10\/1761470415_865_18220165.webp\" fetchpriority=\"auto\" \/><\/p>\n<p>      DOKUMENTAR: M\u00e4rtha Louises og Durek Verretts dokumentar skapte overskrifter verden over.<br \/>\n         Foto: Netflix<\/p>\n<p>Tittelen ble som nevnt diskutert i intervjuet p\u00e5 SVT:<\/p>\n<p>\u2013 Det har v\u00e6rt s\u00e5 mange ganger hvor folk \u00f8nsker at jeg gir opp tittelen, og jeg h\u00f8rer dem og ser dem. Og jeg forst\u00e5r hvorfor de sier det de sier, men samtidig har jeg levd gjennom ganske mange av dem. Det er ogs\u00e5 viktig \u00e5 lytte til hva det faktisk er de sier, og det gj\u00f8r jeg. Jeg tar det inn, sier M\u00e4rtha Louise.<\/p>\n","protected":false},"excerpt":{"rendered":"Fredag ettermiddag ble intervjuet med M\u00e4rtha Louise og Durek Verrett sluppet p\u00e5 SVT. I talkshowet \u00abCarina Bergfeldt\u00bb stiller&hellip;\n","protected":false},"author":2,"featured_media":70334,"comment_status":"","ping_status":"","sticky":false,"template":"","format":"standard","meta":{"footnotes":""},"categories":[58],"tags":[71,30,28,29,72],"class_list":{"0":"post-70333","1":"post","2":"type-post","3":"status-publish","4":"format-standard","5":"has-post-thumbnail","7":"category-underholdning","8":"tag-entertainment","9":"tag-no","10":"tag-norge","11":"tag-norway","12":"tag-underholdning"},"share_on_mastodon":{"url":"https:\/\/pubeurope.com\/@no\/115439732214500677","error":""},"_links":{"self":[{"href":"https:\/\/www.europesays.com\/no\/wp-json\/wp\/v2\/posts\/70333","targetHints":{"allow":["GET"]}}],"collection":[{"href":"https:\/\/www.europesays.com\/no\/wp-json\/wp\/v2\/posts"}],"about":[{"href":"https:\/\/www.europesays.com\/no\/wp-json\/wp\/v2\/types\/post"}],"author":[{"embeddable":true,"href":"https:\/\/www.europesays.com\/no\/wp-json\/wp\/v2\/users\/2"}],"replies":[{"embeddable":true,"href":"https:\/\/www.europesays.com\/no\/wp-json\/wp\/v2\/comments?post=70333"}],"version-history":[{"count":0,"href":"https:\/\/www.europesays.com\/no\/wp-json\/wp\/v2\/posts\/70333\/revisions"}],"wp:featuredmedia":[{"embeddable":true,"href":"https:\/\/www.europesays.com\/no\/wp-json\/wp\/v2\/media\/70334"}],"wp:attachment":[{"href":"https:\/\/www.europesays.com\/no\/wp-json\/wp\/v2\/media?parent=70333"}],"wp:term":[{"taxonomy":"category","embeddable":true,"href":"https:\/\/www.europesays.com\/no\/wp-json\/wp\/v2\/categories?post=70333"},{"taxonomy":"post_tag","embeddable":true,"href":"https:\/\/www.europesays.com\/no\/wp-json\/wp\/v2\/tags?post=70333"}],"curies":[{"name":"wp","href":"https:\/\/api.w.org\/{rel}","templated":true}]}}