{"id":70370,"date":"2025-10-26T10:10:13","date_gmt":"2025-10-26T10:10:13","guid":{"rendered":"https:\/\/www.europesays.com\/no\/70370\/"},"modified":"2025-10-26T10:10:13","modified_gmt":"2025-10-26T10:10:13","slug":"nyheter-bergen-politiet-matte-rykke-ut-til-slasskamp-i-natt-blodde-fra-hodet","status":"publish","type":"post","link":"https:\/\/www.europesays.com\/no\/70370\/","title":{"rendered":"Nyheter, Bergen | Politiet m\u00e5tte rykke ut til sl\u00e5sskamp i natt: \u2013 Bl\u00f8dde fra hodet"},"content":{"rendered":"\n<p>Like f\u00f8r klokken 0130 natt til s\u00f8ndag rykket politiet ut til Bryggesporden etter melding om sl\u00e5sskamp i omr\u00e5det.<\/p>\n<p>\u2013 Det er to personer involvert som politiet raskt f\u00e5r kontroll p\u00e5, forteller operasjonsleder Ole Ronny Olsen til BA.<\/p>\n<p>De to er begge menn i 20-\u00e5rene, og den ene av de ligger p\u00e5 bakken n\u00e5r politiet og ambulansen kommer til stedet.<\/p>\n<p>\u2013 Han var bevisst og tilsnakkendes, men bl\u00f8dde litt fra hodet.<\/p>\n<p>Mannen p\u00e5 bakken ble tilsett av ambulansen p\u00e5 stedet. Det er ikke meldt at vedkommende m\u00e5tte fraktes til legevakt eller sykehus.<\/p>\n<p>\u2013 Den andre mannen ble p\u00e5grepet og innbrakt til politiet, forteller Olsen.<\/p>\n","protected":false},"excerpt":{"rendered":"Like f\u00f8r klokken 0130 natt til s\u00f8ndag rykket politiet ut til Bryggesporden etter melding om sl\u00e5sskamp i omr\u00e5det.&hellip;\n","protected":false},"author":2,"featured_media":1615,"comment_status":"","ping_status":"","sticky":false,"template":"","format":"standard","meta":{"footnotes":""},"categories":[10],"tags":[36,444,20,21,24,25,15,9870,22,23,13,30,28,29,14,16,254,2126,1510,26,27],"class_list":{"0":"post-70370","1":"post","2":"type-post","3":"status-publish","4":"format-standard","5":"has-post-thumbnail","7":"category-norge","8":"tag-art","9":"tag-bergen","10":"tag-breaking-news","11":"tag-breakingnews","12":"tag-featured-news","13":"tag-featurednews","14":"tag-headlines","15":"tag-helg","16":"tag-latest-news","17":"tag-latestnews","18":"tag-news","19":"tag-no","20":"tag-norge","21":"tag-norway","22":"tag-nyheter","23":"tag-overskrifter","24":"tag-politi","25":"tag-slasskamp","26":"tag-story","27":"tag-top-stories","28":"tag-topstories"},"share_on_mastodon":{"url":"https:\/\/pubeurope.com\/@no\/115439928827819046","error":""},"_links":{"self":[{"href":"https:\/\/www.europesays.com\/no\/wp-json\/wp\/v2\/posts\/70370","targetHints":{"allow":["GET"]}}],"collection":[{"href":"https:\/\/www.europesays.com\/no\/wp-json\/wp\/v2\/posts"}],"about":[{"href":"https:\/\/www.europesays.com\/no\/wp-json\/wp\/v2\/types\/post"}],"author":[{"embeddable":true,"href":"https:\/\/www.europesays.com\/no\/wp-json\/wp\/v2\/users\/2"}],"replies":[{"embeddable":true,"href":"https:\/\/www.europesays.com\/no\/wp-json\/wp\/v2\/comments?post=70370"}],"version-history":[{"count":0,"href":"https:\/\/www.europesays.com\/no\/wp-json\/wp\/v2\/posts\/70370\/revisions"}],"wp:featuredmedia":[{"embeddable":true,"href":"https:\/\/www.europesays.com\/no\/wp-json\/wp\/v2\/media\/1615"}],"wp:attachment":[{"href":"https:\/\/www.europesays.com\/no\/wp-json\/wp\/v2\/media?parent=70370"}],"wp:term":[{"taxonomy":"category","embeddable":true,"href":"https:\/\/www.europesays.com\/no\/wp-json\/wp\/v2\/categories?post=70370"},{"taxonomy":"post_tag","embeddable":true,"href":"https:\/\/www.europesays.com\/no\/wp-json\/wp\/v2\/tags?post=70370"}],"curies":[{"name":"wp","href":"https:\/\/api.w.org\/{rel}","templated":true}]}}