{"id":70373,"date":"2025-10-26T10:13:29","date_gmt":"2025-10-26T10:13:29","guid":{"rendered":"https:\/\/www.europesays.com\/no\/70373\/"},"modified":"2025-10-26T10:13:29","modified_gmt":"2025-10-26T10:13:29","slug":"kultur-film-filmprodusent-hege-38-har-mange-minner-fra-hadeland-liker-spesielt-godt-dialekta","status":"publish","type":"post","link":"https:\/\/www.europesays.com\/no\/70373\/","title":{"rendered":"Kultur, Film | Filmprodusent Hege (38) har mange minner fra Hadeland: Liker spesielt godt dialekta"},"content":{"rendered":"\n<p>Onsdag kveld var det premiere p\u00e5 filmen Stargate p\u00e5 Brandbu Kino. Filmprodusent Hege Hauff Hvattum var til stede for \u00e5 introdusere filmen f\u00f8r visningen. Hun har r\u00f8tter fra Brandbu, og har fremdeles n\u00e6r slekt p\u00e5 Hadeland.<\/p>\n<p>Barndomsminner fra Brandbu<\/p>\n<p>Heges farfar hadde hytte i Brandbu. N\u00e6rmere bestemt i Hvattumssvingen da hun var liten. Der var hun mye i ferier. Hun husker spesielt godt det de f\u00f8r i tiden kalte \u00abpotittferie\u00bb, det som n\u00e5 heter h\u00f8stferie.<\/p>\n<p>Det hun liker s\u00e5 godt med Hadeland er dialekta:<\/p>\n<p>\u2013 Det er liksom noe fint over det som minner meg om farfar og andre slektninger, forteller hun.<\/p>\n<p>\u00c5 v\u00e6re her i Brandbu for \u00e5 introdusere denne filmen, ligger derfor Heges hjerte n\u00e6rt. En setning fra sangen \u00abDeilig er jorden\u00bb er nemlig gjentakende gjennom filmen: \u00abslekt skal f\u00f8lge slekters gang\u00bb<\/p>\n<p>Heges tremenning Andrea Hvattum var ogs\u00e5 til stede under visningen Hun har tatt over familieg\u00e5rden i Brandbu. De to har et n\u00e6rt forhold.<\/p>\n<p>\u2013 Det er godt og fint \u00e5 ha muligheten til et sted \u00e5 kunne reise til for \u00e5 v\u00e6re med min familie i Brandbu, forteller Hege.<\/p>\n<p>   <img decoding=\"async\" width=\"2247\" height=\"1553\" fetchpriority=\"low\"  loading=\"lazy\"  src=\"https:\/\/www.europesays.com\/no\/wp-content\/uploads\/2025\/10\/c69f1c94-c9f8-4413-a355-5870d8270e23.jpeg\" alt=\"\" class=\"brick-c-cFOWSL\" style=\"--brick-image-ratio: 2247 \/ 1553;\"\/><\/p>\n<p>      SLEKT P\u00c5 HADELAND: Andrea Hvattum er Hege Hauff Hvattums tremenning. Andrea har tatt over familieg\u00e5rden I Brandbu. De to har et n\u00e6rt forhold. Andrea  var tydelig stolt av sitt familiemedlems prestasjoner.<br \/>\n      Foto: Anne May Strand\n    <\/p>\n<p>  Sommerjobben vekket interessen<\/p>\n<p>Hege hadde hele sin oppvekst i \u00c5s kommune i n\u00e6rheten av Norges landbruksh\u00f8gskole, en kjent skole som ble en realitet allerede i 1897. Senere fikk den status som universitet og heter i dag Norges milj\u00f8- og biovitenskapelige universitet (NMBU).<\/p>\n<p>Der vokste hun opp sammen med sine foreldre og broren P\u00e5l. Faren bor fremdeles i \u00c5s med sin kone, moren bor i Oslo, mens broren P\u00e5l har bosatt seg i Barcelona med kone og barn.<\/p>\n<p>\u2013 Hvordan havnet du akkurat i denne bransjen, som filmprodusent?<\/p>\n<p>\u2013 Det hele startet egentlig med en sommerjobb i TV serien Dag, da jeg var 25 \u00e5r gammel. Da ble jeg overbevist om at det var bak kameraet jeg skulle jobbe, innen produksjon, forteller Hege.<\/p>\n<p>Bakgrunnen for denne retningen i livet kommer nok av flere ting, men det er stor interesse for kultur i familien og et tidlig minne hun har er fra et slektsstevne p\u00e5 Hadeland med spel, sang og musikk. Pappa og fetteren hans pleide \u00e5 synge sammen, blant annet l\u00e5ta \u00abBusserullkara\u00bb av Helge Stenersen. I ten\u00e5rene startet Hege med teater og tok deretter bachelor innen TV-produksjon p\u00e5 Lillehammer. Videre ble hun utdannet filmprodusent.<\/p>\n<p>   <img decoding=\"async\" width=\"2593\" height=\"1777\" fetchpriority=\"low\"  loading=\"lazy\"  src=\"https:\/\/www.europesays.com\/no\/wp-content\/uploads\/2025\/10\/87a771b0-bc23-4eb0-ba23-5d3daee0425b.jpeg\" alt=\"\" class=\"brick-c-cFOWSL\" style=\"--brick-image-ratio: 2593 \/ 1777;\"\/><\/p>\n<p>      GLEDER SEG: Nyansatt Kinosjef ved Brandbu Kino, Susanne Fjeldbu og  filmprodusent Hege Hauff Hvattum ser frem til \u00e5 vise filmen Stargate-en julefortelling  for de skuelystne i salen.<br \/>\n      Foto: Anne May Strand\n    <\/p>\n<p>  Produsert en rekke filmer<\/p>\n<p>I dag bor Hege p\u00e5 T\u00f8yen i Oslo. Ikke langt unna der filmen Staregate ble innspilt. Hun har ikke egne barn, men syns det er r\u00f8rende og fint \u00e5 jobbe med et slikt prosjekt som denne filmen.<\/p>\n<p>Det er en historie om en pappa som elsker sine to d\u00f8tre, Ronja p\u00e5 10 \u00e5r og Melissa p\u00e5 16 \u00e5r, over alt p\u00e5 jord. Men han elsker ogs\u00e5 noe annet, en byrde han ikke klarer \u00e5 f\u00e5 bukt med, alkoholen. Det resulterer i mange bes\u00f8k p\u00e5 puben Stargate, hvorav tittelen. Filmen tar oss gjennom en utrolig r\u00f8rende reise. Med en god blanding av kj\u00e6rlighet, svik, redsel og utrygghet, men ogs\u00e5 en n\u00e6rhet og tilstedev\u00e6relse av mennesker som bryr seg om hverandre.<\/p>\n<p>   <img decoding=\"async\" width=\"2252\" height=\"3032\" fetchpriority=\"low\"  loading=\"lazy\"  src=\"https:\/\/www.europesays.com\/no\/wp-content\/uploads\/2025\/10\/a8d7f116-3f6f-441f-a770-8ac5bb498ebf.jpeg\" alt=\"\" class=\"brick-c-cFOWSL\" style=\"--brick-image-ratio: 2252 \/ 3032;\"\/><\/p>\n<p>      PREMIERE: Hege Hauff Hvattum under introduksjonen til filmen.<br \/>\n      Foto: Anne May Strand\n    <\/p>\n<p>Hege er kjent for \u00e5 ha produsert en rekke filmer og serier. Blant annet trilogien Sex, Dr\u00f8mmer og Kj\u00e6rlighet. Og n\u00e5 filmen Stargate \u2013 en julefortelling. Hauff Hvattums verk har resultert i Amanda-priser, Gullbj\u00f8rnen I Berlin og Nordisk R\u00e5ds Filmpris som eksempler.<\/p>\n<p>Stargate er basert p\u00e5 boken til forfatter Ingvild H. Rish\u00f8i, som ogs\u00e5 er manusforfatter sammen med regiss\u00f8r Ida Sagmo Tvedte. Dermed vil de som har lest boken ogs\u00e5 f\u00f8le at de f\u00e5r ansikter p\u00e5 karakterene i filmen, og at historien er den samme. Noe som ikke alltid er lett n\u00e5r man produserer en film basert p\u00e5 en historie.<\/p>\n<p>Det var mange som kom for \u00e5 se og m\u00f8te et ansikt bak filmen.<\/p>\n<p>To av de framm\u00f8tte var Bente Calmeyer Gauslaa og Jon Strindhaug, begge begeistret over at en filmprodusent med lokal tilknytning kom til Brandbu Kino.<\/p>\n<p>\u2013 Jeg har lest boken og er spent p\u00e5 \u00e5 se filmen, sa Gauslaa.<\/p>\n<p>\u2013 Vi gleder oss veldig, var de enige om.<\/p>\n<p>   <img decoding=\"async\" width=\"2821\" height=\"1848\" fetchpriority=\"low\"  loading=\"lazy\"  src=\"https:\/\/www.europesays.com\/no\/wp-content\/uploads\/2025\/10\/08ebbf92-bb17-4285-adda-2b0115c273b6.jpeg\" alt=\"\" class=\"brick-c-cFOWSL\" style=\"--brick-image-ratio: 2821 \/ 1848;\"\/><\/p>\n<p>      HAR LEST BOKEN: Bente Calmeyer Gauslaa og Jon Strindhaug var begge begeistret over at produsenten av filmen, Hege Hauff Hvattum kom p\u00e5 filmvisningen. \u2013 Det er jo stas n\u00e5r en bak filmen som har lokal tilknytning kommer. Vi gleder oss, sa paret.<br \/>\n      Foto: Anne May Strand\n    <\/p>\n<p>  Dialogen mellom mennesker er viktig<\/p>\n<p>Etter visningen ble alle sittende igjen da Hege \u00f8nsket \u00e5 snakke med de framm\u00f8tte og \u00e5pne for sp\u00f8rsm\u00e5l.<\/p>\n<p>\u2013 Det er s\u00e5 utrolig fint \u00e5 se dere her i dag. Tusen takk for at dere kom og for at dere st\u00f8tter opp om kultur, sa Hauff Hvattum.<\/p>\n<p>\u2013 Jeg blir veldig r\u00f8rt av \u00e5 snakke om film som uttrykk, \u00e5 ha en dialog med mennesker ogs\u00e5 etter en filmvisning. Som dere kanskje har forst\u00e5tt, har vi veldig mye p\u00e5 hjertet med denne filmen her.<\/p>\n<p>Publikum hadde b\u00e5de sp\u00f8rsm\u00e5l og kommentarer til filmprodusenten. Alle var av positiv art. Skryt og velvalgte ord om bevaring av historien, symbolikk, musikk og andre detaljer var blant temaene.<\/p>\n<p>Avslutningsvis, takket publikum Hege Hauff Hvattum for at hun introduserte filmen, og for den gripende historien de nettopp hadde v\u00e6rt vitne til. Det var tydelig at lokalbefolkningen syns det var stas at ei med lokale r\u00f8tter tok seg tiden til \u00e5 komme til Brandbu kino.<\/p>\n<p>\u2013 V\u00e5rt store julebudskap med denne filmen er; se hverandre og bry dere, hele \u00e5ret rundt. Ikke bare i jula, avsluttet hun.<\/p>\n","protected":false},"excerpt":{"rendered":"Onsdag kveld var det premiere p\u00e5 filmen Stargate p\u00e5 Brandbu Kino. Filmprodusent Hege Hauff Hvattum var til stede&hellip;\n","protected":false},"author":2,"featured_media":70374,"comment_status":"","ping_status":"","sticky":false,"template":"","format":"standard","meta":{"footnotes":""},"categories":[58],"tags":[36,5563,9871,71,460,1973,410,30,28,29,1510,72],"class_list":{"0":"post-70373","1":"post","2":"type-post","3":"status-publish","4":"format-standard","5":"has-post-thumbnail","7":"category-underholdning","8":"tag-art","9":"tag-brandbu","10":"tag-brandbu-kino","11":"tag-entertainment","12":"tag-film","13":"tag-gran","14":"tag-kultur","15":"tag-no","16":"tag-norge","17":"tag-norway","18":"tag-story","19":"tag-underholdning"},"share_on_mastodon":{"url":"https:\/\/pubeurope.com\/@no\/115439940887463146","error":""},"_links":{"self":[{"href":"https:\/\/www.europesays.com\/no\/wp-json\/wp\/v2\/posts\/70373","targetHints":{"allow":["GET"]}}],"collection":[{"href":"https:\/\/www.europesays.com\/no\/wp-json\/wp\/v2\/posts"}],"about":[{"href":"https:\/\/www.europesays.com\/no\/wp-json\/wp\/v2\/types\/post"}],"author":[{"embeddable":true,"href":"https:\/\/www.europesays.com\/no\/wp-json\/wp\/v2\/users\/2"}],"replies":[{"embeddable":true,"href":"https:\/\/www.europesays.com\/no\/wp-json\/wp\/v2\/comments?post=70373"}],"version-history":[{"count":0,"href":"https:\/\/www.europesays.com\/no\/wp-json\/wp\/v2\/posts\/70373\/revisions"}],"wp:featuredmedia":[{"embeddable":true,"href":"https:\/\/www.europesays.com\/no\/wp-json\/wp\/v2\/media\/70374"}],"wp:attachment":[{"href":"https:\/\/www.europesays.com\/no\/wp-json\/wp\/v2\/media?parent=70373"}],"wp:term":[{"taxonomy":"category","embeddable":true,"href":"https:\/\/www.europesays.com\/no\/wp-json\/wp\/v2\/categories?post=70373"},{"taxonomy":"post_tag","embeddable":true,"href":"https:\/\/www.europesays.com\/no\/wp-json\/wp\/v2\/tags?post=70373"}],"curies":[{"name":"wp","href":"https:\/\/api.w.org\/{rel}","templated":true}]}}