{"id":70383,"date":"2025-10-26T10:24:17","date_gmt":"2025-10-26T10:24:17","guid":{"rendered":"https:\/\/www.europesays.com\/no\/70383\/"},"modified":"2025-10-26T10:24:17","modified_gmt":"2025-10-26T10:24:17","slug":"brann-pa-barne-og-ungdomsskole-full-overtenning","status":"publish","type":"post","link":"https:\/\/www.europesays.com\/no\/70383\/","title":{"rendered":"Brann p\u00e5 barne- og ungdomsskole: \u2013 Full overtenning"},"content":{"rendered":"\n<p class=\"_lead_o9xde_2 _lead_xtcu6_50 layout-component text-serif-m layout-normal text-serif-l layout-component layout-wide layout-padded _wide_17hqh_1 layout-padded\">Brannen ble f\u00f8rst slukket, men har n\u00e5 blusset opp igjen.<\/p>\n<p> <img class=\"_image_qp4xg_65 layout-component layout-wide\" data-fullscreen- data-track-element-type=\"Article image fullscreen\" data-track-name=\"ImageFullscreen\" fetchpriority=\"high\" decoding=\"sync\" loading=\"eager\" height=\"181\" itemprop=\"image\"  src=\"https:\/\/www.europesays.com\/no\/wp-content\/uploads\/2025\/10\/9e4d4b68b225c43c14e1255a9d31d9ac.jpg\"  style=\"object-position:50% 50%;aspect-ratio:1.75;height:auto;object-fit:cover;width:100%\" width=\"102\"\/>  <\/p>\n<ul aria-hidden=\"true\" class=\"_images_18f0k_111\">\n<li><a class=\"_link_18f0k_116\" href=\"https:\/\/www.vg.no\/forfatter\/bernhard-moe-nyquist\" style=\"z-index:2\" title=\"Bernhard Moe Nyquist\" rel=\"nofollow noopener\" target=\"_blank\"><img alt=\"Bilde av Bernhard Moe Nyquist\" class=\"_image_18f0k_93\" fetchpriority=\"low\" loading=\"lazy\" decoding=\"async\" itemprop=\"image\"  src=\"https:\/\/www.europesays.com\/no\/wp-content\/uploads\/2025\/10\/1761474254_194_6365e445-83dd-4973-9da1-29fb6ae8c22d\"  width=\"480\"\/><\/a><\/li>\n<li><a class=\"_link_18f0k_116\" href=\"https:\/\/www.vg.no\/forfatter\/emilie-juell-moemb\" style=\"z-index:1\" title=\"Emilie Juell M\u00f8mb\" rel=\"nofollow noopener\" target=\"_blank\"><img alt=\"Bilde av Emilie Juell M\u00f8mb\" class=\"_image_18f0k_93\" fetchpriority=\"low\" loading=\"lazy\" decoding=\"async\" itemprop=\"image\"  src=\"https:\/\/www.europesays.com\/no\/wp-content\/uploads\/2025\/10\/1761474254_567_75a13ffa-6bad-4c88-a692-479c3111d196\"  width=\"480\"\/><\/a><\/li>\n<\/ul>\n<p> Oppdatert s\u00f8ndag 26. oktober kl. 11:19     <\/p>\n<p class=\"_paragraph_o9xde_4 _paragraph_xtcu6_10 layout-component text-serif-m layout-normal text-serif-m layout-padded\">\u2013 Det jobbes n\u00e5 med \u00e5 hindre spredning og berge resten av skolebygget, skriver operasjonsleder Knut Laurits Slartmann i politiloggen.<\/p>\n<p class=\"_paragraph_o9xde_4 _paragraph_xtcu6_10 layout-component text-serif-m layout-normal text-serif-m layout-padded\">Skolen som brenner er S\u00f8rreisa barne- og ungdomsskole i Troms.<\/p>\n<p class=\"_paragraph_o9xde_4 _paragraph_xtcu6_10 layout-component text-serif-m layout-normal text-serif-m layout-padded\">Det er ikke meldt om skadede.<\/p>\n<p class=\"_paragraph_o9xde_4 _paragraph_xtcu6_10 layout-component text-serif-m layout-normal text-serif-m layout-padded\">\u2013 Det er full overtenning i taket p\u00e5 en seksjon av skolen. \u00c5pne flammer. P\u00e5 grunn av kraftig r\u00f8ykutvikling og eskalering av brann s\u00e5 er f\u00f8lgende melding til folk i n\u00e6romr\u00e5det: Lukk vinduer og d\u00f8rer, skriver politiet.<\/p>\n<p><img alt=\"Foto: J\u00f8ran Johansen \/ Folkebladet\" class=\"_image_qp4xg_65 layout-component layout-normal\" data-fullscreen- data-track-element-type=\"Article image fullscreen\" data-track-name=\"ImageFullscreen\" decoding=\"async\" loading=\"lazy\" height=\"1350\" itemprop=\"image\"  src=\"https:\/\/www.europesays.com\/no\/wp-content\/uploads\/2025\/10\/6f802992-68c7-4fb5-afc9-f8444bbf6d86\"  style=\"object-position:0% 0%\" width=\"2400\"\/>Foto: J\u00f8ran Johansen \/ Folkebladet<\/p>\n<p class=\"_paragraph_o9xde_4 _paragraph_xtcu6_10 layout-component text-serif-m layout-normal text-serif-m layout-padded\">En VG-tipser sier at det er fullt av bl\u00e5lys.<\/p>\n<p class=\"_paragraph_o9xde_4 _paragraph_xtcu6_10 layout-component text-serif-m layout-normal text-serif-m layout-padded\">\u2013 Det er svart r\u00f8yk som velter fra skolen og utover bygda.<\/p>\n<p class=\"_paragraph_o9xde_4 _paragraph_xtcu6_10 layout-component text-serif-m layout-normal text-serif-m layout-padded\">Han sier at de n\u00e5 drar til svigers.<\/p>\n<p class=\"_paragraph_o9xde_4 _paragraph_xtcu6_10 layout-component text-serif-m layout-normal text-serif-m layout-padded\">\u2013 Vi kan merke litt lukt utenfor huset, og vi ser r\u00f8yken komme n\u00e6rmere og n\u00e6rmere.<\/p>\n<p class=\"_paragraph_o9xde_4 _paragraph_xtcu6_10 layout-component text-serif-m layout-normal text-serif-m layout-padded\">Tipseren forteller til VG at han har f\u00e5tt melding av rektor ved S\u00f8rreisa barne- og ungdomsskole hvor det blant annet st\u00e5r at skolen er stengt i morgen.<\/p>\n<p class=\"_paragraph_o9xde_4 _paragraph_xtcu6_10 layout-component text-serif-m layout-normal text-serif-m layout-padded\">\u2014 Vi jobber med \u00e5 finne en l\u00f8sning for sfo for de elevene som trenger det, men oppfordrer alle foreldre til \u00e5 pr\u00f8ve \u00e5 finne andre l\u00f8sninger, st\u00e5r det i meldingen.<\/p>\n<p class=\"_paragraph_o9xde_4 _paragraph_xtcu6_10 layout-component text-serif-m layout-normal text-serif-m layout-padded\">S\u00f8rreisa kommune har satt krisestab p\u00e5 grunn av brannen, skriver\u00a0<a href=\"https:\/\/www.folkebladet.no\/nyheter\/i\/mPGa6p\/skolebrannen-startet-opp-igjen-full-overtenning-i-taket\" class=\"_link_o9xde_39\" rel=\"nofollow noopener\" target=\"_blank\">Folkebladet<\/a>.<\/p>\n<p class=\"_paragraph_o9xde_4 _paragraph_xtcu6_10 layout-component text-serif-m layout-normal text-serif-m layout-padded\">Ordf\u00f8rer Jan-Eirik Nordahl sier kommunen har v\u00e6rt i kontakt med foreldre til barn p\u00e5 skolen og bedt dem holde barna hjemme mandag.<\/p>\n<p class=\"_paragraph_o9xde_4 _paragraph_xtcu6_10 layout-component text-serif-m layout-normal text-serif-m layout-padded\">\u2013 Dette er helt forferdelig. V\u00e5r helt nye og nyoppussede skole. Det er forferdelig trasig for ungene, foreldre og l\u00e6rere at vi skal oppleve dette, sier ordf\u00f8reren til avisen.<\/p>\n<p>    <img decoding=\"async\" alt=\"Tips oss illustrasjon\" src=\"https:\/\/www.europesays.com\/no\/wp-content\/uploads\/2025\/10\/pssst-small.webp.webp\"\/>    <\/p>\n<p class=\"title-serif-s\">Har du tips?<\/p>\n<p class=\"text-sans-m\">Send oss informasjon, bilder eller video.<\/p>\n<p>  <a href=\"https:\/\/www.vg.no\/tips-oss\" rel=\"nofollow noopener\" target=\"_blank\"> Tips oss <\/a>      <\/p>\n","protected":false},"excerpt":{"rendered":"Brannen ble f\u00f8rst slukket, men har n\u00e5 blusset opp igjen. Oppdatert s\u00f8ndag 26. oktober kl. 11:19 \u2013 Det&hellip;\n","protected":false},"author":2,"featured_media":70384,"comment_status":"","ping_status":"","sticky":false,"template":"","format":"standard","meta":{"footnotes":""},"categories":[10],"tags":[31,20,21,24,25,15,22,23,13,30,28,29,14,16,26,27],"class_list":{"0":"post-70383","1":"post","2":"type-post","3":"status-publish","4":"format-standard","5":"has-post-thumbnail","7":"category-norge","8":"tag-breaking","9":"tag-breaking-news","10":"tag-breakingnews","11":"tag-featured-news","12":"tag-featurednews","13":"tag-headlines","14":"tag-latest-news","15":"tag-latestnews","16":"tag-news","17":"tag-no","18":"tag-norge","19":"tag-norway","20":"tag-nyheter","21":"tag-overskrifter","22":"tag-top-stories","23":"tag-topstories"},"share_on_mastodon":{"url":"https:\/\/pubeurope.com\/@no\/115439984155779628","error":""},"_links":{"self":[{"href":"https:\/\/www.europesays.com\/no\/wp-json\/wp\/v2\/posts\/70383","targetHints":{"allow":["GET"]}}],"collection":[{"href":"https:\/\/www.europesays.com\/no\/wp-json\/wp\/v2\/posts"}],"about":[{"href":"https:\/\/www.europesays.com\/no\/wp-json\/wp\/v2\/types\/post"}],"author":[{"embeddable":true,"href":"https:\/\/www.europesays.com\/no\/wp-json\/wp\/v2\/users\/2"}],"replies":[{"embeddable":true,"href":"https:\/\/www.europesays.com\/no\/wp-json\/wp\/v2\/comments?post=70383"}],"version-history":[{"count":0,"href":"https:\/\/www.europesays.com\/no\/wp-json\/wp\/v2\/posts\/70383\/revisions"}],"wp:featuredmedia":[{"embeddable":true,"href":"https:\/\/www.europesays.com\/no\/wp-json\/wp\/v2\/media\/70384"}],"wp:attachment":[{"href":"https:\/\/www.europesays.com\/no\/wp-json\/wp\/v2\/media?parent=70383"}],"wp:term":[{"taxonomy":"category","embeddable":true,"href":"https:\/\/www.europesays.com\/no\/wp-json\/wp\/v2\/categories?post=70383"},{"taxonomy":"post_tag","embeddable":true,"href":"https:\/\/www.europesays.com\/no\/wp-json\/wp\/v2\/tags?post=70383"}],"curies":[{"name":"wp","href":"https:\/\/api.w.org\/{rel}","templated":true}]}}