{"id":70386,"date":"2025-10-26T10:33:11","date_gmt":"2025-10-26T10:33:11","guid":{"rendered":"https:\/\/www.europesays.com\/no\/70386\/"},"modified":"2025-10-26T10:33:11","modified_gmt":"2025-10-26T10:33:11","slug":"nyhet-trondheim-ekstra-lang-natt-for-politiet-flere-slagsmal-og-supporterbrak","status":"publish","type":"post","link":"https:\/\/www.europesays.com\/no\/70386\/","title":{"rendered":"Nyhet, Trondheim | Ekstra lang natt for politiet. Flere slagsm\u00e5l og supporterbr\u00e5k"},"content":{"rendered":"\n<p>Det sier operasjonsleder Svein Helgetun til Nidaros s\u00f8ndag morgen.<\/p>\n<p>Han forteller om en natt preget av flere ordensforstyrrelser, slagsm\u00e5l og supporterbr\u00e5k.<\/p>\n<p>\u2013 Jeg har jobbet de siste tre helgene og sitter igjen med et inntrykk av at det har v\u00e6rt litt mer \u00e5 gj\u00f8re denne helga, sier han.<\/p>\n<p>L\u00f8rdag kveld meldte Nidaros at politiet m\u00e5tte ta turen til puben Brooklyn p\u00e5 Solsiden etter \u00e5 ha f\u00e5tt melding om uenigheter mellom Brann- og RBK-supportere. En ung RBK-supporter havnet i arresten etter \u00e5 ikke ha h\u00f8rt p\u00e5 politiet.<\/p>\n<p>If\u00f8lge Helgetun kan flere av nattens oppdrag knyttes til supporterbr\u00e5k, men han understreker at politiet har v\u00e6rt til stede med flere patruljer og avverget de verste situasjonene.<\/p>\n<p>\u2013 Det er ikke loggf\u00f8rt noen alvorlige skader. Da vi ankom stedet f\u00f8rste gang var det noen vi ans\u00e5 som fremtidige ordensproblemer, og det ble satt inn patruljer i omr\u00e5det. Dermed fikk vi avverget en del, sier han.<\/p>\n<p>Helgetun viser ogs\u00e5 til at det har v\u00e6rt en del fyll i Trondheim natt til s\u00f8ndag.<\/p>\n<p>\u2013 Det har jo v\u00e6rt en ekstra lang natt. Vi har stilt klokka og utestedene har hatt \u00e5pent en time lenger, s\u00e5 kan man spekulere i om det har hatt noen effekt, sier han.<\/p>\n<p>Fant blodig person<\/p>\n<p>Klokken 00.23 meldte politiet at en mann i midten av 20-\u00e5ra er innbrakt i arrest etter \u00e5 ha v\u00e6rt aggressiv utenfor et utsted p\u00e5 Solsiden. <\/p>\n<p>\u2013 Mannen ble bortvist fra stedet, men kom etter hvert tilbake. Han vil bli anmeldt for brudd for politiets p\u00e5legg, skriver operasjonsleder Martin Hammervik Aarhoug i politiloggen.<\/p>\n<p>02.15: En kvinne i slutten av 30-\u00e5ra er kj\u00f8rt inn til arresten. Politiet var p\u00e5 stedet i forbindelse med en ordensforstyrrelse da kvinnen utagerte mot patruljen. Kvinnen blir anmeldt vold mot politiet.<\/p>\n<p>02.21: En mann i 20-\u00e5ra er bortvist fra Solsiden etter at han kranglet med vektere p\u00e5 stedet. Han var u\u00f8nsket p\u00e5 stedet.<\/p>\n<p>04.59: Klokken 0146 fikk politiet melding fra AMK om at en melder til dem hadde funnet en blodig person liggende p\u00e5 gata i Kj\u00f8pmannsgata. Da politiet kom til stedet ble det klart at mannen, som er i 40-\u00e5ra, ikke hadde blitt utsatt for vold. Han var sv\u00e6rt beruset og hadde falt. Mannen ble videre tatt h\u00e5nd om av helsevesenet.<\/p>\n<p>05.25: Tre menn i 20-\u00e5ra ble bortvist fra Trondheim sentrum etter \u00e5 ha v\u00e6rt involvert i en sl\u00e5sskamp inn p\u00e5 et utested. Det er ikke meldt om personskade.<\/p>\n<p>05.16: En mann i slutten av ten\u00e5rene er bortvist fra sentrum etter \u00e5 ha fors\u00f8kt \u00e5 sl\u00e5 flere med et belte. Det er ingen som er skadet.<\/p>\n<p>05.19: Politiet kom over en kvinne i starten i 20-\u00e5ra som var sv\u00e6rt beruset. Kvinnen var i en slik forfatning at hun ble kj\u00f8rt til legevakt og fikk videre oppf\u00f8lging der.<\/p>\n<p>05.23: Klokken 0242 fikk politiet melding om en kvinne som var overstadig beruset og som l\u00e5 p\u00e5 bakken p\u00e5 Skovg\u00e5rd. Politiet dro til stedet og fikk kontroll p\u00e5 kvinnen som er i starten av 30-\u00e5ra. Politiet kj\u00f8rte damen hjem til bopel.<\/p>\n<p>05.27: Klokken 0243 fikk politiet melding om slagsm\u00e5l i Olav Tryggvasons gate. Da politiet kom til stedet fikk patruljen kontroll p\u00e5 to menn i 20-\u00e5ra. Ingen var skadet. Begge ble bortvist.<\/p>\n<p>\u2013 Som vanlig n\u00e5r det er fyll involvert, s\u00e5 er det vanskelig \u00e5 komme til bunns i hva som egentlig har skjedd, sier Helgetun om slagsm\u00e5let i Olav Tryggvasons gate.<\/p>\n","protected":false},"excerpt":{"rendered":"Det sier operasjonsleder Svein Helgetun til Nidaros s\u00f8ndag morgen. Han forteller om en natt preget av flere ordensforstyrrelser,&hellip;\n","protected":false},"author":2,"featured_media":10392,"comment_status":"","ping_status":"","sticky":false,"template":"","format":"standard","meta":{"footnotes":""},"categories":[10],"tags":[36,20,21,24,25,15,22,23,13,30,28,29,447,14,16,254,1510,26,27,596],"class_list":{"0":"post-70386","1":"post","2":"type-post","3":"status-publish","4":"format-standard","5":"has-post-thumbnail","7":"category-norge","8":"tag-art","9":"tag-breaking-news","10":"tag-breakingnews","11":"tag-featured-news","12":"tag-featurednews","13":"tag-headlines","14":"tag-latest-news","15":"tag-latestnews","16":"tag-news","17":"tag-no","18":"tag-norge","19":"tag-norway","20":"tag-nyhet","21":"tag-nyheter","22":"tag-overskrifter","23":"tag-politi","24":"tag-story","25":"tag-top-stories","26":"tag-topstories","27":"tag-trondheim"},"share_on_mastodon":{"url":"https:\/\/pubeurope.com\/@no\/115440019228066354","error":""},"_links":{"self":[{"href":"https:\/\/www.europesays.com\/no\/wp-json\/wp\/v2\/posts\/70386","targetHints":{"allow":["GET"]}}],"collection":[{"href":"https:\/\/www.europesays.com\/no\/wp-json\/wp\/v2\/posts"}],"about":[{"href":"https:\/\/www.europesays.com\/no\/wp-json\/wp\/v2\/types\/post"}],"author":[{"embeddable":true,"href":"https:\/\/www.europesays.com\/no\/wp-json\/wp\/v2\/users\/2"}],"replies":[{"embeddable":true,"href":"https:\/\/www.europesays.com\/no\/wp-json\/wp\/v2\/comments?post=70386"}],"version-history":[{"count":0,"href":"https:\/\/www.europesays.com\/no\/wp-json\/wp\/v2\/posts\/70386\/revisions"}],"wp:featuredmedia":[{"embeddable":true,"href":"https:\/\/www.europesays.com\/no\/wp-json\/wp\/v2\/media\/10392"}],"wp:attachment":[{"href":"https:\/\/www.europesays.com\/no\/wp-json\/wp\/v2\/media?parent=70386"}],"wp:term":[{"taxonomy":"category","embeddable":true,"href":"https:\/\/www.europesays.com\/no\/wp-json\/wp\/v2\/categories?post=70386"},{"taxonomy":"post_tag","embeddable":true,"href":"https:\/\/www.europesays.com\/no\/wp-json\/wp\/v2\/tags?post=70386"}],"curies":[{"name":"wp","href":"https:\/\/api.w.org\/{rel}","templated":true}]}}