{"id":70471,"date":"2025-10-26T12:51:14","date_gmt":"2025-10-26T12:51:14","guid":{"rendered":"https:\/\/www.europesays.com\/no\/70471\/"},"modified":"2025-10-26T12:51:14","modified_gmt":"2025-10-26T12:51:14","slug":"guardiola-med-haaland-beskjed-til-solbakken-ma-bare-beklage","status":"publish","type":"post","link":"https:\/\/www.europesays.com\/no\/70471\/","title":{"rendered":"Guardiola med Haaland-beskjed til Solbakken: \u2013 M\u00e5 bare beklage"},"content":{"rendered":"\n<p class=\"_lead_o9xde_2 _lead_xtcu6_50 layout-component text-serif-m layout-normal text-serif-l layout-component layout-wide layout-padded _wide_17hqh_1 layout-padded\">Manchester City-manager Pep Guardiola kommer med en overraskende beskjed til landslagssjef St\u00e5le Solbakken om Erling Braut Haalands kampbelastning.<\/p>\n<p><img alt=\"Erling Braut Haaland er i kjempeform.  Foto: Alberto Saiz \/ AP \/ NTB\" class=\"_image_qp4xg_65 layout-component layout-wide\" data-fullscreen- data-track-element-type=\"Article image fullscreen\" data-track-name=\"ImageFullscreen\" fetchpriority=\"high\" decoding=\"sync\" loading=\"eager\" height=\"1697\" itemprop=\"image\"  src=\"https:\/\/www.europesays.com\/no\/wp-content\/uploads\/2025\/10\/9626ec44-4d3f-493d-acbf-f0e1a84fc249\"  style=\"object-position:0% 0%\" width=\"2546\"\/>Erling Braut Haaland er i kjempeform.  Foto: Alberto Saiz \/ AP \/ NTB<\/p>\n<ul aria-hidden=\"true\" class=\"_images_18f0k_111\">\n<li><a class=\"_link_18f0k_116\" href=\"https:\/\/www.vg.no\/forfatter\/ntb\" style=\"z-index:1\" title=\"NTB\" rel=\"nofollow noopener\" target=\"_blank\"><img alt=\"Bilde av NTB\" class=\"_image_18f0k_93\" fetchpriority=\"low\" loading=\"lazy\" decoding=\"async\" itemprop=\"image\"  src=\"https:\/\/www.europesays.com\/no\/wp-content\/uploads\/2025\/10\/1761483074_565_c33980b0-5d07-4027-84a1-813f90a7c8d6\"  width=\"480\"\/><\/a><\/li>\n<\/ul>\n<p> Oppdatert s\u00f8ndag 26. oktober kl. 13:17     <\/p>\n<p class=\"_paragraph_o9xde_4 _paragraph_xtcu6_10 layout-component text-serif-m layout-normal text-serif-m layout-padded\">P\u00e5 pressekonferansen foran Citys Premier League-m\u00f8te med Aston Villa s\u00f8ndag fikk Guardiola sp\u00f8rsm\u00e5l om hvilke vurderinger han gj\u00f8r rundt \u00e5 hvile Haaland, gitt at belastningen p\u00e5 j\u00e6rbuen i \u00f8yeblikket er stor.<\/p>\n<p class=\"_paragraph_o9xde_4 _paragraph_xtcu6_10 layout-component text-serif-m layout-normal text-serif-m layout-padded\">Videre ble det henvist til at den norske superspissen trolig skal rett i gang med et VM-sluttspill etter endt klubbsesong.<\/p>\n<p class=\"_paragraph_o9xde_4 _paragraph_xtcu6_10 layout-component text-serif-m layout-normal text-serif-m layout-padded\">\u2013 Jeg m\u00e5 bare beklage til kollegaen min <a href=\"https:\/\/www.vg.no\/tag\/staale-solbakken?utm_source=vg-article&amp;utm_medium=auto-tagger&amp;utm_campaign=Eyd5va\" class=\"_link_o9xde_39\" rel=\"nofollow noopener\" target=\"_blank\">St\u00e5le Solbakken<\/a>, Norges landslagssjef, men jeg tenker ikke p\u00e5 det, sa Guardiola.<\/p>\n<p class=\"_paragraph_o9xde_4 _paragraph_xtcu6_10 layout-component text-serif-m layout-normal text-serif-m layout-padded\">\u2013 Kanskje mot slutten av sesongen, dersom vi ligger an til \u00e5 vinne Premier League med ti poeng og har ti kamper igjen, kan han f\u00e5 hvile, la spanjolen til.<\/p>\n<p class=\"_paragraph_o9xde_4 _paragraph_xtcu6_10 layout-component text-serif-m layout-normal text-serif-m layout-padded\">Haaland har spilt n\u00e6rmest alt for City s\u00e5 langt denne sesongen.<\/p>\n<p class=\"_paragraph_o9xde_4 _paragraph_xtcu6_10 layout-component text-serif-m layout-normal text-serif-m layout-padded\">\u2013 Akkurat n\u00e5 f\u00f8ler han seg i god form og har det bra. Selvf\u00f8lgelig er det kamper, og hvis han eventuelt ser sliten ut, s\u00e5 skal han ikke spille, sa Guardiola.<\/p>\n<p class=\"_paragraph_o9xde_4 _paragraph_xtcu6_10 layout-component text-serif-m layout-normal text-serif-m layout-padded\">City-sjefen er samtidig krystallklar p\u00e5 at han per n\u00e5 egentlig ikke har r\u00e5d til \u00e5 svekke eget lag ved \u00e5 hvile de fremste stjernene.<\/p>\n<p class=\"_paragraph_o9xde_4 _paragraph_xtcu6_10 layout-component text-serif-m layout-normal text-serif-m layout-padded\">\u2013 Vi er n\u00e5 i en posisjon der Champions League er uhyre viktig. De neste kampene hjemme gir oss en kjempemulighet til \u00e5 sikre en plass blant de \u00e5tte beste. I Premier League tror jeg heller ikke Arsenal vil gi bort mange poeng. Derfor m\u00e5 vi henge med, sa Guardiola.<\/p>\n<p class=\"_paragraph_o9xde_4 _paragraph_xtcu6_10 layout-component text-serif-m layout-normal text-serif-m layout-padded\">M\u00e5lene har rent inn for Haaland den siste tiden. S\u00f8ndag skal han pr\u00f8ve \u00e5 score i sin 13. kamp p\u00e5 rad n\u00e5r Aston Villa st\u00e5r p\u00e5 motsatt banehalvdel i Premier League.<\/p>\n","protected":false},"excerpt":{"rendered":"Manchester City-manager Pep Guardiola kommer med en overraskende beskjed til landslagssjef St\u00e5le Solbakken om Erling Braut Haalands kampbelastning.&hellip;\n","protected":false},"author":2,"featured_media":70472,"comment_status":"","ping_status":"","sticky":false,"template":"","format":"standard","meta":{"footnotes":""},"categories":[59],"tags":[810,3163,671,30,28,29,2124,83,82,1387],"class_list":{"0":"post-70471","1":"post","2":"type-post","3":"status-publish","4":"format-standard","5":"has-post-thumbnail","7":"category-sport","8":"tag-erling-braut-haaland","9":"tag-herrelandslaget-fotball","10":"tag-manchester-city","11":"tag-no","12":"tag-norge","13":"tag-norway","14":"tag-pep-guardiola","15":"tag-sport","16":"tag-sports","17":"tag-stale-solbakken"},"share_on_mastodon":{"url":"https:\/\/pubeurope.com\/@no\/115440561932982499","error":""},"_links":{"self":[{"href":"https:\/\/www.europesays.com\/no\/wp-json\/wp\/v2\/posts\/70471","targetHints":{"allow":["GET"]}}],"collection":[{"href":"https:\/\/www.europesays.com\/no\/wp-json\/wp\/v2\/posts"}],"about":[{"href":"https:\/\/www.europesays.com\/no\/wp-json\/wp\/v2\/types\/post"}],"author":[{"embeddable":true,"href":"https:\/\/www.europesays.com\/no\/wp-json\/wp\/v2\/users\/2"}],"replies":[{"embeddable":true,"href":"https:\/\/www.europesays.com\/no\/wp-json\/wp\/v2\/comments?post=70471"}],"version-history":[{"count":0,"href":"https:\/\/www.europesays.com\/no\/wp-json\/wp\/v2\/posts\/70471\/revisions"}],"wp:featuredmedia":[{"embeddable":true,"href":"https:\/\/www.europesays.com\/no\/wp-json\/wp\/v2\/media\/70472"}],"wp:attachment":[{"href":"https:\/\/www.europesays.com\/no\/wp-json\/wp\/v2\/media?parent=70471"}],"wp:term":[{"taxonomy":"category","embeddable":true,"href":"https:\/\/www.europesays.com\/no\/wp-json\/wp\/v2\/categories?post=70471"},{"taxonomy":"post_tag","embeddable":true,"href":"https:\/\/www.europesays.com\/no\/wp-json\/wp\/v2\/tags?post=70471"}],"curies":[{"name":"wp","href":"https:\/\/api.w.org\/{rel}","templated":true}]}}