{"id":70498,"date":"2025-10-26T13:21:51","date_gmt":"2025-10-26T13:21:51","guid":{"rendered":"https:\/\/www.europesays.com\/no\/70498\/"},"modified":"2025-10-26T13:21:51","modified_gmt":"2025-10-26T13:21:51","slug":"sigrid-spurte-ed-sheeran-om-a-fa-bli-med-pa-turne","status":"publish","type":"post","link":"https:\/\/www.europesays.com\/no\/70498\/","title":{"rendered":"Sigrid spurte Ed Sheeran om \u00e5 f\u00e5 bli med p\u00e5 turn\u00e9"},"content":{"rendered":"<p>Endelig f\u00e5r vi nytt album fra Sigrid!<\/p>\n<p>There\u00b4s Always More That I Could Say er sunnm\u00f8ringens tredje album.<\/p>\n<p>Siden hun slapp debutl\u00e5ta \u00abDon\u00b4t Kill My Vibe\u00bb i 2017, har det stadig g\u00e5tt oppover, og hun har gjort det stort b\u00e5de her til lands og i den store verdenen.<\/p>\n<p>Ikke nok med at hun skal p\u00e5 turn\u00e9 i Norden og Asia, hun skal ogs\u00e5 v\u00e6re med og varme opp for Ed Sheeran i USA.<\/p>\n<p>Vi tok en prat med verdens beste Sigrid Raabe, om nytt album, livet som artist hittil og hvordan turn\u00e9 med Ed kom til.<\/p>\n<p>Les praten mens du h\u00f8rer p\u00e5 det r\u00e5 albumet nedenfor.<\/p>\n<p><strong>Haaalloo! Hvordan g\u00e5r det?<\/strong><\/p>\n<p>\u2013 Det g\u00e5r fint! Har akkurat v\u00e6rt p\u00e5 en sykkeltur, for \u00e5 f\u00e5 meg litt frisk luft. Har hatt en del promo i dag, og sittet p\u00e5 Zoom. Snakket med blant annet England.<\/p>\n<p><strong>S\u00e5 deilig at du er litt hjemme litt f\u00f8r det smeller med release!<\/strong><\/p>\n<p>\u2013 Ja, sykt deilig! Har v\u00e6rt hjemme et par uker n\u00e5, men f\u00f8r det var jeg p\u00e5 fashion week i Paris, invitert av CELINE. Det var d\u00f8dskult, og de fl\u00f8y meg ned. Skikkelig Askepott! First class-behandling, bli hentet av sj\u00e5f\u00f8r, bo p\u00e5 luksushotell, bli kledd opp i sykt fine kl\u00e6r. Satt fem meter unna Anna Wintour, og s\u00e5 sykt mye andre kjendiser i n\u00e6rheten.<\/p>\n<p>\u2013 S\u00e5 sl\u00e5r klokka 12, og s\u00e5 er det over, levere fra seg kl\u00e6r og fly hjem igjen. Det er s\u00e5 morsomt og stas, men f\u00e5r beina fort planta p\u00e5 jorda igjen. Det er viktig \u00e5 huske p\u00e5 det man ser p\u00e5 Instagram fra moteuker ellers, at det er jo litt konstruert ogs\u00e5. Men you know what, jeg kan godt v\u00e6re litt reklameplakat her og drikke champagne i Paris.<\/p>\n<p>\u2013 Men i dag skal jeg lage min egen middag.<\/p>\n<blockquote class=\"instagram-media\" style=\"background: #FFF; border: 0; border-radius: 3px; box-shadow: 0 0 1px 0 rgba(0,0,0,0.5),0 1px 10px 0 rgba(0,0,0,0.15); margin: 1px; max-width: 540px; min-width: 326px; padding: 0; width: calc(100% - 2px);\" data-instgrm-captioned=\"\" data-instgrm-permalink=\"https:\/\/www.instagram.com\/p\/DPbuwwRCHx8\/?utm_source=ig_embed&amp;utm_campaign=loading\" data-instgrm-version=\"14\">\n<\/blockquote>\n<p><strong>S\u00e5 stas!!! Du er jo international, hvor i verden er albumet skrevet?<\/strong><\/p>\n<p>\u2013 Litt forskjellige steder, \u00abJellyfish\u00bb og \u00abKiss The Sky\u00bb er skrevet i Oslo. \u00abHave You Heard This Song Before\u00bb er skrevet i Bergen, \u00abTwo Years\u00bb i Tokyo, \u00abI\u00b4ll Always Be Your Girl\u00bb, \u00abEternal Sunshine\u00bb og \u00abThere\u00b4s Always More That I Could Say\u00bb i London, blant annet.<\/p>\n<p>\u2013 Mye produksjon er gjort i Bergen og Oslo.<\/p>\n<p>Hva har v\u00e6rt det g\u00f8yeste med \u00e5 lage dette albumet?<\/p>\n<p>\u2013 Det tror jeg m\u00e5 v\u00e6re at jeg har f\u00e5tt tilbake en barnlig glede!<\/p>\n<p><strong>Mens vi h\u00f8rte gjennom det f\u00f8rste gang, sl\u00e5r det oss at det er litt hardere, men ogs\u00e5 veldig lekent. B\u00e5de lydbildet og tekstene, samtidig som det er s\u00e5rbart. Det glir veldig bra sammen! Har det v\u00e6rt en baktanke mens dere skrev det?<\/strong><\/p>\n<p>\u2013 S\u00e5 hyggelig! Nei, men jeg har nok bare g\u00e5tt veldig inn i det med hud og h\u00e5r. Skrive mer p\u00e5 intuisjon, enn hva som blir riktig. Jeg f\u00f8ler jeg har blitt opptrent i \u00e5 skrive gode popl\u00e5ter, raskt. Ting skal skje fort.<\/p>\n<p>\u2013 Etter jeg signerte med plateselskap internasjonalt som 19-\u00e5ring, m\u00e5tte jeg f\u00f8lge opp s\u00e5 raskt etter \u00abDon\u00b4t Kill My Vibe\u00bb og \u00abStrangers\u00bb. Du jakter litt din egen hale. Jeg er s\u00e5 takknemlig for det, for jeg har jo ingen musikkutdannelse. Min grad i l\u00e5tskriving har p\u00e5 en m\u00e5te v\u00e6rt i studio, og jeg har v\u00e6rt superheldig og f\u00e5tt l\u00e6re av de beste. Blant andre Caroline Ailin, Emily Warren og Martin Sj\u00f8lie. Da har jeg blitt trent i tempo, dybde og perfeksjon.<\/p>\n<p>\u2013 Ville aldri v\u00e6rt det foruten, er s\u00e5 takknemlig for det.<\/p>\n<blockquote class=\"instagram-media\" style=\"background: #FFF; border: 0; border-radius: 3px; box-shadow: 0 0 1px 0 rgba(0,0,0,0.5),0 1px 10px 0 rgba(0,0,0,0.15); margin: 1px; max-width: 540px; min-width: 326px; padding: 0; width: calc(100% - 2px);\" data-instgrm-captioned=\"\" data-instgrm-permalink=\"https:\/\/www.instagram.com\/reel\/DLsXRnUoxJW\/?utm_source=ig_embed&amp;utm_campaign=loading\" data-instgrm-version=\"14\">\n<\/blockquote>\n<p>\u2013 Det kom nok til et punkt i fjor vinter, hvor jeg kjente at jeg m\u00e5tte skrive litt mer lol. Ikke ta meg selv s\u00e5 seri\u00f8st. Der har man jo f\u00e5tt l\u00e5ter som \u00abKiss The Sky\u00bb, \u00abJellyfish\u00bb og \u00abHave You Heard This Song Before\u00bb, som er litt tullete og k\u00f8ddent. Jeg trenger ikke v\u00e6re helten hele tiden heller. Det er mindre stress p\u00e5 hvordan det blir ferdig. Jeg har latt l\u00e5tene f\u00e5 surre litt, kokkelere litt.<\/p>\n<p>\u2013 \u00abTwo Years\u00bb var Askjell og jeg som dro til Japan p\u00e5 inspirasjonstur. Da var jeg litt stresset da jeg kom hjem, fordi vi hadde skrevet to l\u00e5ter. Selv om vi hadde hatt det d\u00f8dsg\u00f8y, tenkte jeg p\u00e5 at vi ikke var ferdig med produksjonen p\u00e5 noe. Hvordan forklarer jeg dette til folk?<\/p>\n<p>\u2013 Men s\u00e5 kom James Ford fra England inn, som blant annet har jobbet med Florence and the Machine og The Last Dinner Party, og gjorde nye trommer p\u00e5 \u00abTwo Years\u00bb. Og s\u00e5 var vi s\u00e5nn: \u00abOi! Dette er d\u00f8dsbra\u00bb. S\u00e5 det har v\u00e6rt fint, \u00e5 la l\u00e5tene f\u00e5 lov til \u00e5 lande litt.<\/p>\n<p><strong>Ja, det er deilig \u00e5 h\u00f8re! Noe av det vi tenkte mens vi h\u00f8rte, og litt av forklaringen vi har p\u00e5 at det h\u00f8res litt hardere ut, er at disse l\u00e5tene har litt mer \u00abSucker Punch\u00bb-ete vibe?<\/strong><\/p>\n<p>\u2013 Ja! Det er jeg helt enig i. A&amp;R-en min i London, Paul, har sagt at han f\u00f8ler dette er oppf\u00f8lgeren til f\u00f8rsteplata mi. Det har vi ogs\u00e5 tenkt, og har referert mye til meg selv. Spesielt \u00abSucker Punch\u00bb kanskje, for den bare bobler av kreativitet og overskudd.<\/p>\n<p>Hvilken l\u00e5t liker du best, da?<\/p>\n<p>\u2013 Nei, jeg elsker alle! Det er s\u00e5 g\u00f8y med det ogs\u00e5, for album kan ofte ha en sesongf\u00f8lelse. At de passer til konkrete \u00e5rstider.<\/p>\n<p>\u2013 Det er mange sommerl\u00e5ter. \u00abJellyfish\u00bb, er jo veldig sommer og veldig juli. Vi skrev den jo en sommerdag i Oslo. Og \u00abTwo Years\u00bb er en veldig august-\/septemberl\u00e5t. Siste hurrarunden f\u00f8r det blir litt kaldt. Jeg ser litt for meg Kroatia med en Aperol Spritz. \u00abHush Baby Hurry Slowly\u00bb er litt september, enda litt varmt, men litt mer mot h\u00f8sten.<\/p>\n<p>\u2013 Veldig v\u00e5rstemning p\u00e5 \u00abHave You Heard This Song Before\u00bb og \u00abI\u00b4ll Always Be Your Girl\u00bb. S\u00e5 jeg tror jeg kommer til \u00e5 h\u00f8re p\u00e5 disse l\u00e5tene \u00e5ret rundt, og det anbefaler jeg alle andre \u00e5 gj\u00f8re ogs\u00e5! Det er en veldig fin reise av en plate. Det er mange f\u00f8lelser, lol, trist, fint, g\u00f8y og koselig. Alt mulig!<\/p>\n<p><strong>Sant, passer bra! Du har jobbet mye med Askjell Solstrand n\u00e5, er det flere som har jobbet med dere her?<\/strong><\/p>\n<p>\u2013 Ja! Askjell er executive producer, med meg som co-pilot. James Ford har v\u00e6rt inne og co-produsert noen l\u00e5ter. P\u00e5 l\u00e5tskriversiden har vi hatt med oss flere gode folk. Nick Hahn, som er britisk, men har skrevet masse norsk popmusikk! Han har skrevet med blant andre Astrid S og Dagny. Det er veldig g\u00f8y, han er en kompis fra London. Martin Sj\u00f8lie har v\u00e6rt innom, Will Taylor, Oli Bayston og King Ed. Og selvf\u00f8lgelig, en kjempes\u00f8t historie om \u00abHush Baby Hurry Slowly\u00bb!<\/p>\n<p>\u2013 I fjor hadde jeg litt skrivesperre. Jeg skrev, men f\u00f8lte ikke jeg skrev noe bra nok.<\/p>\n<p>\u2013 Jeg var s\u00e5 opptatt av \u00e5 bli ferdig med ting, og at det skulle passe inn i min diskografi. S\u00e5 snakket jeg med Askjell om det, som visste n\u00f8yaktig hva jeg trengte. Han skulle ha en l\u00e5tskrivercamp i Bergen, hvor vi bare skulle lage l\u00e5ter for g\u00f8y og pitche til andre artister. \u00abDu burde bli med som l\u00e5tskriver! Ikke som artist!\u00bb Det var en s\u00e5 g\u00f8y gjeng; oss to, Edvard Erfjord, Anders Nilsen og Harald S\u00f8reb\u00f8 (alias Payday), som har jobbet med blant andre Megan Thee Stallion. Veldig eklektisk og g\u00f8y mix, og vi skrev s\u00e5nn to l\u00e5ter om dagen. Jeg ble dratt ut av den skrivesperren etter tre sekunder.<\/p>\n<p>\u2013 P\u00e5 slutten av den uka skrev jeg da \u00abHush Baby Hurry Slowly\u00bb. Det var skikkelig forl\u00f8sende, da fikk jeg ordentlig motivasjon igjen.<\/p>\n<p><img loading=\"lazy\" decoding=\"async\" aria-describedby=\"caption-attachment-307905\" class=\"wp-image-307905 size-full\" src=\"https:\/\/www.europesays.com\/no\/wp-content\/uploads\/2025\/10\/Skjermbilde-2025-10-23-kl.-22.58.20.png\" alt=\"Sigrid\" width=\"1116\" height=\"1388\"  \/><\/p>\n<p id=\"caption-attachment-307905\" class=\"wp-caption-text\">Sigrid (Charlotte Alex)<\/p>\n<p>Har dere mange uenigheter i studio, under skriveprosessene?<\/p>\n<p>\u2013 Neeeei, eller, noe. Vi har jo blitt godt kjent, Askjell og jeg. Vi krangler ikke, men vi kan v\u00e6re uenige. Men vi er som s\u00f8sken, hvor vi kan komme med forslag og bare \u00abNei, jeg liker det ikke\u00bb. S\u00e5 kan han si \u00abGi meg en halvtime\u00bb, s\u00e5 m\u00e5 jeg sitte \u00e5 gj\u00f8re noe annet en halvtime, hvor han jobber og jeg egentlig vil blande meg inn. S\u00e5 f\u00e5r jeg litt tid til \u00e5 tenke over det, og s\u00e5 er det kult.<\/p>\n<p>\u2013 Eller at jeg m\u00e5 bruke litt tid p\u00e5 \u00e5 overbevise ham. Vi kan v\u00e6re veldig kritiske til det motsatte er bevist. Mye analysering, samtidig som vi er som to barn som har det g\u00f8y. Vi er veldig like p\u00e5 det kreative, tror jeg. Da m\u00e5 vi bare passe p\u00e5 \u00e5 dra hverandre ut, hvis vi blir obsessed p\u00e5 \u00e5 f\u00e5 \u00e9n linje til \u00e5 sitte.<\/p>\n<p>Hva er viktigst for deg n\u00e5r du lager musikk?<\/p>\n<p>\u2013 Det sp\u00f8rs p\u00e5 dagsformen. Jeg g\u00e5r enda inn i studio og tenker jeg skal lage en banger. Noe annet er uaktuelt, men det er jo ogs\u00e5 et litt l\u00f8st begrep. Samtidig har jeg dager hvor jeg har null forventnigner, og tenker vi bare skal ha det g\u00f8y. Og lage id\u00e9er.<\/p>\n<p>\u2013 Det aller viktigste er jo \u00e5 lage noe jeg st\u00e5r inne for. Det trumfer alt. Uansett hvor mye jeg sier i et intervju, om at jeg er ambisi\u00f8s, s\u00e5 g\u00e5r jeg aldri p\u00e5 akkord med det jeg synes er kult eller ting jeg vil gj\u00f8re.<\/p>\n<p><strong>S\u00e5 bra by:Larm i 2017. Det var sv\u00e6rt og en vill opplevelse. Selv om det ogs\u00e5 var stort, har det jo g\u00e5tt veldig oppover, b\u00e5de internasjonalt og i Norge. Hvordan er det \u00e5 se tilbake p\u00e5 den tiden, til n\u00e5?<\/strong><\/p>\n<p>\u2013 Det var ganske crazy, og jeg tror ikke man vet hvor stort det er f\u00f8r man ser tilbake p\u00e5 det i ettertid. Og det er jo litt s\u00e5nn at de st\u00f8rste \u00f8yeblikkene i karrieren min har v\u00e6rt forbundet med lite s\u00f8vn og stress.<\/p>\n<p>\u2013 Man er jo ikke rolig n\u00e5r det toget g\u00e5r, det g\u00e5r i hundre og helvete, s\u00e5 man bare pr\u00f8ve \u00e5 holde seg fast.<\/p>\n<p>\u2013 Men det er jo helt fantastisk. Det er ingenting som det adrenalinet n\u00e5r det tar av. Det er jo sjukt da, det er jo noen \u00e5r siden, \u00e5tte \u00e5r. Og det er helt sjukt \u00e5 tenke p\u00e5. Jeg blir veldig stolt av meg selv, og n\u00e5r jeg ser tilbake p\u00e5 alle \u00e5rene jeg har st\u00e5tt i meg selv og jeg har hatt det d\u00f8dsg\u00f8y. Jeg har det veldig g\u00f8y, og f\u00e5r fremdeles holde p\u00e5. Ting g\u00e5r veldig bra, jeg er veldig heldig og privilegert.<\/p>\n<p>\u2013 For all del, det har ikke v\u00e6rt lett hele tiden. Man har masse hjemlengsel. Og jeg kan stille meg selv sp\u00f8rsm\u00e5let om hvorfor jeg synes det er s\u00e5 g\u00f8y \u00e5 fly hele tiden, n\u00e5r jeg ikke engang liker \u00e5 fly. Men jeg f\u00e5r sett s\u00e5 mye! Samtidig er det s\u00e5 godt \u00e5 vite at sangene jeg synger, er sanger jeg digger.<\/p>\n<p>\u2013 Og s\u00e5 finner man sitt folk, rundt omkring. Det er rart \u00e5 vite at jeg kan spille konserter hjemme i Norge, samtidig som jeg spiller i Brasil. Jeg skal ogs\u00e5 til Asia n\u00e5 snart. Det blir veldig fint med tanke p\u00e5 by:Larm, at jeg skal spille p\u00e5 Rockefeller neste turn\u00e9! Som et lite jubileum, superhyggelig.<\/p>\n<blockquote class=\"instagram-media\" style=\"background: #FFF; border: 0; border-radius: 3px; box-shadow: 0 0 1px 0 rgba(0,0,0,0.5),0 1px 10px 0 rgba(0,0,0,0.15); margin: 1px; max-width: 540px; min-width: 326px; padding: 0; width: calc(100% - 2px);\" data-instgrm-captioned=\"\" data-instgrm-permalink=\"https:\/\/www.instagram.com\/p\/BRRKZyQgwEj\/?utm_source=ig_embed&amp;utm_campaign=loading\" data-instgrm-version=\"14\">\n<\/blockquote>\n<p>Det blir kjempefint! Er det noen ganger du f\u00f8ler du skulle dratt litt mer i bremsen, i l\u00f8pet av disse \u00e5rene?<\/p>\n<p>\u2013 Oi, det har jeg aldri blitt spurt om f\u00f8r, s\u00e5 fint! Det er jo sjelden noen i bransjen sier at du skal det. Det er nok noe med \u00e5 sette den bremsen litt selv. Det kan v\u00e6re vanskelig, men jeg synes jeg har klart \u00e5 balansere det fint, og jeg har et veldig fint team rundt meg.<\/p>\n<p>\u2013 Det kan v\u00e6re vanskelig \u00e5 vite for b\u00e5de artist, team og egentlig \u00f8vrig team hvor grensen g\u00e5r. Spesielt for teamet, hvis ikke artisten klarer \u00e5 formulere om det blir for mye. Da m\u00e5 man kommunisere godt. Og jeg pr\u00f8ver \u00e5 v\u00e6re streng med kalenderen min. Jeg er ikke s\u00e5 flink til \u00e5 logge av p\u00e5 fridager, da. Men jeg er veldig god p\u00e5 \u00e5 legge inn tid i Oslo. Det er viktig, og jeg kunne aldri flyttet til London.<\/p>\n<p><strong>S\u00e5 godt \u00e5 h\u00f8re. Har du f\u00f8lt p\u00e5 noen nedturer opp gjennom?<\/strong><\/p>\n<p>\u2013 Ja, det er jo kjedelig n\u00e5r en l\u00e5t man har gledet seg til \u00e5 slippe ikke f\u00e5r de tallene man skulle \u00f8nsket. Men jeg synes stort sett at det har g\u00e5tt veldig bra! Jeg er egentlig bare dritstolt over det jeg har f\u00e5tt til.<\/p>\n<p>\u2013 Musikkbransjen er jo veldig utholdenhetskonkurranse, om hvem som vil det mest. Hvem er villig til \u00e5 ofre mest, og v\u00e6re lengst borte hjemmefra. Jeg har jo satt mine grenser, og det st\u00e5r jeg veldig fint i.<\/p>\n<p><img loading=\"lazy\" decoding=\"async\" aria-describedby=\"caption-attachment-307906\" class=\"wp-image-307906 size-full\" src=\"https:\/\/www.europesays.com\/no\/wp-content\/uploads\/2025\/10\/Skjermbilde-2025-10-23-kl.-22.57.35.png\" alt=\"Sigrid\" width=\"2090\" height=\"1384\"  \/><\/p>\n<p id=\"caption-attachment-307906\" class=\"wp-caption-text\">Sigrid (Charlotte Alex)<\/p>\n<p><strong>Det har absolutt g\u00e5tt bra! Og det virker som du tenker veldig rasjonelt p\u00e5 det.<\/strong><\/p>\n<p>\u2013 Ja, jeg har verdens beste jobb, men det er ogs\u00e5 en jobb. Det er veldig viktig for meg \u00e5 ha nok tid til andre ting jeg liker her i livet. For eksempel i stad, da jeg syklet og snakket med en venninne i telefonen samtidig. V\u00e6re med vennene mine, v\u00e6re hjemme, lage egen middag, lese, dra p\u00e5 museum, kino og andres konserter, st\u00e5 p\u00e5 ski.<\/p>\n<p>\u2013 Det er lett \u00e5 bli sugd inn i musikken. Teamet i London vil jeg skal flytte dit, men jeg tror nok ikke det, nei. Det er lett \u00e5 komme seg ut i verden herfra.<\/p>\n<p>Hvor er det sjukeste stedet i verden du har spilt?<\/p>\n<p>\u2013 Det var kanskje da vi solgte ut S\u00e3o Paulo i Brasil, p\u00e5 typ en dag. Helt sykt! Det var jo ikke den st\u00f8rste konserten ever, men det er p\u00e5 andre siden av jorda.<\/p>\n<p>\u2013 Der nede var det ogs\u00e5 s\u00e5 g\u00f8y \u00e5 m\u00f8te fansen, de er s\u00e5 lidenskapelige og helt herlige. Det er f\u00f8rste gang jeg har hatt sikkerhetsvakt p\u00e5 turn\u00e9. Det er ogs\u00e5 veldig g\u00f8y \u00e5 spille i Japan! Der er det hyling og skriking, og s\u00e5 er det helt tyst. De er veldig h\u00f8flige.<\/p>\n<p>\u2013 Der er de ganske like tyskere. De lager veldig god stemning, men de h\u00f8rer p\u00e5 musikken.<\/p>\n<blockquote class=\"instagram-media\" style=\"background: #FFF; border: 0; border-radius: 3px; box-shadow: 0 0 1px 0 rgba(0,0,0,0.5),0 1px 10px 0 rgba(0,0,0,0.15); margin: 1px; max-width: 540px; min-width: 326px; padding: 0; width: calc(100% - 2px);\" data-instgrm-captioned=\"\" data-instgrm-permalink=\"https:\/\/www.instagram.com\/reel\/C7Xlj1_PWLo\/?utm_source=ig_embed&amp;utm_campaign=loading\" data-instgrm-version=\"14\">\n<\/blockquote>\n<p><strong>S\u00e5 de er ikke som nordmenn, haha?<\/strong><\/p>\n<p>\u2013 Nordmenn er jo et eget folkeslag, som er glade i \u00e5 skravle. Dessverre sikkert inkludert meg selv \u00f2g. Det er viktig \u00e5 huske p\u00e5 n\u00e5r jeg er p\u00e5 konsert ogs\u00e5.<\/p>\n<p>\u2013 Jeg klarer ikke bli sur n\u00e5r det er skravling p\u00e5 konsertene mine i Norge. Herregud, du ser naboen din p\u00e5 en festival, liksom! Men du ser p\u00e5 konsert og koser deg masse. Men det er jo fint for alle som st\u00e5r p\u00e5 scenen n\u00e5r folk lytter og er til stede.<\/p>\n<p>Ja, f\u00f8ler du det er den st\u00f8rste forskjellen p\u00e5 internasjonalt og norsk publikum?<\/p>\n<p>\u2013 Jeg m\u00e5 trekke frem Landstreffet!!! I love you guys! Det er s\u00e5 g\u00f8y, jeg koser meg s\u00e5 mye n\u00e5r jeg spiller der. Man skal g\u00e5 ut og spille for en gjeng 18-\u00e5ringer og tenke at det g\u00e5r alle veier. Men de elsker like mye en ballade, og det er nesten s\u00e5 man ser musikklinje-gjengen st\u00e5 der, n\u00e5r det kommer l\u00e5ter som ikke n\u00f8dvendigvis er hitsene.<\/p>\n<p>\u2013 Samtidig spilte vi \u00abFort Knox\u00bb for f\u00f8rste gang p\u00e5 Landstreffet n\u00e5 i mai, og det var flere moshpits i publikum. De gir s\u00e5 mye av seg selv, og de er sikkert megadritings, men veldig g\u00f8y.<\/p>\n<p><strong>S\u00e5\u00e5\u00e5 g\u00f8y! Du fikk jo et internasjonalt push tidlig, kanskje spesielt i USA. Har dere noen planer for \u00e5 f\u00f8lge opp det?<\/strong><\/p>\n<p>\u2013 Hehe ja, det st\u00e5r jo et gigantisk apparat bak der, i utlandet, og jobber p\u00e5! Det er jo fordelen med \u00e5 v\u00e6re p\u00e5 Universal internasjonalt, de kan pushe ting i mange land. Det er kjempeg\u00f8y \u00e5 jobbe globalt. Og jeg skal jo til USA, med Ed Sheeran!<\/p>\n<blockquote class=\"instagram-media\" style=\"background: #FFF; border: 0; border-radius: 3px; box-shadow: 0 0 1px 0 rgba(0,0,0,0.5),0 1px 10px 0 rgba(0,0,0,0.15); margin: 1px; max-width: 540px; min-width: 326px; padding: 0; width: calc(100% - 2px);\" data-instgrm-permalink=\"https:\/\/www.instagram.com\/p\/DMmpewnIEbU\/?utm_source=ig_embed&amp;utm_campaign=loading\" data-instgrm-version=\"14\">\n<\/blockquote>\n<p>Herregud ja, hvordan kom det til?<\/p>\n<p>\u2013 Jeg spurte han! Sykt direkte sunnm\u00f8ring. Jeg tenkte at jeg bare m\u00e5 sp\u00f8rre.<\/p>\n<p>\u2013 <a href=\"https:\/\/www.instagram.com\/p\/DMmpewnIEbU\/?igsh=MWt6dm13NXo5N2xtZg%3D%3D\" rel=\"nofollow noopener\" target=\"_blank\">Jeg spilte med ham p\u00e5 Ullev\u00e5l<\/a>. Ikke visste jeg at han visste hvem jeg var heller, men jeg spilte i hans hjemby og fikk en mail med et sp\u00f8rsm\u00e5l om jeg ville bli med ham p\u00e5 Ullev\u00e5l. De spurte hvilken l\u00e5t jeg ville spille, og jeg sa \u00abDon\u00b4t Kill My Vibe\u00bb, s\u00e5 jeg sang den med ham der. Det var sykt hyggelig og vi holdt kontakten etter det, s\u00e5 sa jeg at jeg kunne tenkt meg \u00e5 gj\u00f8re support for ham. Og s\u00e5 ble det s\u00e5nn!<\/p>\n<p>\u2013 Han var en superhyggelig, proff og artig fyr. Og hadde veldig fine folk rundt seg. Det synes jeg sier mye om en person, og det var veldig koselige folk p\u00e5 tur. S\u00e5 vi skal kose oss neste sommer.<\/p>\n<blockquote class=\"instagram-media\" style=\"background: #FFF; border: 0; border-radius: 3px; box-shadow: 0 0 1px 0 rgba(0,0,0,0.5),0 1px 10px 0 rgba(0,0,0,0.15); margin: 1px; max-width: 540px; min-width: 326px; padding: 0; width: calc(100% - 2px);\" data-instgrm-captioned=\"\" data-instgrm-permalink=\"https:\/\/www.instagram.com\/reel\/DMm0dDOAJQV\/?utm_source=ig_embed&amp;utm_campaign=loading\" data-instgrm-version=\"14\">\n<\/blockquote>\n<p>Shit, s\u00e5 hyggelig! Det blir travelt for deg fremover?<\/p>\n<p>\u2013 Ja, n\u00e5 er det plateslipp med butikkturn\u00e9 i London, jeg skal ha en prat p\u00e5 Vill Vill Vest med Arianrhod Engeb\u00f8, s\u00e5 skal jeg spille en festival i Istanbul og en i Polen. Deretter skal vi til Asia, med Japan, S\u00f8r-Korea og Kina, s\u00e5 skal jeg gj\u00f8re promo i Europa. Ogs\u00e5 skal jeg spille p\u00e5 Avicii Arena, p\u00e5 Together For A Better Day, en konsert for unges mentale helse. Det blir veldig fint \u00e5 f\u00e5 v\u00e6re med p\u00e5.<\/p>\n<p>\u2013 S\u00e5 skal jeg skrive litt igjen, for det er g\u00f8y! Neste \u00e5r er det Europa-, UK- og Norden-turn\u00e9, og s\u00e5 er det jo USA med Ed.<\/p>\n<p><strong>Nok \u00e5 gj\u00f8re, men s\u00e5 stas! Er det en artist du dr\u00f8mmer om \u00e5 jobbe med, da?<\/strong><\/p>\n<p>\u2013 Det sp\u00f8rsm\u00e5let der er s\u00e5 hyggelig, men ogs\u00e5 s\u00e5 vanskelig! Jeg tror veldig p\u00e5 at s\u00e5nne samarbeid bare m\u00e5 skje, selv om jeg lurer p\u00e5 hvor mange samarbeid som har skjedd fordi noen har sagt de vil det skal skje i et intervju.<\/p>\n<p>\u2013 Nei, jeg vet ikke, men hvis jeg skulle gjort det, hadde det v\u00e6rt kult om det var med noen litt uventa? At jeg gjorde l\u00e5t med Bring Me The Horizon var d\u00f8dsg\u00f8y, og hvem s\u00e5 den komme? Det hadde v\u00e6rt kult \u00e5 gj\u00f8re noe med noen fra en annen sjanger.<\/p>\n<p>Er det noen norske du har trua p\u00e5 om dagen?<\/p>\n<p>\u2013 Ja! \u00c5h, skulle til \u00e5 si, det hadde v\u00e6rt g\u00f8y \u00e5 synge p\u00e5 norsk en gang, men vet ikke om jeg t\u00f8r. Men kanskje som en collab en gang. Jeg synes jo May er veldig bra, sinnssyk stemme. Siste plata til Stig Brenner er d\u00f8dsbra, og plata til brenn. fra i fjor er en av mine favoritter.<\/p>\n<p><strong>Enig! Rekker du \u00e5 ta en fot i bakken?<\/strong><\/p>\n<p>\u2013 Ja! Det er derfor jeg skal v\u00e6re hjemme i dag, og skal se norsk reality og kose meg.<\/p>\n<p><strong>St\u00f8ttes! TAKK for praten, Sigrid <\/strong><\/p>\n<p>\u00a0<\/p>\n<p>            <script async src=\"\/\/www.instagram.com\/embed.js\"><\/script><\/p>\n","protected":false},"excerpt":{"rendered":"Endelig f\u00e5r vi nytt album fra Sigrid! There\u00b4s Always More That I Could Say er sunnm\u00f8ringens tredje album.&hellip;\n","protected":false},"author":2,"featured_media":70499,"comment_status":"","ping_status":"","sticky":false,"template":"","format":"standard","meta":{"footnotes":""},"categories":[58],"tags":[1703,9887,9888,9889,6816,71,9890,9891,30,28,9892,29,5317,6815,9893,72],"class_list":{"0":"post-70498","1":"post","2":"type-post","3":"status-publish","4":"format-standard","5":"has-post-thumbnail","7":"category-underholdning","8":"tag-alesund","9":"tag-askjell-solstrand","10":"tag-bring-me-the-horizon","11":"tag-caroline-ailin","12":"tag-ed-sheeran","13":"tag-entertainment","14":"tag-james-ford","15":"tag-martin-sjolie","16":"tag-no","17":"tag-norge","18":"tag-norsk-pop","19":"tag-norway","20":"tag-pop","21":"tag-sigrid","22":"tag-sigrid-raabe","23":"tag-underholdning"},"share_on_mastodon":{"url":"https:\/\/pubeurope.com\/@no\/115440683995329309","error":""},"_links":{"self":[{"href":"https:\/\/www.europesays.com\/no\/wp-json\/wp\/v2\/posts\/70498","targetHints":{"allow":["GET"]}}],"collection":[{"href":"https:\/\/www.europesays.com\/no\/wp-json\/wp\/v2\/posts"}],"about":[{"href":"https:\/\/www.europesays.com\/no\/wp-json\/wp\/v2\/types\/post"}],"author":[{"embeddable":true,"href":"https:\/\/www.europesays.com\/no\/wp-json\/wp\/v2\/users\/2"}],"replies":[{"embeddable":true,"href":"https:\/\/www.europesays.com\/no\/wp-json\/wp\/v2\/comments?post=70498"}],"version-history":[{"count":0,"href":"https:\/\/www.europesays.com\/no\/wp-json\/wp\/v2\/posts\/70498\/revisions"}],"wp:featuredmedia":[{"embeddable":true,"href":"https:\/\/www.europesays.com\/no\/wp-json\/wp\/v2\/media\/70499"}],"wp:attachment":[{"href":"https:\/\/www.europesays.com\/no\/wp-json\/wp\/v2\/media?parent=70498"}],"wp:term":[{"taxonomy":"category","embeddable":true,"href":"https:\/\/www.europesays.com\/no\/wp-json\/wp\/v2\/categories?post=70498"},{"taxonomy":"post_tag","embeddable":true,"href":"https:\/\/www.europesays.com\/no\/wp-json\/wp\/v2\/tags?post=70498"}],"curies":[{"name":"wp","href":"https:\/\/api.w.org\/{rel}","templated":true}]}}