{"id":70556,"date":"2025-10-26T14:42:12","date_gmt":"2025-10-26T14:42:12","guid":{"rendered":"https:\/\/www.europesays.com\/no\/70556\/"},"modified":"2025-10-26T14:42:12","modified_gmt":"2025-10-26T14:42:12","slug":"et-nasjonalistisk-fascistisk-land","status":"publish","type":"post","link":"https:\/\/www.europesays.com\/no\/70556\/","title":{"rendered":"&#8211; Et nasjonalistisk, fascistisk land"},"content":{"rendered":"<p>TEL AVIV (Dagbladet): Et stort svart-hvitt bilde med teksten Welcome to Gaza henger p\u00e5 stueveggen til den israelske presselegenden Anat Saragusti. Hun tok det sj\u00f8l, en gang p\u00e5 slutten av 80-tallet, da hun var israelsk korrespondent i Gaza, og skildret palestinernes hverdagsliv til Israel.<\/p>\n<p>&#8211; Den gang kj\u00f8rte vi bare rett inn i Gaza fra Israel. Jeg pleide \u00e5 levere s\u00f8nnen i barnehagen, og s\u00e5 kj\u00f8re til Gaza. Det var s\u00e5 lett og alt var \u00e5pent &#8211; og jeg hadde mange venner der, sier Saragusti.<\/p>\n<p>          <img loading=\"lazy\" decoding=\"async\" src=\"https:\/\/www.europesays.com\/no\/wp-content\/uploads\/2025\/10\/83765371.webp\" width=\"686\" height=\"460\" title=\"TIL NORGE: Til uka kommer den israelske journalisten, pressefotografen og menneskerettighetsforkjemperen Anat Saragusti til Norge i regi av Norsk PEN. Hun leder den israelske presseorganisasjonen som krever at journalister skal f\u00e5 reise inn i Gaza og dekke situasjonen der. Foto: J\u00f8rn H. Moen \/ Dagbladet\" alt=\"\" class=\"\" style=\"--aspect-ratio-image: 1.49; \"\/><\/p>\n<p>          TIL NORGE: Til uka kommer den israelske journalisten, pressefotografen og menneskerettighetsforkjemperen Anat Saragusti til Norge i <a href=\"https:\/\/norskpen.no\/events\/utestengt-fra-gaza-hvorfor-slipper-ikke-verden-inn\/\" rel=\"nofollow noopener\" target=\"_blank\">regi av Norsk PEN<\/a>. Hun leder den israelske presseorganisasjonen som krever at journalister skal f\u00e5 reise inn i Gaza og dekke situasjonen der. Foto: J\u00f8rn H. Moen \/ Dagbladet<\/p>\n<p>&#8211; Stort, svart hull\t<\/p>\n<p>I motsetning til israelere flest, har Saragusti fremdeles kontakt med palestinere i Gaza, p\u00e5 Vestbredden \u2013 og palestinere som er borgere av Israel.<\/p>\n<p>&#8211; Siden jeg var fotograf og tv-korrespondent i Gaza i s\u00e5 mange \u00e5r, s\u00e5 jeg det som min oppgave \u00e5 vise det israelske samfunnet den sivile siden av Gaza. At de er mennesker med dr\u00f8mmer og karrierer. De intellektuelle, feministbevegelsene \u2026 S\u00e5nne ting, sier hun.<\/p>\n<p>Da Hamas tok over makta i Gaza i 2006, ble det ikke lenger mulig for israelske journalister \u00e5 dra inn til Gazastripen. Da forsvant ogs\u00e5 reportasjene om palestinerne og deres dagligliv i Gaza i israelsk presse.<\/p>\n<p>&#8211; I israelsk presse er dekningen av Gaza blitt til et stort, svart hull. Alle palestinere i Gaza beskrives som terrorister, som \u00f8nsker \u00e5 utslette alle j\u00f8der og den israelske staten, sier Saragusti.<\/p>\n<p>    <a itemprop=\"url\" href=\"https:\/\/www.dagbladet.no\/nyheter\/her-blir-jamil-og-hiam-kastet-ut-fra-olivenlundene-sine\/83740764\" rel=\"nofollow noopener\" target=\"_blank\"><\/p>\n<p>      <img loading=\"lazy\" decoding=\"async\" src=\"https:\/\/www.europesays.com\/no\/wp-content\/uploads\/2025\/10\/1761489730_489_83741160.webp\" width=\"980\" height=\"441\" title=\"Her blir Jamil og Hiam kastet ut fra olivenlunden sin\" alt=\"\" class=\"lazyload\" style=\"--aspect-ratio-image: 2.22; \"\/><\/p>\n<p>        Her blir Jamil og Hiam kastet ut fra olivenlunden sin<\/p>\n<p>    <\/a><\/p>\n<p>&#8211; Terroristleir\t<\/p>\n<p>Hun legger til:<\/p>\n<p class=\"font-weight-bold m-font-weight-bold\" data-lab-font_weight=\"font-weight-bold\">&#8211; N\u00e5r du bare h\u00f8rer om Gaza som en terroristleir, er det lett \u00e5 dehumanisere alle menneskene i Gaza. Det er lett \u00e5 hate dem, v\u00e6re redde for dem og ikke lenger se p\u00e5 dem som mennesker. S\u00e5 kom 7. oktober, og alt ble enda verre, sier Saragusti.<\/p>\n<p>Mediedekningen har mye av skylda for at mange israelere i dag mener at det \u00abikke er noen uskyldige mennesker i Gaza\u00bb.<\/p>\n<p>&#8211; N\u00e5r du h\u00f8rer dette mange nok ganger, er det lettere \u00e5 tenke at alle fortjener \u00e5 d\u00f8. At alle palestinere er Hamas-st\u00f8ttespillere. I dag bryr ikke israelere flest seg om hva som skjer i Gaza, mener hun.<\/p>\n<p>          <img loading=\"lazy\" decoding=\"async\" src=\"https:\/\/www.europesays.com\/no\/wp-content\/uploads\/2025\/10\/83765558.webp\" width=\"686\" height=\"460\" title=\"MODIG KVINNE: Anat Saragusti f\u00e5r stadig beskjed om at hun \u00abkan ryke og reise til Gaza\u00bb. Israelere flest liker ikke at hun kritiserer sitt eget folk, som hun mener lukker \u00f8ynene for folkerettsbruddene mot palestinere b\u00e5de p\u00e5 Vestbredden og Gaza. Foto: J\u00f8rn H. Moen \/ Dagbladet\" alt=\"\" class=\"\" style=\"--aspect-ratio-image: 1.49; \"\/><\/p>\n<p>\n          MODIG KVINNE: Anat Saragusti f\u00e5r stadig beskjed om at hun \u00abkan ryke og reise til Gaza\u00bb. Israelere flest liker ikke at hun kritiserer sitt eget folk, som hun mener lukker \u00f8ynene for folkerettsbruddene mot palestinere b\u00e5de p\u00e5 Vestbredden og Gaza. Foto: J\u00f8rn H. Moen \/ Dagbladet\n      <\/p>\n<p>&#8211; Ta av uniformene\t<\/p>\n<p>Journalisten er ikke redd for \u00e5 kritisere sine egne, israelerne. Saragusti blir stadig skjelt ut og omtalt som en \u00abselvhatende j\u00f8de\u00bb og en \u00abforr\u00e6der\u00bb.<\/p>\n<p> &#8211; Folk skjeller meg ut og sier at \u00abdu b\u00f8r dra til Gaza\u00bb og verre ting. Men siden jeg har holdt p\u00e5 med dette i s\u00e5 mange \u00e5r, er jeg p\u00e5 et vis immun. Jeg har v\u00e6rt en radikal i alle \u00e5r, sier hun. <\/p>\n<p>S\u00e5 seint som i forrige uke hadde Saragusti nok en kommentar i den israelske <a href=\"https:\/\/www.haaretz.co.il\/opinions\/2025-10-16\/ty-article-opinion\/.premium\/00000199-ec7d-d7e9-adfd-ff7f63d30000?gift=5342c32b35944d13957435ea44b7ebd8\" rel=\"nofollow noopener\" target=\"_blank\">avisa Haaretz<\/a>,\u00a0p\u00e5 hebraisk. Her skrev hun at\u00a0\u00abdet er p\u00e5 tide at media tar av seg uniformene for \u00e5 begynne og drive journalistikk\u00bb.<\/p>\n<p>\u00abDet er p\u00e5 tide \u00e5 kritisere h\u00e6ren. Den er ikke hellig og gjorde mange grufulle ting i Gaza\u00bb, mener Saragusti, som videre mener at israelsk media\u00a0\u00abikke har gjort jobben\u00bb sin, og\u00a0\u00abbevisst skjult Gaza-krigens grusomheter\u00bb.<\/p>\n<p>&#8211; Jeg skammer meg over den israelske mediedekningen av overgrepene i Gaza &#8211; og p\u00e5 Vestbredden, sier Saragusti.<\/p>\n<p>        Dagbladets team i Israel h\u00f8rte voldsomme brak da de kj\u00f8rte forbi Gaza i helga. Video: J\u00f8rn H. Moen.<\/p>\n<p>Hun er n\u00e5del\u00f8s n\u00e5r det gjelder dagens Israel, som hun stadig omtaler som\u00a0\u00abgiftig\u00bb og\u00a0\u00abfylt av hat\u00bb.<\/p>\n<p> &#8211; Israel m\u00e5 deradikaliseres. Ikke bare for \u00e5 l\u00f8se konflikten, men ogs\u00e5 av hensyn til innbyggerne i Israel. Israel har blitt et nasjonalistisk, fascistisk samfunn, sier Saragusti.<\/p>\n<p>    Fakta Anat Saragusti<\/p>\n<p>            <img loading=\"lazy\" decoding=\"async\" src=\"https:\/\/www.europesays.com\/no\/wp-content\/uploads\/2025\/10\/83765865.webp\" width=\"530\" height=\"313\" title=\"Fakta Anat Saragusti\" alt=\"\" class=\"\" style=\"--aspect-ratio-image: 1.69; \"\/><\/p>\n<ul>\n<li class=\"lab-bodytext-line\">Israelske Anat Saragusti (72) er journalist, fotograf, jurist, menneskerettighetsaktivist og er ansvarlig for pressefrihet i Israels journalistforbund.<\/li>\n<li class=\"lab-bodytext-line\">Familien Saragusti har bodd i Israel siden 1500-tallet, da j\u00f8der ble utvist fra Spania.<\/li>\n<li class=\"lab-bodytext-line\">I 25 \u00e5r, fra 1980-tallet og fram til 2005, var Saragusti korrespondent i Gaza. M\u00e5let var \u00e5 f\u00e5 israelere til \u00e5 skj\u00f8nne at palestinerne i Gaza var akkurat som israelerne. Med jobber, h\u00e5p og dr\u00f8mmer.<\/li>\n<li class=\"lab-bodytext-line\">Etter at Hamas tok over makta i Gaza i 2006, har verken Saragusti eller andre israelere v\u00e6rt i Gaza for \u00e5 dekke situasjonen i det n\u00e5 krigsherjede omr\u00e5det.<\/li>\n<li class=\"lab-bodytext-line\">N\u00e5 jobber Saragusti og Israels journalistforbund for at Israel skal tillate journalister inn i Gaza.<\/li>\n<li class=\"lab-bodytext-line\">Mandag kommer Saragusti til Norge, blant annet for \u00e5 v\u00e6re med p\u00e5 et seminar i regi av <a href=\"https:\/\/norskpen.no\/events\/utestengt-fra-gaza-hvorfor-slipper-ikke-verden-inn\/\" rel=\"nofollow noopener\" target=\"_blank\">Norsk PEN<\/a>.<\/li>\n<\/ul>\n<p>      Vis mer<br \/>\n      Vis mindre<\/p>\n<p>&#8211; Indoktrinering\t<\/p>\n<p>Terrorangrepet mot det s\u00f8rlige Israel den 7. oktober 2023 har fullstendig endret konflikten mellom israelere og palestinere. Man m\u00e5 v\u00e6re israeler for \u00e5 skj\u00f8nne hvor traumatiserende 7. oktober-terroren var. Gjennom et helt liv er israelere blitt l\u00e6rt opp til at de er omgitt av fiender som \u00f8nsker dem bort. S\u00e5 skjedde nettopp det.<\/p>\n<p>&#8211; Det er hardt \u00e5 tro p\u00e5 sameksistens etter hva Hamas gjorde. Hele konflikten er n\u00e5 blitt religi\u00f8s. Det gj\u00f8r konflikten veldig mye verre. Jeg kan ikke st\u00f8tte Hamas. Jeg vil ikke ha noe \u00e5 gj\u00f8re med dem, de er jihadister, sier Saragusti.<\/p>\n<p class=\"font-weight-bold m-font-weight-bold\" data-lab-font_weight=\"font-weight-bold\">Gjennom et helt liv har journalisten og fotografen jobbet for at palestinere og israelere skal leve sammen, i fred. I dag frykter hun at hun sj\u00f8l aldri vil oppleve nettopp det. Utdannelsen til b\u00e5de palestinske og israelske barn har mye av skylda, mener hun.\u00a0<\/p>\n<p>&#8211; De religi\u00f8se gruppene, som er i mindretall i landet v\u00e5rt, l\u00e6rer ikke barna om vitenskap eller demokrati. P\u00e5 de religi\u00f8se skolene l\u00e6res barna opp til \u00e5 bli fullstendig ignorante, og til \u00e5 hate \u00abde andre\u00bb. De har ingen kunnskap, de vet ikke hvordan de skal studere &#8230; Det er forferdelig &#8211; og de blir indoktrinert, sier hun.<\/p>\n<p>    <a itemprop=\"url\" href=\"https:\/\/www.dagbladet.no\/nyheter\/de-har-ikke-kontroll\/83746264\" rel=\"nofollow noopener\" target=\"_blank\"><\/p>\n<p>      <img loading=\"lazy\" decoding=\"async\" src=\"https:\/\/www.europesays.com\/no\/wp-content\/uploads\/2025\/10\/83746812.webp\" width=\"980\" height=\"441\" title=\"- De har ikke kontroll\" alt=\"\" class=\"lazyload\" style=\"--aspect-ratio-image: 2.22; \"\/><\/p>\n<p>        &#8211; De har ikke kontroll<\/p>\n<p>    <\/a><\/p>\n<p>&#8211; Religi\u00f8se jihadister\t<\/p>\n<p>If\u00f8lge Saragusti har Israel har \u00absine jihadister\u00bb i bosetterbevegelsene og de h\u00f8yreekstreme partiene til finansminister Bezalel Smotrich og sikkerhetsminister Itamar Ben-Gvir.<\/p>\n<p>&#8211; De bruker samme metode som Hamas, med indoktrinering av barn fra de er sm\u00e5. De er ogs\u00e5 villige til \u00e5 ofre alt for et m\u00e5l der framme, i evigheten. Der vil j\u00f8dene seire. Jeg skj\u00f8nner ikke noe av at bevegelser er villige til \u00e5 ofre seg selv og barna sine for et lovet land. Jeg tror p\u00e5 demokrati og like rettigheter for alle, sier Saragusti.<\/p>\n<p>Saragusti er \u00abvirkelig skremt\u00bb. F\u00f8r var konflikten mellom palestinere og israelere en nasjonalistisk konflikt som kunne bli l\u00f8st.<\/p>\n<p class=\"font-weight-bold m-font-weight-bold\" data-lab-font_weight=\"font-weight-bold\">&#8211; N\u00e5 er konflikten blitt religi\u00f8s, og den styres av religi\u00f8se ekstremister p\u00e5 begge sider. Parter som er villige til \u00e5 ofre alt for en krig som skal fortsette inn i evigheten, sier hun.\u00a0<\/p>\n<p>          <img loading=\"lazy\" decoding=\"async\" src=\"https:\/\/www.europesays.com\/no\/wp-content\/uploads\/2025\/10\/83766407.webp\" width=\"686\" height=\"392\" title=\"HAMAS-INTERVJU: Her intervjuer Anat Saragusti et Hamas-medlem for den israelske tv-kanalen 12 i Gaza, p\u00e5 slutten av 90-tallet. Foto: Privat\" alt=\"\" class=\"\" style=\"--aspect-ratio-image: 1.75; \"\/><\/p>\n<p>\n          HAMAS-INTERVJU: Her intervjuer Anat Saragusti et Hamas-medlem for den israelske tv-kanalen 12 i Gaza, p\u00e5 slutten av 90-tallet. Foto: Privat\n      <\/p>\n<p>Indoktrinering\t<\/p>\n<p>Saragusti er spesielt kritisk til det israelske milit\u00e6ret rolle i det israelske samfunnet. Det milit\u00e6re har f\u00e5tt en opph\u00f8yd status i forhold til tidligere: \u00abEn opph\u00f8yd gudinne for absolutt alt\u00bb, sier hun.<\/p>\n<p>&#8211; Det er umulig \u00e5 kritisere h\u00e6ren i Israel i dag. Den er blitt hellig, og den f\u00e5r inn stadig flere messianske generaler. Som ogs\u00e5 tror p\u00e5 den samme, evige, sanne krigen, sier Saragusti.<\/p>\n<p>72-\u00e5ringen frykter for framtida til b\u00e5de israelere og palestinere.\u00a0<\/p>\n<p>    <a itemprop=\"url\" href=\"https:\/\/www.dagbladet.no\/nyheter\/bare-en-drape-i-havet\/83747680\" rel=\"nofollow noopener\" target=\"_blank\"><\/p>\n<p>      <img loading=\"lazy\" decoding=\"async\" src=\"https:\/\/www.europesays.com\/no\/wp-content\/uploads\/2025\/10\/83747767.webp\" width=\"980\" height=\"441\" title=\"- Bare \u00e9n dr\u00e5pe  i havet\" alt=\"\" class=\"lazyload\" style=\"--aspect-ratio-image: 2.22; \"\/><\/p>\n<p>        &#8211; Bare \u00e9n dr\u00e5pe  i havet <\/p>\n<p>    <\/a><\/p>\n<p>&#8211; I Israel kontrollerer stadig flere voldelige bosetterne ideologien, det milit\u00e6re, staten og politikken, selv om de bare er 11-12 prosent av innbyggerne, sier Saragusti.<\/p>\n<p>&#8211; Bare fattige og religi\u00f8se igjen\t<\/p>\n<p>Flere ganger har Saragusti vurdert \u00e5 flytte fra Tel Aviv og ut p\u00e5 den israelske landsbygda. For \u00e5 dyrke jorda og slippe unna konflikten og hatet.\u00a0<\/p>\n<p>&#8211; Jeg vurderte \u00e5 flytte p\u00e5 landsbygda p\u00e5 Galilea, men s\u00e5 ble det bombet av Hizbollah. Uansett om du vil det, eller ikke, s\u00e5 er du en del av konflikten her. Du slipper ikke unna, sier Saragusti.<\/p>\n<p>72-\u00e5ringen sier hun er for gammel til \u00e5 flytte til et annet sted. Det er i Israel hun har sitt liv, sine venner, kulturen, maten og alt hun kjenner.\u00a0<\/p>\n<p>&#8211; Men n\u00e5r det gjelder s\u00f8nnen min, tenker jeg stadig at det er bedre for ham og hans framtid at han forlater Israel. Personlig vil jeg jo v\u00e6re s\u00e5 n\u00e6r ham som mulig. Men for hans egen del, tenker jeg det er bedre \u00e5 bo i Europa eller et annet fredelig sted. Alt er s\u00e5 giftig her, sier hun.\u00a0<\/p>\n<p>Stadig tenker hun p\u00e5 hva en palestinsk akademiker sa til henne for flere ti\u00e5r siden:<\/p>\n<p class=\"font-weight-bold m-font-weight-bold\" data-lab-font_weight=\"font-weight-bold\">&#8211; Han sa at bare relig\u00f8se og fattige folk til slutt vil v\u00e6re de eneste som orker \u00e5 bo her. At de utdannede og sekul\u00e6re menneskene vil dra. Jeg ser det skje n\u00e5 i disse dager, og dette er noe jeg tenker veldig mye p\u00e5, sier Saragusti.<\/p>\n","protected":false},"excerpt":{"rendered":"TEL AVIV (Dagbladet): Et stort svart-hvitt bilde med teksten Welcome to Gaza henger p\u00e5 stueveggen til den israelske&hellip;\n","protected":false},"author":2,"featured_media":70557,"comment_status":"","ping_status":"","sticky":false,"template":"","format":"standard","meta":{"footnotes":""},"categories":[12],"tags":[20,21,24,25,15,4856,22,23,13,30,28,29,14,16,261,26,27,412,42,43,44,45],"class_list":{"0":"post-70556","1":"post","2":"type-post","3":"status-publish","4":"format-standard","5":"has-post-thumbnail","7":"category-verden","8":"tag-breaking-news","9":"tag-breakingnews","10":"tag-featured-news","11":"tag-featurednews","12":"tag-headlines","13":"tag-israel-og-palestina","14":"tag-latest-news","15":"tag-latestnews","16":"tag-news","17":"tag-no","18":"tag-norge","19":"tag-norway","20":"tag-nyheter","21":"tag-overskrifter","22":"tag-palestina","23":"tag-top-stories","24":"tag-topstories","25":"tag-utenriks","26":"tag-verden","27":"tag-world","28":"tag-world-news","29":"tag-worldnews"},"share_on_mastodon":{"url":"https:\/\/pubeurope.com\/@no\/115440998607939721","error":""},"_links":{"self":[{"href":"https:\/\/www.europesays.com\/no\/wp-json\/wp\/v2\/posts\/70556","targetHints":{"allow":["GET"]}}],"collection":[{"href":"https:\/\/www.europesays.com\/no\/wp-json\/wp\/v2\/posts"}],"about":[{"href":"https:\/\/www.europesays.com\/no\/wp-json\/wp\/v2\/types\/post"}],"author":[{"embeddable":true,"href":"https:\/\/www.europesays.com\/no\/wp-json\/wp\/v2\/users\/2"}],"replies":[{"embeddable":true,"href":"https:\/\/www.europesays.com\/no\/wp-json\/wp\/v2\/comments?post=70556"}],"version-history":[{"count":0,"href":"https:\/\/www.europesays.com\/no\/wp-json\/wp\/v2\/posts\/70556\/revisions"}],"wp:featuredmedia":[{"embeddable":true,"href":"https:\/\/www.europesays.com\/no\/wp-json\/wp\/v2\/media\/70557"}],"wp:attachment":[{"href":"https:\/\/www.europesays.com\/no\/wp-json\/wp\/v2\/media?parent=70556"}],"wp:term":[{"taxonomy":"category","embeddable":true,"href":"https:\/\/www.europesays.com\/no\/wp-json\/wp\/v2\/categories?post=70556"},{"taxonomy":"post_tag","embeddable":true,"href":"https:\/\/www.europesays.com\/no\/wp-json\/wp\/v2\/tags?post=70556"}],"curies":[{"name":"wp","href":"https:\/\/api.w.org\/{rel}","templated":true}]}}