{"id":70572,"date":"2025-10-26T15:09:43","date_gmt":"2025-10-26T15:09:43","guid":{"rendered":"https:\/\/www.europesays.com\/no\/70572\/"},"modified":"2025-10-26T15:09:43","modified_gmt":"2025-10-26T15:09:43","slug":"nyhet-trondheim-derfor-kan-du-hore-kraftige-smell-i-dag","status":"publish","type":"post","link":"https:\/\/www.europesays.com\/no\/70572\/","title":{"rendered":"Nyhet, Trondheim | Derfor kan du h\u00f8re kraftige smell i dag"},"content":{"rendered":"\n<p>Hans majestet Kong Harald deltar s\u00f8ndag under 100-\u00e5rsjubileet til synagogen i Trondheim.<\/p>\n<p>I forbindelse med Kongens deltakelse vil det bli avfyrt kongesalutt fra Kristiansten festningen.<\/p>\n<p>Salutten skytes akkurat i det Kongen ankommer byen &#8211; rundt klokken 14.00.<\/p>\n<p>Slik foreg\u00e5r en salutt<\/p>\n<p>Et saluttbatteri best\u00e5r vanligvis av tre kanoner. Hver bemannes av to personer \u2013 \u00e9n lader og \u00e9n som avfyrer. Mannskapet stiller i uniform og hentes fra festningens besetning eller Heimevernet.<\/p>\n<p>Saluttkommand\u00f8ren leder gjennomf\u00f8ringen og gir tydelige ordre ved \u00e5 rope ut kanonnummer etterfulgt av \u201cIld!\u201d. Skuddene avfyres fra h\u00f8yre mot venstre i skyteretningen.<\/p>\n<p>Disse deltar<\/p>\n<p>Det er ogs\u00e5 kjent at statsminister Jonas Gahr St\u00f8re (Ap) deltar under feiringen av synagogen, og et stort sikkerhetsoppbud er ventet.<\/p>\n<p>Sammen med de deltar ogs\u00e5 varaordf\u00f8rer Erling Moe i Trondheim, statsforvalter Frank Jenssen i Tr\u00f8ndelag og fylkesordf\u00f8rer Tomas Iver Hallem.<\/p>\n<p>Stenger luftrommet<\/p>\n<p>I forbindelse med arrangementet blir det satt inn flere sikkerhetstiltak. Tr\u00f8ndelag politidistrikt vil fly med drone over byen, og vil av den grunn stenge luftrommet over deler av Midtbyen s\u00f8ndag, <a rel=\"Follow nofollow noopener\" href=\"https:\/\/www.adressa.no\/nyheter\/trondheim\/i\/1MgVwe\/stenger-luftrommet-over-trondheim\" target=\"_blank\">if\u00f8lge Adresseavisen<\/a>.<\/p>\n<p>\u2013 Vi vil iverksette en del tiltak for \u00e5 ivareta sikkerheten til de som er der. Som en del av det, vil vi ha luftrommet ledig for bruk av politiets drone for \u00e5 unng\u00e5 konflikter i luftrommet, sier stabssjef Geir Arne Sj\u00f8hagen i politiet til avisen.<\/p>\n","protected":false},"excerpt":{"rendered":"Hans majestet Kong Harald deltar s\u00f8ndag under 100-\u00e5rsjubileet til synagogen i Trondheim. I forbindelse med Kongens deltakelse vil&hellip;\n","protected":false},"author":2,"featured_media":70573,"comment_status":"","ping_status":"","sticky":false,"template":"","format":"standard","meta":{"footnotes":""},"categories":[10],"tags":[36,20,21,24,25,15,2590,22,23,13,30,28,29,447,14,16,1510,26,27,596],"class_list":{"0":"post-70572","1":"post","2":"type-post","3":"status-publish","4":"format-standard","5":"has-post-thumbnail","7":"category-norge","8":"tag-art","9":"tag-breaking-news","10":"tag-breakingnews","11":"tag-featured-news","12":"tag-featurednews","13":"tag-headlines","14":"tag-kong-harald","15":"tag-latest-news","16":"tag-latestnews","17":"tag-news","18":"tag-no","19":"tag-norge","20":"tag-norway","21":"tag-nyhet","22":"tag-nyheter","23":"tag-overskrifter","24":"tag-story","25":"tag-top-stories","26":"tag-topstories","27":"tag-trondheim"},"share_on_mastodon":{"url":"https:\/\/pubeurope.com\/@no\/115441104697863914","error":""},"_links":{"self":[{"href":"https:\/\/www.europesays.com\/no\/wp-json\/wp\/v2\/posts\/70572","targetHints":{"allow":["GET"]}}],"collection":[{"href":"https:\/\/www.europesays.com\/no\/wp-json\/wp\/v2\/posts"}],"about":[{"href":"https:\/\/www.europesays.com\/no\/wp-json\/wp\/v2\/types\/post"}],"author":[{"embeddable":true,"href":"https:\/\/www.europesays.com\/no\/wp-json\/wp\/v2\/users\/2"}],"replies":[{"embeddable":true,"href":"https:\/\/www.europesays.com\/no\/wp-json\/wp\/v2\/comments?post=70572"}],"version-history":[{"count":0,"href":"https:\/\/www.europesays.com\/no\/wp-json\/wp\/v2\/posts\/70572\/revisions"}],"wp:featuredmedia":[{"embeddable":true,"href":"https:\/\/www.europesays.com\/no\/wp-json\/wp\/v2\/media\/70573"}],"wp:attachment":[{"href":"https:\/\/www.europesays.com\/no\/wp-json\/wp\/v2\/media?parent=70572"}],"wp:term":[{"taxonomy":"category","embeddable":true,"href":"https:\/\/www.europesays.com\/no\/wp-json\/wp\/v2\/categories?post=70572"},{"taxonomy":"post_tag","embeddable":true,"href":"https:\/\/www.europesays.com\/no\/wp-json\/wp\/v2\/tags?post=70572"}],"curies":[{"name":"wp","href":"https:\/\/api.w.org\/{rel}","templated":true}]}}